{"id":194185,"date":"2025-01-15T16:13:58","date_gmt":"2025-01-15T13:13:58","guid":{"rendered":"https:\/\/www.enerjigazetesi.ist\/?p=194185"},"modified":"2025-01-15T16:14:16","modified_gmt":"2025-01-15T13:14:16","slug":"kizilelmamiz-enerjide-bagimsizlik","status":"publish","type":"post","link":"https:\/\/www.enerjigazetesi.ist\/en\/kizilelmamiz-enerjide-bagimsizlik\/","title":{"rendered":"(Turkish) K\u0131z\u0131lelmam\u0131z Enerjide Ba\u011f\u0131ms\u0131zl\u0131k"},"content":{"rendered":"<p class=\"qtranxs-available-languages-message qtranxs-available-languages-message-en\">Sorry, this entry is only available in <a href=\"https:\/\/www.enerjigazetesi.ist\/tr\/wp-json\/wp\/v2\/posts\/194185\" class=\"qtranxs-available-language-link qtranxs-available-language-link-tr\" title=\"Turkish\">Turkish<\/a>. For the sake of viewer convenience, the content is shown below in the alternative language. You may click the link to switch the active language.<\/p><p><\/p>\n<h2>Enerji ve Tabii Kaynaklar Bakan\u0131 Alparslan Bayraktar, T\u00fcrkiye\u2019de kullan\u0131lan enerjinin \u00fc\u00e7te ikisinin ithal edildi\u011fini belirterek <em>\u201cT\u00fcrkiye Y\u00fczy\u0131l\u0131nda k\u0131z\u0131lelmam\u0131z, T\u00fcrkiye&#8217;yi enerjide ba\u011f\u0131ms\u0131z k\u0131lmakt\u0131r. Bu u\u011furda b\u00fcy\u00fck bir inan\u00e7la, azimle, kararl\u0131l\u0131kla \u00e7al\u0131\u015fmaya devam edece\u011fiz.\u201d<\/em> dedi.<\/h2>\n<p style=\"text-align: center;\"><img loading=\"lazy\" class=\"aligncenter wp-image-194187\" src=\"https:\/\/www.enerjigazetesi.ist\/wp-content\/uploads\/2025\/01\/kizilelmamiz-enerjide-bagimsizlik.jpg\" alt=\"\" width=\"500\" height=\"329\" srcset=\"https:\/\/www.enerjigazetesi.ist\/wp-content\/uploads\/2025\/01\/kizilelmamiz-enerjide-bagimsizlik.jpg 550w, https:\/\/www.enerjigazetesi.ist\/wp-content\/uploads\/2025\/01\/kizilelmamiz-enerjide-bagimsizlik-300x197.jpg 300w, https:\/\/www.enerjigazetesi.ist\/wp-content\/uploads\/2025\/01\/kizilelmamiz-enerjide-bagimsizlik-500x329.jpg 500w, https:\/\/www.enerjigazetesi.ist\/wp-content\/uploads\/2025\/01\/kizilelmamiz-enerjide-bagimsizlik-76x50.jpg 76w\" sizes=\"(max-width: 500px) 100vw, 500px\" \/><\/p>\n<h3><strong>Sivas Mesaisi<\/strong><\/h3>\n<p>Bakan Bayraktar, Sivas\u2019ta temaslarda bulundu. Hafik il\u00e7esine do\u011fal gaz arz\u0131 nedeniyle bu il\u00e7ede d\u00fczenlenen t\u00f6rene kat\u0131lan Bakan Bayraktar, daha sonra AK Parti Sivas \u0130l Kongresi\u2019nde vatanda\u015flara seslendi. Bakan Bayraktar, yapt\u0131\u011f\u0131 konu\u015fmalarda T\u00fcrkiye\u2019nin enerji vizyonuna ili\u015fkin de\u011ferlendirmelerde bulundu.<\/p>\n<h3><strong>Y\u00fczde 85\u2019e Do\u011fal Gaz<\/strong><\/h3>\n<p>2002 y\u0131l\u0131nda AK Parti iktidara geldi\u011finde Cumhurba\u015fkan\u0131 Recep Tayyip Erdo\u011fan\u2019\u0131n o d\u00f6nem 5 ilde olan do\u011fal gaz\u0131 T\u00fcrkiye\u2019nin her yerine g\u00f6t\u00fcrme hedefini ortaya koydu\u011funu hat\u0131rlatan Bakan Bayraktar, <em>\u201cO hedef do\u011frultusunda bug\u00fcn 81 ilde, 908 yerle\u015fim yerinde, 222 OSB\u2019de do\u011fal gaz var. N\u00fcfusumuzun y\u00fczde 85\u2019i bug\u00fcn do\u011fal gaza eri\u015febiliyor. Dolay\u0131s\u0131yla biz hayal bile edilemeyenleri ger\u00e7ekle\u015ftiren bir parti olarak bug\u00fcn de bu hizmeti Hafik&#8217;imize getirdik.\u201d<\/em> dedi.<\/p>\n<h3><strong>En B\u00fcy\u00fck Ke\u015fif<\/strong><\/h3>\n<p>Bayraktar, 2016 y\u0131l\u0131nda ilan edilen Milli Enerji ve Maden Politikas\u0131 ile do\u011fal gaz\u0131 Mavi Vatan\u2019da kendi imkanlar\u0131yla arama karar\u0131 verdiklerini belirterek 2020 A\u011fustos ay\u0131nda cumhuriyet tarihinin en b\u00fcy\u00fck do\u011fal gaz ke\u015ffini Sakarya Gaz Sahas\u0131\u2019nda ger\u00e7ekle\u015ftirdiklerini hat\u0131rlatt\u0131.<\/p>\n<h3><strong>\u00d6\u011fretilmi\u015f \u00c7aresizlik<\/strong><\/h3>\n<p>\u015eair Necip Faz\u0131l K\u0131sak\u00fcrek\u2019in \u201c\u00c7ok s\u00fcr\u00fcnd\u00fcn aya\u011fa kalk Sakarya\u201d dizelerine at\u0131fta bulunan Bayraktar, <em>\u201cBiz de y\u0131llarca \u2018Bizde petrol yok, do\u011fal gaz yok.\u2019 denen o bize \u00f6\u011fretilmi\u015f \u00e7aresizli\u011fi reddettik. Co\u011frafya kaderdir ama enerjide d\u0131\u015fa ba\u011f\u0131ml\u0131l\u0131k kader de\u011fildir diye kaderin \u00fcst\u00fcnde bir kader vard\u0131r anlay\u0131\u015f\u0131yla bu \u00e7al\u0131\u015fmalar\u0131 yapt\u0131k.\u201d<\/em> dedi.<\/p>\n<h3><strong>20 Milyon Hane<\/strong><\/h3>\n<p>Bayraktar, Sakarya Gaz Sahas\u0131\u2019nda Ankara&#8217;yla Bolu aras\u0131ndaki mesafe yani yakla\u015f\u0131k 170 kilometre kadar bir do\u011fal gaz otoyolu in\u015fa ederek gaz\u0131 karaya ula\u015ft\u0131rd\u0131klar\u0131n\u0131 anlatarak <em>\u201c\u015eu anda kendi \u00fcretti\u011fimiz do\u011fal gazla tam 3 milyon hanemize kendi do\u011fal gaz\u0131m\u0131z\u0131 verir hale geldik. 2028\u2019de T\u00fcrkiye&#8217;deki b\u00fct\u00fcn hanelerde 20 milyon hanede kendi do\u011fal gaz\u0131m\u0131z\u0131 kullan\u0131r hale gelece\u011fiz.\u201d<\/em> diye konu\u015ftu.<\/p>\n<h3><strong>Enerjide Ba\u011f\u0131ms\u0131zl\u0131k<\/strong><\/h3>\n<p>\u015e\u0131rnak Gabar\u2019da T\u00fcrkiye\u2019nin en kaliteli petrol\u00fcn\u00fc \u00fcrettiklerini, bug\u00fcn itibar\u0131yla 71 bin varillik bir \u00fcretime ula\u015ft\u0131klar\u0131n\u0131 kaydeden Bayraktar, <em>\u201cB\u00fct\u00fcn gayemiz \u00fclkemizi enerjide ba\u011f\u0131ms\u0131z k\u0131lmak, enerjide bu d\u0131\u015far\u0131 \u00f6dedi\u011fimiz d\u00f6vizi i\u00e7eride tutabilmek. Her sene milyarlarca dolar enerji faturas\u0131 \u00f6d\u00fcyoruz. Kendi kaynaklar\u0131m\u0131zla enerjimizi kar\u015f\u0131lamak istiyoruz.\u201d<\/em> diye konu\u015ftu.<\/p>\n<h3><strong>Faturalarda Devlet Deste\u011fi<\/strong><\/h3>\n<p>Pandemi sonras\u0131nda ya\u015fanan ekonomik s\u0131k\u0131nt\u0131lardan dolay\u0131 t\u00fcm vatanda\u015flara enerji destekleri verdiklerini an\u0131msatan Bayraktar, <em>\u201c\u00d6dedi\u011finiz do\u011fal gaz faturalar\u0131n\u0131n y\u00fczde 65\u2019ini devlet olarak biz kar\u015f\u0131l\u0131yoruz. Elektrikte biliyorsunuz y\u00fczde 60\u2019a kadar devlet deste\u011fi var. Elektrikte dar gelirli vatanda\u015flar\u0131m\u0131za 150 kilovat saate kadar elektrik deste\u011fi veriyoruz. Bu desteklerimize 2025 y\u0131l\u0131nda da devam edece\u011fiz.\u201d<\/em> dedi.<\/p>\n<h3><strong>\u0130ki \u0130l\u00e7eye Do\u011fal Gaz M\u00fcjdesi<\/strong><\/h3>\n<p>Bayraktar, Sivas\u2019\u0131n Do\u011fan\u015far ve G\u00f6lova il\u00e7elerine Ramazan Bayram\u0131\u2019da do\u011fal gaz getireceklerinin m\u00fcjdesini vererek AK Parti\u2019nin T\u00fcrkiye\u2019nin enerjisini \u00fc\u00e7 kat b\u00fcy\u00fctt\u00fc\u011f\u00fcn\u00fc s\u00f6yledi. Enerji talebindeki art\u0131\u015fla ba\u011flant\u0131l\u0131 olarak kullan\u0131lan enerjinin \u00fc\u00e7te ikisinin ithal edildi\u011fini vurgulayan Bayraktar, <em>\u201cT\u00fcrkiye Y\u00fczy\u0131l\u0131nda bizim en b\u00fcy\u00fck hedefimiz, bizim k\u0131z\u0131lelmam\u0131z, T\u00fcrkiye&#8217;yi enerjide ba\u011f\u0131ms\u0131z k\u0131lma hedefidir. Bu u\u011furda b\u00fcy\u00fck bir inan\u00e7la, azimle, kararl\u0131l\u0131kla \u00e7al\u0131\u015fmaya devam edece\u011fiz.\u201d<\/em> dedi.<\/p>\n<h3><strong>Bu Y\u0131l N\u00fckleerden \u0130lk Elektrik<\/strong><\/h3>\n<p>Mersin\u2019de bulunan Akkuyu N\u00fckleer G\u00fc\u00e7 Santrali\u2019nde yo\u011fun \u00e7al\u0131\u015fman\u0131n devam etti\u011fini aktaran Bayraktar, <em>\u201cHedefimiz 2025\u2019te T\u00fcrkiye&#8217;nin ilk n\u00fckleer santralinden elektri\u011fin \u00fcretilmesi.\u201d<\/em> diye konu\u015ftu. Bayraktar, T\u00fcrkiye\u2019de evlerde kullan\u0131lan elektri\u011fin tamam\u0131n\u0131n g\u00fcne\u015f ve r\u00fczg\u00e2rdan \u00fcretir hale geldiklerini belirterek bu alanda yeni yat\u0131r\u0131mlara devam edeceklerini bildirdi.<\/p>\n<p>Kaynak: <a href=\"https:\/\/enerji.gov.tr\/haber-detay?id=21435\" target=\"_blank\" rel=\"noopener\">ETKB<\/a><\/p>","protected":false},"excerpt":{"rendered":"<p>Sorry, this entry is only available in Turkish. For the sake of viewer convenience, the content is shown below in the alternative language. You may click the link to switch the active language. Enerji ve Tabii Kaynaklar Bakan\u0131 Alparslan Bayraktar, T\u00fcrkiye\u2019de kullan\u0131lan enerjinin \u00fc\u00e7te ikisinin ithal edildi\u011fini belirterek \u201cT\u00fcrkiye Y\u00fczy\u0131l\u0131nda k\u0131z\u0131lelmam\u0131z, T\u00fcrkiye&#8217;yi enerjide ba\u011f\u0131ms\u0131z k\u0131lmakt\u0131r. [&hellip;]<\/p>\n","protected":false},"author":1,"featured_media":194187,"comment_status":"open","ping_status":"open","sticky":false,"template":"","format":"standard","meta":[],"categories":[46,53],"tags":[28681,418,2677,4713,78789],"views":16,"_links":{"self":[{"href":"https:\/\/www.enerjigazetesi.ist\/en\/wp-json\/wp\/v2\/posts\/194185"}],"collection":[{"href":"https:\/\/www.enerjigazetesi.ist\/en\/wp-json\/wp\/v2\/posts"}],"about":[{"href":"https:\/\/www.enerjigazetesi.ist\/en\/wp-json\/wp\/v2\/types\/post"}],"author":[{"embeddable":true,"href":"https:\/\/www.enerjigazetesi.ist\/en\/wp-json\/wp\/v2\/users\/1"}],"replies":[{"embeddable":true,"href":"https:\/\/www.enerjigazetesi.ist\/en\/wp-json\/wp\/v2\/comments?post=194185"}],"version-history":[{"count":0,"href":"https:\/\/www.enerjigazetesi.ist\/en\/wp-json\/wp\/v2\/posts\/194185\/revisions"}],"wp:featuredmedia":[{"embeddable":true,"href":"https:\/\/www.enerjigazetesi.ist\/en\/wp-json\/wp\/v2\/media\/194187"}],"wp:attachment":[{"href":"https:\/\/www.enerjigazetesi.ist\/en\/wp-json\/wp\/v2\/media?parent=194185"}],"wp:term":[{"taxonomy":"category","embeddable":true,"href":"https:\/\/www.enerjigazetesi.ist\/en\/wp-json\/wp\/v2\/categories?post=194185"},{"taxonomy":"post_tag","embeddable":true,"href":"https:\/\/www.enerjigazetesi.ist\/en\/wp-json\/wp\/v2\/tags?post=194185"}],"curies":[{"name":"wp","href":"https:\/\/api.w.org\/{rel}","templated":true}]}}