{"id":194175,"date":"2025-01-15T15:29:09","date_gmt":"2025-01-15T12:29:09","guid":{"rendered":"https:\/\/www.enerjigazetesi.ist\/?p=194175"},"modified":"2025-01-15T15:29:09","modified_gmt":"2025-01-15T12:29:09","slug":"ticaretin-kadinlari-platformu-adanada-kadin-girisimcilerle-bulustu","status":"publish","type":"post","link":"https:\/\/www.enerjigazetesi.ist\/en\/ticaretin-kadinlari-platformu-adanada-kadin-girisimcilerle-bulustu\/","title":{"rendered":"(Turkish) Ticaretin Kad\u0131nlar\u0131 Platformu Adana\u2019da Kad\u0131n Giri\u015fimcilerle Bulu\u015ftu"},"content":{"rendered":"<p class=\"qtranxs-available-languages-message qtranxs-available-languages-message-en\">Sorry, this entry is only available in <a href=\"https:\/\/www.enerjigazetesi.ist\/tr\/wp-json\/wp\/v2\/posts\/194175\" class=\"qtranxs-available-language-link qtranxs-available-language-link-tr\" title=\"Turkish\">Turkish<\/a>. For the sake of viewer convenience, the content is shown below in the alternative language. You may click the link to switch the active language.<\/p><p><\/p>\n<h2>Kad\u0131n giri\u015fimcilerin ekonomik hayatta daha fazla yer almas\u0131n\u0131 sa\u011flamak amac\u0131yla 2022 y\u0131l\u0131nda T\u00fcrkiye Kad\u0131n Giri\u015fimciler Derne\u011fi (KAG\u0130DER) ve Garanti BBVA i\u015f birli\u011fiyle hayata ge\u00e7irilen Ticaretin Kad\u0131nlar\u0131 Platformu, 2025 y\u0131l\u0131 boyunca d\u00f6rt farkl\u0131 \u015fehirde bulu\u015fma ger\u00e7ekle\u015ftirecek. Kad\u0131n giri\u015fimcilerin i\u015flerini b\u00fcy\u00fctmeleri, yeni pazarlara a\u00e7\u0131lmalar\u0131 ve ticaret hayat\u0131nda daha fazla yer edinmeleri amac\u0131yla d\u00fczenlenen Ticaretin Kad\u0131nlar\u0131 Bulu\u015fmas\u0131\u2019n\u0131n ilk etkinli\u011fi, Adana\u2019da kat\u0131l\u0131mc\u0131lara ilham verici f\u0131rsatlar sundu.<\/h2>\n<p style=\"text-align: center;\"><img loading=\"lazy\" class=\"aligncenter wp-image-194178\" src=\"https:\/\/www.enerjigazetesi.ist\/wp-content\/uploads\/2025\/01\/ticaretin-kadinlari-platformu-adanada-kadin-girisimcilerle-bulustu-1.jpg\" alt=\"\" width=\"500\" height=\"309\" srcset=\"https:\/\/www.enerjigazetesi.ist\/wp-content\/uploads\/2025\/01\/ticaretin-kadinlari-platformu-adanada-kadin-girisimcilerle-bulustu-1.jpg 550w, https:\/\/www.enerjigazetesi.ist\/wp-content\/uploads\/2025\/01\/ticaretin-kadinlari-platformu-adanada-kadin-girisimcilerle-bulustu-1-300x185.jpg 300w, https:\/\/www.enerjigazetesi.ist\/wp-content\/uploads\/2025\/01\/ticaretin-kadinlari-platformu-adanada-kadin-girisimcilerle-bulustu-1-500x309.jpg 500w, https:\/\/www.enerjigazetesi.ist\/wp-content\/uploads\/2025\/01\/ticaretin-kadinlari-platformu-adanada-kadin-girisimcilerle-bulustu-1-80x50.jpg 80w\" sizes=\"(max-width: 500px) 100vw, 500px\" \/><\/p>\n<p>14 Ocak 2025 Sal\u0131 g\u00fcn\u00fc Adana Ticaret Odas\u0131 ev sahipli\u011finde d\u00fczenlenen bulu\u015fma, Adana Valisi, Adana \u0130\u015f Kad\u0131nlar\u0131 Derne\u011fi Ba\u015fkan\u0131, TOBB Adana Kad\u0131n Giri\u015fimciler Kurulu (KGK) Ba\u015fkan\u0131 ve bir\u00e7ok \u00f6nemli ismin kat\u0131l\u0131m\u0131yla ger\u00e7ekle\u015fti. Bulu\u015fma, kad\u0131n giri\u015fimcilerin ticaret hayat\u0131ndaki rol\u00fcn\u00fc daha da g\u00fc\u00e7lendirmek ve onlar\u0131 gelece\u011fe y\u00f6nelik yeni f\u0131rsatlar i\u00e7in haz\u0131rlamak ad\u0131na b\u00fcy\u00fck bir ad\u0131m oldu.<\/p>\n<h3><strong>Esra Bezircio\u011flu: \u201cAdana, Kad\u0131n Giri\u015fimciler \u0130\u00e7in B\u00fcy\u00fck Bir Potansiyel Ta\u015f\u0131yor\u201d<\/strong><\/h3>\n<p><strong>KAG\u0130DER Ba\u015fkan\u0131 Esra Bezircio\u011flu,<\/strong> Ticaretin Kad\u0131nlar\u0131 Platformu\u2019nun amac\u0131n\u0131 \u015fu \u015fekilde a\u00e7\u0131klad\u0131: <em>&#8220;Garanti BBVA ile 2022 y\u0131l\u0131nda hayata ge\u00e7irdi\u011fimiz Ticaretin Kad\u0131nlar\u0131 Platformu, kad\u0131n giri\u015fimcilerimize daha fazla f\u0131rsat sunmay\u0131, onlar\u0131n ticaret hayat\u0131nda daha fazla yer almas\u0131n\u0131 sa\u011flamay\u0131 ve s\u00fcrd\u00fcr\u00fclebilir bir gelece\u011fe ad\u0131m atmalar\u0131na yard\u0131mc\u0131 olmay\u0131 ama\u00e7l\u0131yor. Bug\u00fcn, T\u00fcrkiye\u2019nin en dinamik \u015fehirlerinden biri olan Adana&#8217;da, bu platformun g\u00fcc\u00fcn\u00fc daha da b\u00fcy\u00fcterek, kad\u0131n giri\u015fimcilerimizle bir araya gelmekten b\u00fcy\u00fck bir mutluluk duyuyoruz. Adana, bereketli topraklar\u0131, g\u00fc\u00e7l\u00fc sanayi altyap\u0131s\u0131 ve giri\u015fimcilik ruhuyla sadece Akdeniz B\u00f6lgesi&#8217;nde de\u011fil, t\u00fcm T\u00fcrkiye&#8217;de ekonomik b\u00fcy\u00fcmenin \u00f6nemli motorlar\u0131ndan biri. Tar\u0131m, sanayi, lojistik ve turizm gibi bir\u00e7ok alanda b\u00fcy\u00fck f\u0131rsatlar bar\u0131nd\u0131ran Adana, kad\u0131n giri\u015fimcilerimiz i\u00e7in de e\u015fsiz bir potansiyel sunuyor. Bu nedenle, Ticaretin Kad\u0131nlar\u0131 Bulu\u015fmalar\u0131&#8217;n\u0131n ilk ad\u0131m\u0131n\u0131 burada atmaktan gurur duyuyoruz. Kad\u0131n giri\u015fimcilerin i\u015flerini b\u00fcy\u00fctmeleri, yeni pazarlara a\u00e7\u0131lmalar\u0131 ve ticari a\u011flar\u0131n\u0131 geni\u015fletmeleri i\u00e7in sundu\u011fumuz bu bulu\u015fmalar, ayn\u0131 zamanda onlar\u0131n birbirleriyle bilgi ve deneyim payla\u015fabilecekleri bir platform olu\u015fturuyor. KAG\u0130DER olarak, kad\u0131nlar\u0131n finansal okuryazarl\u0131\u011f\u0131n\u0131 art\u0131rmak, kamu ihalelerine eri\u015fimlerini kolayla\u015ft\u0131rmak ve ekonomik hayat\u0131n her alan\u0131nda daha g\u00fc\u00e7l\u00fc bir \u015fekilde yer almalar\u0131n\u0131 sa\u011flamak i\u00e7in durmaks\u0131z\u0131n \u00e7al\u0131\u015fmaya devam edece\u011fiz. Bu yolculukta Garanti BBVA&#8217;n\u0131n deste\u011fi bizim i\u00e7in son derece de\u011ferli; cesaretlendirmeden e\u011fitimlere, yeni pazar f\u0131rsatlar\u0131na kadar sa\u011flad\u0131klar\u0131 katk\u0131lar i\u00e7in kendilerine g\u00f6n\u00fclden te\u015fekk\u00fcr ediyorum.&#8221;<\/em><\/p>","protected":false},"excerpt":{"rendered":"<p>Sorry, this entry is only available in Turkish. For the sake of viewer convenience, the content is shown below in the alternative language. You may click the link to switch the active language. Kad\u0131n giri\u015fimcilerin ekonomik hayatta daha fazla yer almas\u0131n\u0131 sa\u011flamak amac\u0131yla 2022 y\u0131l\u0131nda T\u00fcrkiye Kad\u0131n Giri\u015fimciler Derne\u011fi (KAG\u0130DER) ve Garanti BBVA i\u015f birli\u011fiyle [&hellip;]<\/p>\n","protected":false},"author":1,"featured_media":194177,"comment_status":"open","ping_status":"open","sticky":false,"template":"","format":"standard","meta":[],"categories":[53],"tags":[3272,52480,63728,115770,115769,59258],"views":21,"_links":{"self":[{"href":"https:\/\/www.enerjigazetesi.ist\/en\/wp-json\/wp\/v2\/posts\/194175"}],"collection":[{"href":"https:\/\/www.enerjigazetesi.ist\/en\/wp-json\/wp\/v2\/posts"}],"about":[{"href":"https:\/\/www.enerjigazetesi.ist\/en\/wp-json\/wp\/v2\/types\/post"}],"author":[{"embeddable":true,"href":"https:\/\/www.enerjigazetesi.ist\/en\/wp-json\/wp\/v2\/users\/1"}],"replies":[{"embeddable":true,"href":"https:\/\/www.enerjigazetesi.ist\/en\/wp-json\/wp\/v2\/comments?post=194175"}],"version-history":[{"count":0,"href":"https:\/\/www.enerjigazetesi.ist\/en\/wp-json\/wp\/v2\/posts\/194175\/revisions"}],"wp:featuredmedia":[{"embeddable":true,"href":"https:\/\/www.enerjigazetesi.ist\/en\/wp-json\/wp\/v2\/media\/194177"}],"wp:attachment":[{"href":"https:\/\/www.enerjigazetesi.ist\/en\/wp-json\/wp\/v2\/media?parent=194175"}],"wp:term":[{"taxonomy":"category","embeddable":true,"href":"https:\/\/www.enerjigazetesi.ist\/en\/wp-json\/wp\/v2\/categories?post=194175"},{"taxonomy":"post_tag","embeddable":true,"href":"https:\/\/www.enerjigazetesi.ist\/en\/wp-json\/wp\/v2\/tags?post=194175"}],"curies":[{"name":"wp","href":"https:\/\/api.w.org\/{rel}","templated":true}]}}