{"id":194118,"date":"2025-01-14T13:29:00","date_gmt":"2025-01-14T10:29:00","guid":{"rendered":"https:\/\/www.enerjigazetesi.ist\/?p=194118"},"modified":"2025-01-14T13:29:00","modified_gmt":"2025-01-14T10:29:00","slug":"maxxen-enerji-depolama-fabrikasi-2025te-uretime-basliyor","status":"publish","type":"post","link":"https:\/\/www.enerjigazetesi.ist\/en\/maxxen-enerji-depolama-fabrikasi-2025te-uretime-basliyor\/","title":{"rendered":"(Turkish) Maxxen Enerji Depolama Fabrikas\u0131 2025\u2019te \u00dcretime Ba\u015fl\u0131yor"},"content":{"rendered":"<p class=\"qtranxs-available-languages-message qtranxs-available-languages-message-en\">Sorry, this entry is only available in <a href=\"https:\/\/www.enerjigazetesi.ist\/tr\/wp-json\/wp\/v2\/posts\/194118\" class=\"qtranxs-available-language-link qtranxs-available-language-link-tr\" title=\"Turkish\">Turkish<\/a>. For the sake of viewer convenience, the content is shown below in the alternative language. You may click the link to switch the active language.<\/p><p><\/p>\n<h2><strong>Kontek Enerji, 30 y\u0131ll\u0131k sekt\u00f6r deneyimi ve inovasyon odakl\u0131 yakla\u015f\u0131m\u0131yla global pazardaki g\u00fcc\u00fcn\u00fc art\u0131rmaya devam ediyor. 2025 y\u0131l\u0131n\u0131n ikinci \u00e7eyre\u011finde \u00fcretime ba\u015flayacak Maxxen Enerji Depolama sistemleri fabrikas\u0131yla, \u00fcretimin %70\u2019ini ihracata y\u00f6nlendirmeyi planlayan \u015firket; \u00f6n\u00fcm\u00fczdeki 5 y\u0131l i\u00e7inde y\u0131ll\u0131k 10.000 MWh \u00fczerinde \u00fcretim kapasitesine ula\u015farak 1 milyar dolar ciroya ula\u015fmay\u0131 hedefliyor.<\/strong><\/h2>\n<p style=\"text-align: center;\"><img loading=\"lazy\" class=\"aligncenter wp-image-194120\" src=\"https:\/\/www.enerjigazetesi.ist\/wp-content\/uploads\/2025\/01\/maxxen-enerji-depolama-fabrikasi-2025te-uretime-basliyor.jpg\" alt=\"\" width=\"500\" height=\"319\" srcset=\"https:\/\/www.enerjigazetesi.ist\/wp-content\/uploads\/2025\/01\/maxxen-enerji-depolama-fabrikasi-2025te-uretime-basliyor.jpg 550w, https:\/\/www.enerjigazetesi.ist\/wp-content\/uploads\/2025\/01\/maxxen-enerji-depolama-fabrikasi-2025te-uretime-basliyor-300x191.jpg 300w, https:\/\/www.enerjigazetesi.ist\/wp-content\/uploads\/2025\/01\/maxxen-enerji-depolama-fabrikasi-2025te-uretime-basliyor-500x319.jpg 500w, https:\/\/www.enerjigazetesi.ist\/wp-content\/uploads\/2025\/01\/maxxen-enerji-depolama-fabrikasi-2025te-uretime-basliyor-78x50.jpg 78w\" sizes=\"(max-width: 500px) 100vw, 500px\" \/><\/p>\n<p>Enerji sekt\u00f6r\u00fcnde s\u00fcrd\u00fcr\u00fclebilir ve yenilik\u00e7i \u00e7\u00f6z\u00fcmlerle fark yaratan Kontek Enerji, 30 y\u0131ll\u0131k deneyimiyle globalle\u015fme yolunda kararl\u0131 ad\u0131mlar at\u0131yor. \u015eirket, yeni yat\u0131r\u0131m\u0131 Maxxen Enerji Depolama sistemleri fabrikas\u0131 ile enerji depolama teknolojilerinde yeni bir standart olu\u015fturmay\u0131 ve sekt\u00f6re katma de\u011fer sa\u011flamay\u0131 hedefliyor. S\u0131f\u0131r karbon hedefi do\u011frultusunda emin ad\u0131mlarla ilerleyen Kontek, dijitalle\u015fme ve inovasyona dayal\u0131 \u00e7\u00f6z\u00fcmleriyle uluslararas\u0131 pazarlarda etkin bir oyuncu olmay\u0131 ama\u00e7l\u0131yor.<\/p>\n<div id=\"attachment_194121\" style=\"width: 510px\" class=\"wp-caption aligncenter\"><img aria-describedby=\"caption-attachment-194121\" loading=\"lazy\" class=\"wp-image-194121\" src=\"https:\/\/www.enerjigazetesi.ist\/wp-content\/uploads\/2025\/01\/maxxen-enerji-depolama-fabrikasi-2025te-uretime-basliyor-1.jpg\" alt=\"\" width=\"500\" height=\"426\" srcset=\"https:\/\/www.enerjigazetesi.ist\/wp-content\/uploads\/2025\/01\/maxxen-enerji-depolama-fabrikasi-2025te-uretime-basliyor-1.jpg 550w, https:\/\/www.enerjigazetesi.ist\/wp-content\/uploads\/2025\/01\/maxxen-enerji-depolama-fabrikasi-2025te-uretime-basliyor-1-300x256.jpg 300w, https:\/\/www.enerjigazetesi.ist\/wp-content\/uploads\/2025\/01\/maxxen-enerji-depolama-fabrikasi-2025te-uretime-basliyor-1-469x400.jpg 469w, https:\/\/www.enerjigazetesi.ist\/wp-content\/uploads\/2025\/01\/maxxen-enerji-depolama-fabrikasi-2025te-uretime-basliyor-1-59x50.jpg 59w, https:\/\/www.enerjigazetesi.ist\/wp-content\/uploads\/2025\/01\/maxxen-enerji-depolama-fabrikasi-2025te-uretime-basliyor-1-500x426.jpg 500w\" sizes=\"(max-width: 500px) 100vw, 500px\" \/><p id=\"caption-attachment-194121\" class=\"wp-caption-text\">Kontek Grup CEO\u2019su ve Y\u00f6netim Kurulu Ba\u015fkan\u0131 Tolga Murat \u00d6zdemir<\/p><\/div>\n<p>30. y\u0131l\u0131 geride b\u0131rakman\u0131n gururunu ya\u015fad\u0131klar\u0131n\u0131 dile getiren <strong>Kontek Grup CEO\u2019su ve Y\u00f6netim Kurulu Ba\u015fkan\u0131 Tolga Murat \u00d6zdemir,<\/strong> <em>\u201cKontek Enerji olarak, tam 30 y\u0131ld\u0131r sekt\u00f6re yenilik\u00e7i \u00e7\u00f6z\u00fcmler sunarak, enerji verimlili\u011fi, otomasyon, solar EPC \/yat\u0131r\u0131mc\u0131l\u0131k ve i\u015fletme bak\u0131m\u0131 gibi alanlarda \u00f6nc\u00fc olmay\u0131 ba\u015fard\u0131k. 2024 y\u0131l\u0131, globalle\u015fme hedeflerimize y\u00f6nelik stratejik ad\u0131mlar att\u0131\u011f\u0131m\u0131z, kurumsal yap\u0131m\u0131z\u0131 g\u00fc\u00e7lendirdi\u011fimiz ve s\u00fcrd\u00fcr\u00fclebilirlik odakl\u0131 projelerle b\u00fcy\u00fcmemizi h\u0131zland\u0131rd\u0131\u011f\u0131m\u0131z bir d\u00f6nem oldu. May\u0131s ay\u0131nda faaliyete ge\u00e7ecek Maxxen Enerji Depolama Sistemleri \u00fcretim fabrikam\u0131zla, enerji depolama alan\u0131nda \u00f6nc\u00fc konumumuzu korurken, Ar-Ge yat\u0131r\u0131mlar\u0131m\u0131zla da sekt\u00f6re de\u011fer katmay\u0131 hedefliyoruz\u201d<\/em> dedi.<\/p>\n<h3><strong>\u201cHedefimiz 5 Y\u0131lda 1 Milyar Dolar Ciroya Ula\u015fmak\u201d<\/strong><\/h3>\n<p>Tolga Murat <em>\u00d6zdemir, 2025 May\u0131s ay\u0131nda Maxxen Enerji Depolama Sistemleri fabrikas\u0131nda deneme \u00fcretimlerine ba\u015flayacaklar\u0131n\u0131 ve hedeflerinin \u00fcrettikleri \u00fcr\u00fcnlerin %70\u2019ini ihra\u00e7 etmek oldu\u011funu vurgulad\u0131. Hedeflerinin Maxxen i\u00e7in 5 y\u0131lda 1 milyar dolar ciro ve 10.000 MWh plus \u00fcretim kapasitesine ula\u015fmak oldu\u011funu belirten \u00d6zdemir, \u201cAna pazar\u0131m\u0131z Avrupa depolama sekt\u00f6r\u00fc olacak, ancak yak\u0131n co\u011frafyalar ve Latin Amerika \u00fclkelerinde de faaliyet g\u00f6sterece\u011fiz\u201d <\/em>ifadelerini kulland\u0131.<\/p>\n<h3><strong>\u201cLEED Sertifikas\u0131 ile S\u00fcrd\u00fcr\u00fclebilir \u00dcretim Hedefliyoruz\u201d<\/strong><\/h3>\n<p>Kontek Enerji; 2025 y\u0131l\u0131nda, ESG Komitesi (Environmental, Social, Governance) \u00f6nc\u00fcl\u00fc\u011f\u00fcnde sekt\u00f6r\u00fcn geli\u015fimine katk\u0131 sa\u011flayacak ad\u0131mlar atacak. Ayd\u0131n Ortaklar bulunan fabrikan\u0131n s\u00fcrd\u00fcr\u00fclebilirlik hedefleri do\u011frultusunda tasarland\u0131\u011f\u0131n\u0131 dile getiren <strong>\u00d6zdemir,<\/strong> <em>\u201cFabrikam\u0131z, \u00e7evresel standartlar\u0131n en \u00fcst seviyesini temsil eden LEED sertifikas\u0131na sahip bir tesis olacak. \u00dcretim s\u00fcrecinde bataryalar\u0131n \u015farj ve de\u015farj\u0131nda kullan\u0131lan enerjiyi temiz enerji kaynaklar\u0131ndan kar\u015f\u0131layarak karbon sal\u0131n\u0131m\u0131n\u0131 en aza indirmeyi hedefliyoruz. Haziran ay\u0131nda ise LEED sertifikam\u0131z\u0131 almay\u0131 planl\u0131yoruz\u201d<\/em> dedi.<\/p>\n<h3><strong>\u201cEnerji Depolama Sistemlerinin Ula\u015fmad\u0131\u011f\u0131 Alan Kalmayacak\u201d<\/strong><\/h3>\n<p>Enerji depolama \u00fcr\u00fcn yelpazesini geni\u015fletme hedeflerine de dikkat \u00e7eken <strong>\u00d6zdemir,<\/strong> \u00fcretim portf\u00f6ylerinin yaln\u0131zca \u015febeke \u00f6l\u00e7ekli ve kabin tipi end\u00fcstriyel batarya sistemleriyle s\u0131n\u0131rl\u0131 olmad\u0131\u011f\u0131n\u0131 belirterek, <em>\u201cFabrikam\u0131zda, elektrikli ara\u00e7lar\u0131n \u015farj sistemlerine entegre depolama \u00e7\u00f6z\u00fcmlerini de geli\u015ftirece\u011fiz\u201d dedi. <\/em><strong>\u00d6zdemir,<\/strong> marin sekt\u00f6r\u00fc i\u00e7in de enerji depolama sistemleri geli\u015ftireceklerine dikkat \u00e7ekerek, <em>\u201cElektrikli motorlara ge\u00e7i\u015f yapan tekneler, enerji depolama ihtiyac\u0131n\u0131 do\u011furacak. Bu ihtiya\u00e7lara h\u0131zl\u0131 ve esnek bir \u015fekilde adapte \u00e7\u00f6z\u00fcmler sunma kapasitesine sahibiz. Ayr\u0131ca, \u00fcr\u00fcnlerimizi dijital platformlarla destekleyece\u011fiz. Depolama alan\u0131ndaki u\u00e7tan uca \u00e7\u00f6z\u00fcmlerimiz, \u00fcretici kimli\u011fimizle birle\u015ferek y\u00fcksek katma de\u011fer yarat\u0131yor\u201d<\/em> \u015feklinde konu\u015ftu.<\/p>\n<h3><strong>\u201cEnerji Depolama Sistemlerinin Sat\u0131\u015f Hacmi \u00c7ok H\u0131zl\u0131 B\u00fcy\u00fcyor\u201d<\/strong><\/h3>\n<p>Enerji depolaman\u0131n g\u00fcn\u00fcm\u00fczde hemen her sekt\u00f6r i\u00e7in \u00f6nemli oldu\u011funun, gelecekte de her alanda yerini alaca\u011f\u0131n\u0131n alt\u0131n\u0131 \u00e7izen <strong>\u00d6zdemir,<\/strong><em> \u201cElektrikli ara\u00e7 sat\u0131\u015flar\u0131 her y\u0131l art\u0131\u015f g\u00f6sterirken, enerji depolama sistemlerinin sat\u0131\u015f hacmi \u00e7ok daha h\u0131zl\u0131 b\u00fcy\u00fcyor. Bu teknolojiler, \u015febekeye olan ba\u011f\u0131ml\u0131l\u0131\u011f\u0131 da ortadan kald\u0131r\u0131yor. \u00d6rne\u011fin, organize sanayi b\u00f6lgelerinde art\u0131k sanayicilere trafolardan kapasite sa\u011flanam\u0131yor. Bu noktada devreye enerji depolama sistemleri girerek \u00e7\u00f6z\u00fcm sunuyor. Ayr\u0131ca COP 28\u2019de yenilenebilir enerji kaynaklar\u0131n\u0131n 2030 y\u0131l\u0131na kadar \u00fc\u00e7 kat\u0131na \u00e7\u0131kar\u0131lmas\u0131 taahh\u00fcd\u00fc verildi. COP 29\u2019da da benzer taahh\u00fctler yinelendi. Bu ba\u011flamda T\u00fcrkiye olarak, \u0130klim De\u011fi\u015fikli\u011fi Kanunu\u2019nu bir an \u00f6nce hayata ge\u00e7irmeliyiz. Bu hedeflere ula\u015fmak i\u00e7in enerji depolama teknolojileri kritik bir rol oynad\u0131\u011f\u0131n\u0131 da unutmamal\u0131y\u0131z\u201d<\/em> ifadelerini kulland\u0131.<\/p>\n<h3><strong>\u201c30. Y\u0131l\u0131m\u0131z\u0131 Kutlaman\u0131n Gururunu Ya\u015f\u0131yoruz!\u201d <\/strong><\/h3>\n<p>2025 y\u0131l\u0131n\u0131n \u015firketin hedef ve stratejileri a\u00e7\u0131s\u0131ndan \u00f6nemine de\u011finen <strong>\u00d6zdemir<\/strong>,<em> \u201cKontek Enerji olarak, sekt\u00f6re y\u00f6n veren yenilik\u00e7i \u00e7\u00f6z\u00fcmlerimizle enerji d\u00f6n\u00fc\u015f\u00fcm\u00fcn\u00fc h\u0131zland\u0131r\u0131yor ve gelece\u011fin s\u00fcrd\u00fcr\u00fclebilir d\u00fcnyas\u0131n\u0131 in\u015fa etme hedefiyle kararl\u0131l\u0131kla ilerliyoruz. Her ge\u00e7en g\u00fcn b\u00fcy\u00fcyen ve g\u00fc\u00e7lenen ekibimizle enerji sekt\u00f6r\u00fcnde fark yaratmaya devam ediyor, daha iyi bir yar\u0131n i\u00e7in \u00e7al\u0131\u015f\u0131yoruz. Bu y\u0131l, 30. y\u0131l\u0131m\u0131z\u0131 kutlaman\u0131n gururunu ya\u015f\u0131yoruz! Otuz y\u0131ll\u0131k tecr\u00fcbemiz, inovasyon odakl\u0131 yakla\u015f\u0131m\u0131m\u0131z ve s\u00fcrd\u00fcr\u00fclebilirlik vizyonumuzla global arenada daha b\u00fcy\u00fck hedeflere do\u011fru ilerliyoruz. Ge\u00e7mi\u015ften ald\u0131\u011f\u0131m\u0131z g\u00fc\u00e7 ve birikimle, yar\u0131n\u0131n daha s\u00fcrd\u00fcr\u00fclebilir d\u00fcnyas\u0131n\u0131 birlikte in\u015fa ediyoruz. \u00c7\u00fcnk\u00fc biliyoruz ki enerjinin \u00f6tesine ge\u00e7mek, birlikte m\u00fcmk\u00fcn!\u201d<\/em> dedi.<\/p>","protected":false},"excerpt":{"rendered":"<p>Sorry, this entry is only available in Turkish. For the sake of viewer convenience, the content is shown below in the alternative language. You may click the link to switch the active language. Kontek Enerji, 30 y\u0131ll\u0131k sekt\u00f6r deneyimi ve inovasyon odakl\u0131 yakla\u015f\u0131m\u0131yla global pazardaki g\u00fcc\u00fcn\u00fc art\u0131rmaya devam ediyor. 2025 y\u0131l\u0131n\u0131n ikinci \u00e7eyre\u011finde \u00fcretime ba\u015flayacak [&hellip;]<\/p>\n","protected":false},"author":1,"featured_media":194120,"comment_status":"open","ping_status":"open","sticky":false,"template":"","format":"standard","meta":[],"categories":[51,53],"tags":[2258,2625,71540,684,115753],"views":56,"_links":{"self":[{"href":"https:\/\/www.enerjigazetesi.ist\/en\/wp-json\/wp\/v2\/posts\/194118"}],"collection":[{"href":"https:\/\/www.enerjigazetesi.ist\/en\/wp-json\/wp\/v2\/posts"}],"about":[{"href":"https:\/\/www.enerjigazetesi.ist\/en\/wp-json\/wp\/v2\/types\/post"}],"author":[{"embeddable":true,"href":"https:\/\/www.enerjigazetesi.ist\/en\/wp-json\/wp\/v2\/users\/1"}],"replies":[{"embeddable":true,"href":"https:\/\/www.enerjigazetesi.ist\/en\/wp-json\/wp\/v2\/comments?post=194118"}],"version-history":[{"count":0,"href":"https:\/\/www.enerjigazetesi.ist\/en\/wp-json\/wp\/v2\/posts\/194118\/revisions"}],"wp:featuredmedia":[{"embeddable":true,"href":"https:\/\/www.enerjigazetesi.ist\/en\/wp-json\/wp\/v2\/media\/194120"}],"wp:attachment":[{"href":"https:\/\/www.enerjigazetesi.ist\/en\/wp-json\/wp\/v2\/media?parent=194118"}],"wp:term":[{"taxonomy":"category","embeddable":true,"href":"https:\/\/www.enerjigazetesi.ist\/en\/wp-json\/wp\/v2\/categories?post=194118"},{"taxonomy":"post_tag","embeddable":true,"href":"https:\/\/www.enerjigazetesi.ist\/en\/wp-json\/wp\/v2\/tags?post=194118"}],"curies":[{"name":"wp","href":"https:\/\/api.w.org\/{rel}","templated":true}]}}