{"id":194102,"date":"2025-01-14T11:56:20","date_gmt":"2025-01-14T08:56:20","guid":{"rendered":"https:\/\/www.enerjigazetesi.ist\/?p=194102"},"modified":"2025-01-14T11:56:20","modified_gmt":"2025-01-14T08:56:20","slug":"sedas-enerji-verimliligi-haftasinda-cocuklari-gelecege-hazirliyor","status":"publish","type":"post","link":"https:\/\/www.enerjigazetesi.ist\/en\/sedas-enerji-verimliligi-haftasinda-cocuklari-gelecege-hazirliyor\/","title":{"rendered":"(Turkish) &#8217;SEDA\u015e&#8217; Enerji Verimlili\u011fi Haftas\u0131\u2019nda \u00c7ocuklar\u0131 Gelece\u011fe Haz\u0131rl\u0131yor"},"content":{"rendered":"<p class=\"qtranxs-available-languages-message qtranxs-available-languages-message-en\">Sorry, this entry is only available in <a href=\"https:\/\/www.enerjigazetesi.ist\/tr\/wp-json\/wp\/v2\/posts\/194102\" class=\"qtranxs-available-language-link qtranxs-available-language-link-tr\" title=\"Turkish\">Turkish<\/a>. For the sake of viewer convenience, the content is shown below in the alternative language. You may click the link to switch the active language.<\/p><p><\/p>\n<h2><strong>Enerji verimlili\u011fi bilincinin erken ya\u015flarda kazand\u0131r\u0131lmas\u0131 amac\u0131yla \u00e7al\u0131\u015fmalar\u0131n\u0131 d\u00fczenli olarak s\u00fcrd\u00fcren Sakarya Elektrik Da\u011f\u0131t\u0131m A.\u015e. (SEDA\u015e), bu y\u0131l Enerji Verimlili\u011fi Haftas\u0131 kapsam\u0131nda iki farkl\u0131 okulda \u00e7ocuklarla bir araya geldi.<\/strong><\/h2>\n<p style=\"text-align: center;\"><img loading=\"lazy\" class=\"aligncenter wp-image-194104\" src=\"https:\/\/www.enerjigazetesi.ist\/wp-content\/uploads\/2025\/01\/sedas-enerji-verimliligi-haftasinda-cocuklari-gelecege-hazirliyor-1.jpg\" alt=\"\" width=\"500\" height=\"334\" srcset=\"https:\/\/www.enerjigazetesi.ist\/wp-content\/uploads\/2025\/01\/sedas-enerji-verimliligi-haftasinda-cocuklari-gelecege-hazirliyor-1.jpg 550w, https:\/\/www.enerjigazetesi.ist\/wp-content\/uploads\/2025\/01\/sedas-enerji-verimliligi-haftasinda-cocuklari-gelecege-hazirliyor-1-300x200.jpg 300w, https:\/\/www.enerjigazetesi.ist\/wp-content\/uploads\/2025\/01\/sedas-enerji-verimliligi-haftasinda-cocuklari-gelecege-hazirliyor-1-500x334.jpg 500w, https:\/\/www.enerjigazetesi.ist\/wp-content\/uploads\/2025\/01\/sedas-enerji-verimliligi-haftasinda-cocuklari-gelecege-hazirliyor-1-75x50.jpg 75w, https:\/\/www.enerjigazetesi.ist\/wp-content\/uploads\/2025\/01\/sedas-enerji-verimliligi-haftasinda-cocuklari-gelecege-hazirliyor-1-450x300.jpg 450w\" sizes=\"(max-width: 500px) 100vw, 500px\" \/><\/p>\n<p>Kocaeli ve Sakarya\u2019da ger\u00e7ekle\u015ftirilen etkinliklerde, toplamda 300\u2019e yak\u0131n \u00e7ocu\u011fa enerjinin verimli ve g\u00fcvenli kullan\u0131m\u0131 konusunda bilgiler verildi. SEDA\u015e Reg\u00fclasyon, Strateji ve Uyum Direkt\u00f6rl\u00fc\u011f\u00fc\u2019ne ba\u011fl\u0131 Kurumsal \u0130leti\u015fim ve M\u00fc\u015fteri \u0130li\u015fkileri M\u00fcd\u00fcrl\u00fc\u011f\u00fc y\u00f6neticileri taraf\u0131ndan yap\u0131lan sunumlarda, \u00e7ocuklara enerjinin g\u00fcvenli kullan\u0131lmas\u0131 ve enerji tasarrufunun \u00f6nemi konular\u0131nda fark\u0131ndal\u0131k kazand\u0131r\u0131lmas\u0131 hedeflendi. Gelece\u011fin enerji liderleri olarak nitelendirilen \u00e7ocuklara, enerjinin etkin kullan\u0131m\u0131n\u0131n yan\u0131 s\u0131ra yenilenebilir enerji kaynaklar\u0131n\u0131n \u00f6nemi de anlat\u0131ld\u0131. \u00c7ocuklar, etkinliklerde hem e\u011flenceli hem de \u00f6\u011fretici bir deneyim ya\u015fama f\u0131rsat\u0131 buldu.<\/p>\n<p>Etkinlik kapsam\u0131nda \u00e7ocuklara enerji tasarrufu yapman\u0131n basit ama etkili yollar\u0131, elektrikli cihazlar\u0131 do\u011fru kullanma al\u0131\u015fkanl\u0131klar\u0131 ve enerji israf\u0131n\u0131 \u00f6nlemenin \u00f6nemi e\u011flenceli sunumlar e\u015fli\u011finde anlat\u0131ld\u0131. SEDA\u015e y\u00f6neticileri, bu t\u00fcr etkinliklerle enerji tasarrufunun sadece bireysel de\u011fil toplumsal bir sorumluluk oldu\u011funu vurgulayarak, artan n\u00fcfus ve azalan do\u011fal kaynaklar kar\u015f\u0131s\u0131nda enerji kaynaklar\u0131n\u0131n bilin\u00e7li kullan\u0131m\u0131n\u0131n \u00e7ok daha kritik hale geldi\u011fine dikkat \u00e7ekti. \u00c7ocuklara kazand\u0131r\u0131lan bu bilincin gelecekte enerji kaynaklar\u0131n\u0131n s\u00fcrd\u00fcr\u00fclebilirli\u011fine \u00f6nemli katk\u0131 sa\u011flayaca\u011f\u0131 ifade edildi.<\/p>\n<p>Her y\u0131l Enerji Verimlili\u011fi Haftas\u0131 kapsam\u0131nda farkl\u0131 etkinliklerle toplumsal bilinci art\u0131rmaya y\u00f6nelik ad\u0131mlar atan SEDA\u015e, enerji tasarrufu ve enerjinin g\u00fcvenli kullan\u0131m\u0131 konular\u0131ndaki \u00e7al\u0131\u015fmalar\u0131n\u0131n devam edece\u011fini belirtti. Sunum sonras\u0131 kat\u0131l\u0131mc\u0131 \u00e7ocuklara enerji verimlili\u011fi ilgili bilgilendirici bro\u015f\u00fcrler da\u011f\u0131t\u0131ld\u0131.<\/p>","protected":false},"excerpt":{"rendered":"<p>Sorry, this entry is only available in Turkish. For the sake of viewer convenience, the content is shown below in the alternative language. You may click the link to switch the active language. Enerji verimlili\u011fi bilincinin erken ya\u015flarda kazand\u0131r\u0131lmas\u0131 amac\u0131yla \u00e7al\u0131\u015fmalar\u0131n\u0131 d\u00fczenli olarak s\u00fcrd\u00fcren Sakarya Elektrik Da\u011f\u0131t\u0131m A.\u015e. (SEDA\u015e), bu y\u0131l Enerji Verimlili\u011fi Haftas\u0131 kapsam\u0131nda [&hellip;]<\/p>\n","protected":false},"author":1,"featured_media":194105,"comment_status":"open","ping_status":"open","sticky":false,"template":"","format":"standard","meta":[],"categories":[51,53,52],"tags":[103,1727,115747,102600,2444],"views":27,"_links":{"self":[{"href":"https:\/\/www.enerjigazetesi.ist\/en\/wp-json\/wp\/v2\/posts\/194102"}],"collection":[{"href":"https:\/\/www.enerjigazetesi.ist\/en\/wp-json\/wp\/v2\/posts"}],"about":[{"href":"https:\/\/www.enerjigazetesi.ist\/en\/wp-json\/wp\/v2\/types\/post"}],"author":[{"embeddable":true,"href":"https:\/\/www.enerjigazetesi.ist\/en\/wp-json\/wp\/v2\/users\/1"}],"replies":[{"embeddable":true,"href":"https:\/\/www.enerjigazetesi.ist\/en\/wp-json\/wp\/v2\/comments?post=194102"}],"version-history":[{"count":0,"href":"https:\/\/www.enerjigazetesi.ist\/en\/wp-json\/wp\/v2\/posts\/194102\/revisions"}],"wp:featuredmedia":[{"embeddable":true,"href":"https:\/\/www.enerjigazetesi.ist\/en\/wp-json\/wp\/v2\/media\/194105"}],"wp:attachment":[{"href":"https:\/\/www.enerjigazetesi.ist\/en\/wp-json\/wp\/v2\/media?parent=194102"}],"wp:term":[{"taxonomy":"category","embeddable":true,"href":"https:\/\/www.enerjigazetesi.ist\/en\/wp-json\/wp\/v2\/categories?post=194102"},{"taxonomy":"post_tag","embeddable":true,"href":"https:\/\/www.enerjigazetesi.ist\/en\/wp-json\/wp\/v2\/tags?post=194102"}],"curies":[{"name":"wp","href":"https:\/\/api.w.org\/{rel}","templated":true}]}}