{"id":194078,"date":"2025-01-14T10:07:20","date_gmt":"2025-01-14T07:07:20","guid":{"rendered":"https:\/\/www.enerjigazetesi.ist\/?p=194078"},"modified":"2025-01-14T10:08:28","modified_gmt":"2025-01-14T07:08:28","slug":"iklim-izcileri-enerji-verimliligini-ogrendi","status":"publish","type":"post","link":"https:\/\/www.enerjigazetesi.ist\/en\/iklim-izcileri-enerji-verimliligini-ogrendi\/","title":{"rendered":"(Turkish) \u0130klim \u0130zcileri Enerji Verimlili\u011fini \u00d6\u011frendi"},"content":{"rendered":"<p class=\"qtranxs-available-languages-message qtranxs-available-languages-message-en\">Sorry, this entry is only available in <a href=\"https:\/\/www.enerjigazetesi.ist\/tr\/wp-json\/wp\/v2\/posts\/194078\" class=\"qtranxs-available-language-link qtranxs-available-language-link-tr\" title=\"Turkish\">Turkish<\/a>. For the sake of viewer convenience, the content is shown below in the alternative language. You may click the link to switch the active language.<\/p><p><\/p>\n<h2>Tepeba\u015f\u0131 Belediyesi taraf\u0131ndan ger\u00e7ekle\u015ftirilen \u0130klim \u0130zcileri program\u0131na kat\u0131lan \u00e7ocuklar izcili\u011fi ve do\u011fay\u0131 \u00f6\u011frenirken, iklim krizine kar\u015f\u0131 da bilin\u00e7 kazan\u0131yor.<\/h2>\n<p style=\"text-align: center;\"><img loading=\"lazy\" class=\"aligncenter wp-image-194086\" src=\"https:\/\/www.enerjigazetesi.ist\/wp-content\/uploads\/2025\/01\/iklim-izcileri-enerji-verimliligini-ogrendi-1.jpg\" alt=\"\" width=\"500\" height=\"266\" srcset=\"https:\/\/www.enerjigazetesi.ist\/wp-content\/uploads\/2025\/01\/iklim-izcileri-enerji-verimliligini-ogrendi-1.jpg 550w, https:\/\/www.enerjigazetesi.ist\/wp-content\/uploads\/2025\/01\/iklim-izcileri-enerji-verimliligini-ogrendi-1-300x160.jpg 300w, https:\/\/www.enerjigazetesi.ist\/wp-content\/uploads\/2025\/01\/iklim-izcileri-enerji-verimliligini-ogrendi-1-500x266.jpg 500w, https:\/\/www.enerjigazetesi.ist\/wp-content\/uploads\/2025\/01\/iklim-izcileri-enerji-verimliligini-ogrendi-1-80x43.jpg 80w\" sizes=\"(max-width: 500px) 100vw, 500px\" \/><\/p>\n<p>Tepeba\u015f\u0131 Belediyesi \u0130klim De\u011fi\u015fikli\u011fi ve S\u0131f\u0131r At\u0131k M\u00fcd\u00fcrl\u00fc\u011f\u00fc taraf\u0131ndan \u00e7ocuklara do\u011fa-\u00e7evre ve iklim de\u011fi\u015fikli\u011fi bilinci a\u015f\u0131lamak amac\u0131yla ba\u015flat\u0131lan \u201c\u0130klim \u0130zcileri\u201d program\u0131 s\u00fcr\u00fcyor. \u00c7ocuklarda \u00f6zg\u00fcven, sorumluluk duygusu, liderlik, tak\u0131m \u00e7al\u0131\u015fmas\u0131 gibi becerilerin geli\u015ftirilmesinin hedeflendi\u011fi program, Vecihi H\u00fcrku\u015f Havac\u0131l\u0131k Park\u0131\u2019nda d\u00fczenleniyor. Programda son olarak Enerji Verimlili\u011fi Haftas\u0131 kapsam\u0131nda <em>\u201cEnerji, nedir? Tasarrufun \u00f6nemi, nas\u0131l tasarruf yap\u0131l\u0131r? Enerji tasarrufu ve verimlili\u011fi aras\u0131ndaki fark nedir?\u201d<\/em> gibi konu ba\u015fl\u0131klarda sunum yap\u0131ld\u0131. Minik izcilere videolar izletilirken oyunlar ile de konular\u0131n peki\u015ftirilmesi sa\u011fland\u0131. \u00d6\u011frencilere ayr\u0131ca enerji tasarrufu k\u0131lavuzu da\u011f\u0131t\u0131ld\u0131.<\/p>\n<h3><strong>\u0130zcilik E\u011fitimleri S\u00fcr\u00fcyor<\/strong><\/h3>\n<p>Programda, izci lideri taraf\u0131ndan verilen izcilik e\u011fitimi de devam ediyor. \u0130zci selam\u0131, oba \u00e7al\u0131\u015fmalar\u0131 ve oyunlar ile \u00e7ocuklar izcilik \u00f6\u011frenirken keyifli bir \u015fekilde zaman ge\u00e7iriyor. Temel izcilik \u00e7al\u0131\u015fmalar\u0131 ile ekip bilincinin kazand\u0131r\u0131lmas\u0131 ve \u00e7ocuklar\u0131n yeteneklerini ke\u015ffetmek, geli\u015ftirmek, geziler ve kamplar ile \u00e7ocuklar\u0131n ya\u015fayarak \u00f6\u011frenmesini sa\u011flamak da program\u0131n ama\u00e7lar\u0131 aras\u0131nda yer al\u0131yor. Program, Vecihi H\u00fcrku\u015f Havac\u0131l\u0131k Park\u0131\u2019nda ger\u00e7ekle\u015ftiriliyor.<\/p>\n<p>Yay\u0131na Alan: Alperen ERTA\u015e &#8211;\u00a0<a href=\"mailto:alperen.ertas@enerjigazetesi.ist\" target=\"_blank\" rel=\"noopener\">alperen.ertas@enerjigazetesi.ist<\/a><\/p>","protected":false},"excerpt":{"rendered":"<p>Sorry, this entry is only available in Turkish. For the sake of viewer convenience, the content is shown below in the alternative language. You may click the link to switch the active language. Tepeba\u015f\u0131 Belediyesi taraf\u0131ndan ger\u00e7ekle\u015ftirilen \u0130klim \u0130zcileri program\u0131na kat\u0131lan \u00e7ocuklar izcili\u011fi ve do\u011fay\u0131 \u00f6\u011frenirken, iklim krizine kar\u015f\u0131 da bilin\u00e7 kazan\u0131yor. Tepeba\u015f\u0131 Belediyesi \u0130klim [&hellip;]<\/p>\n","protected":false},"author":19,"featured_media":194085,"comment_status":"open","ping_status":"open","sticky":false,"template":"","format":"standard","meta":[],"categories":[53,52],"tags":[12,115739,53412,115737,28140,115738],"views":24,"_links":{"self":[{"href":"https:\/\/www.enerjigazetesi.ist\/en\/wp-json\/wp\/v2\/posts\/194078"}],"collection":[{"href":"https:\/\/www.enerjigazetesi.ist\/en\/wp-json\/wp\/v2\/posts"}],"about":[{"href":"https:\/\/www.enerjigazetesi.ist\/en\/wp-json\/wp\/v2\/types\/post"}],"author":[{"embeddable":true,"href":"https:\/\/www.enerjigazetesi.ist\/en\/wp-json\/wp\/v2\/users\/19"}],"replies":[{"embeddable":true,"href":"https:\/\/www.enerjigazetesi.ist\/en\/wp-json\/wp\/v2\/comments?post=194078"}],"version-history":[{"count":0,"href":"https:\/\/www.enerjigazetesi.ist\/en\/wp-json\/wp\/v2\/posts\/194078\/revisions"}],"wp:featuredmedia":[{"embeddable":true,"href":"https:\/\/www.enerjigazetesi.ist\/en\/wp-json\/wp\/v2\/media\/194085"}],"wp:attachment":[{"href":"https:\/\/www.enerjigazetesi.ist\/en\/wp-json\/wp\/v2\/media?parent=194078"}],"wp:term":[{"taxonomy":"category","embeddable":true,"href":"https:\/\/www.enerjigazetesi.ist\/en\/wp-json\/wp\/v2\/categories?post=194078"},{"taxonomy":"post_tag","embeddable":true,"href":"https:\/\/www.enerjigazetesi.ist\/en\/wp-json\/wp\/v2\/tags?post=194078"}],"curies":[{"name":"wp","href":"https:\/\/api.w.org\/{rel}","templated":true}]}}