{"id":194017,"date":"2025-01-09T16:26:22","date_gmt":"2025-01-09T13:26:22","guid":{"rendered":"https:\/\/www.enerjigazetesi.ist\/?p=194017"},"modified":"2025-01-09T16:26:22","modified_gmt":"2025-01-09T13:26:22","slug":"elektrikli-aracta-tasarruf-ve-menzili-artiracak-10-ipucu","status":"publish","type":"post","link":"https:\/\/www.enerjigazetesi.ist\/en\/elektrikli-aracta-tasarruf-ve-menzili-artiracak-10-ipucu\/","title":{"rendered":"(Turkish) Elektrikli Ara\u00e7ta Tasarruf ve Menzili Art\u0131racak 10 \u0130pucu"},"content":{"rendered":"<p class=\"qtranxs-available-languages-message qtranxs-available-languages-message-en\">Sorry, this entry is only available in <a href=\"https:\/\/www.enerjigazetesi.ist\/tr\/wp-json\/wp\/v2\/posts\/194017\" class=\"qtranxs-available-language-link qtranxs-available-language-link-tr\" title=\"Turkish\">Turkish<\/a>. For the sake of viewer convenience, the content is shown below in the alternative language. You may click the link to switch the active language.<\/p><p><\/p>\n<h2>Her y\u0131l toplam otomobil sat\u0131\u015flar\u0131nda pay\u0131 artan elektrikli ara\u00e7lar enerji verimlili\u011fi ve \u00e7evre dostu s\u00fcr\u00fc\u015fle gelece\u011fin ula\u015f\u0131m arac\u0131 olarak \u00f6ne \u00e7\u0131k\u0131yor. Ancak, do\u011fru \u015fekilde kullan\u0131lmad\u0131klar\u0131nda elektrikli ara\u00e7larda da enerji israf\u0131 ya\u015fanabiliyor. T\u00fcrkiye\u2019nin yenilenebilir enerji ve enerji teknolojileri markas\u0131 YEO, 6-12 Ocak Enerji Verimlili\u011fi Haftas\u0131\u2019nda elektrikli ara\u00e7 sahiplerine uygulanabilir ve pratik tasarruf ipu\u00e7lar\u0131 sunuyor.<\/h2>\n<p style=\"text-align: center;\"><img loading=\"lazy\" class=\"aligncenter wp-image-194020\" src=\"https:\/\/www.enerjigazetesi.ist\/wp-content\/uploads\/2025\/01\/elektrikli-aracta-tasarruf-ve-menzili-artiracak-10-ipucu-1.jpg\" alt=\"\" width=\"500\" height=\"273\" srcset=\"https:\/\/www.enerjigazetesi.ist\/wp-content\/uploads\/2025\/01\/elektrikli-aracta-tasarruf-ve-menzili-artiracak-10-ipucu-1.jpg 550w, https:\/\/www.enerjigazetesi.ist\/wp-content\/uploads\/2025\/01\/elektrikli-aracta-tasarruf-ve-menzili-artiracak-10-ipucu-1-300x164.jpg 300w, https:\/\/www.enerjigazetesi.ist\/wp-content\/uploads\/2025\/01\/elektrikli-aracta-tasarruf-ve-menzili-artiracak-10-ipucu-1-500x273.jpg 500w, https:\/\/www.enerjigazetesi.ist\/wp-content\/uploads\/2025\/01\/elektrikli-aracta-tasarruf-ve-menzili-artiracak-10-ipucu-1-80x44.jpg 80w\" sizes=\"(max-width: 500px) 100vw, 500px\" \/><\/p>\n<p>S\u00f6z konusu ipu\u00e7lar\u0131 \u00e7evreyi korurken ara\u00e7 sahiplerine de daha uzun bir menzil imkan\u0131 tan\u0131yor. \u2018Bizce M\u00fcmk\u00fcn\u2019 slogan\u0131yla \u00e7al\u0131\u015fan YEO Teknoloji\u2019ye g\u00f6re baz\u0131 al\u0131\u015fkanl\u0131klar\u0131 de\u011fi\u015ftirerek elektrikli ara\u00e7larla da tasarruf m\u00fcmk\u00fcn.<\/p>\n<p><strong>1- Rejeneratif frenleme modunu kullan\u0131n<\/strong><\/p>\n<p>Baz\u0131 ara\u00e7larda s\u00fcr\u00fc\u015f modlar\u0131yla se\u00e7ilen rejeneratif frenleme sayesinde yava\u015flama s\u0131ras\u0131nda enerji geri kazan\u0131l\u0131r. Ani frenlerden ka\u00e7\u0131n\u0131p yava\u015flama s\u00fcrecini iyi y\u00f6neterek enerji tasarrufu yapabilirsiniz<\/p>\n<p><strong>2- Optimum s\u00fcr\u00fc\u015f i\u00e7in h\u0131z\u0131 koruyun<\/strong><\/p>\n<p>Elektrikli ara\u00e7larda y\u00fcksek h\u0131zda s\u00fcr\u00fc\u015f ve performans s\u00fcr\u00fc\u015f\u00fc bataryan\u0131n daha h\u0131zl\u0131 t\u00fckenmesine neden olur. Orta h\u0131zda sabit bir s\u00fcr\u00fc\u015fle enerji verimlili\u011fi art\u0131r\u0131l\u0131r.<\/p>\n<p><strong>3- \u0130klimlendirmeyi verimli kullan\u0131n<\/strong><\/p>\n<p>Klima veya \u0131s\u0131t\u0131c\u0131y\u0131 do\u011fru zamanda kullan\u0131n. Bunun yerine, koltuk \u0131s\u0131t\u0131c\u0131lar\u0131n\u0131 tercih etmek daha az enerji t\u00fcketebilir.<\/p>\n<p><strong>4- Lastik bas\u0131nc\u0131 t\u00fcketimi etkiler<\/strong><\/p>\n<p>D\u00fc\u015f\u00fck lastik bas\u0131nc\u0131, s\u00fcrt\u00fcnmeyi art\u0131r\u0131r ve enerji t\u00fcketimini y\u00fckseltir. Do\u011fru lastik bas\u0131nc\u0131 ile hem menzili art\u0131rabilir hem de enerji tasarrufu sa\u011flayabilirsiniz.<\/p>\n<p><strong>5- Batarya y\u00f6netimine dikkat\u00a0<\/strong><\/p>\n<p>Bataryay\u0131 %20&#8217;nin alt\u0131na d\u00fc\u015f\u00fcrmeden ve %80&#8217;in \u00fczerine \u00e7\u0131karmadan \u015farj etmek, hem enerji kayb\u0131n\u0131 azalt\u0131r hem de bataryan\u0131n \u00f6mr\u00fcn\u00fc uzat\u0131r. Ayn\u0131 zamanda daha h\u0131zl\u0131 \u015farj i\u00e7in bu aral\u0131kta olmak gerekir.<\/p>\n<p><strong>6- Yoku\u015f ve rampada h\u0131z\u0131 kontrol edin \u00a0<\/strong><\/p>\n<p>Yoku\u015f \u00e7\u0131karken gereksiz h\u0131zlanmaktan ka\u00e7\u0131n\u0131n ve ini\u015fte rejeneratif frenlemeyi aktif kullanarak enerjiyi geri kazan\u0131n.<\/p>\n<p><strong>7- Gereksiz y\u00fckten ka\u00e7\u0131n\u0131n\u00a0<\/strong><\/p>\n<p>Ara\u00e7ta ta\u015f\u0131nan ekstra a\u011f\u0131rl\u0131k, batarya t\u00fcketimini art\u0131r\u0131r. Yaln\u0131zca gerekli e\u015fyalar\u0131 ta\u015f\u0131yarak daha verimli bir s\u00fcr\u00fc\u015f sa\u011flanabilir.<\/p>\n<p><strong>8- Planl\u0131 s\u00fcr\u00fc\u015f yap\u0131n\u00a0<\/strong><\/p>\n<p>S\u00fcr\u00fc\u015f rotan\u0131z\u0131 \u00f6nceden planlayarak hem mesafeyi hem de enerji t\u00fcketimini optimize edebilirsiniz. Trafi\u011fin az oldu\u011fu zamanlar\u0131 tercih ederek gereksiz dur-kalktan ka\u00e7\u0131nabilirsiniz.<\/p>\n<p><strong>9- Aerodinamik verimlilik \u00f6nemlidir\u00a0<\/strong><\/p>\n<p>Tavan bagaj\u0131, bisiklet ta\u015f\u0131y\u0131c\u0131 gibi aksesuarlar arac\u0131n aerodinami\u011fini bozarak enerji t\u00fcketimini art\u0131r\u0131r. Kullanmad\u0131\u011f\u0131n\u0131zda zamanlarda bu aksesuarlar\u0131 \u00e7\u0131kar\u0131n.<\/p>\n<p><strong>10-Yaz\u0131l\u0131m\u0131 g\u00fcncel tutun<\/strong><\/p>\n<p>Elektrikli ara\u00e7 \u00fcreticileri, yaz\u0131l\u0131m g\u00fcncellemeleriyle enerji verimlili\u011fini art\u0131ran yenilikler sunar. Ara\u00e7 yaz\u0131l\u0131m\u0131n\u0131z\u0131 g\u00fcncel tutarak daha verimli bir performans elde edebilirsiniz.<\/p>\n<p>Geli\u015fmi\u015f enerji depolama \u00e7\u00f6z\u00fcmlerinden, elektrik \u015febekelerine, y\u00fcksek voltaj trafo merkezleri, yenilenebilir enerji santralleri, end\u00fcstriyel, ticari tesisler ve hanelerin enerji d\u00f6n\u00fc\u015f\u00fcm\u00fcnden hidrojene kadar farkl\u0131 alanlarda projeler y\u00fcr\u00fcten YEO Teknoloji, 3 k\u0131tada ve 30\u2019dan fazla \u00fclkede 400\u2019den fazla proje tamamlad\u0131. YEO Teknoloji, dekarbonizasyon, desantralizasyon ve dijitalizasyon odakl\u0131 \u00e7al\u0131\u015fmalar\u0131yla daha ya\u015fanabilir bir d\u00fcnya i\u00e7in \u2018Bizce m\u00fcmk\u00fcn\u2019 slogan\u0131yla b\u00fcy\u00fcmeye devam ediyor.<\/p>","protected":false},"excerpt":{"rendered":"<p>Sorry, this entry is only available in Turkish. For the sake of viewer convenience, the content is shown below in the alternative language. You may click the link to switch the active language. Her y\u0131l toplam otomobil sat\u0131\u015flar\u0131nda pay\u0131 artan elektrikli ara\u00e7lar enerji verimlili\u011fi ve \u00e7evre dostu s\u00fcr\u00fc\u015fle gelece\u011fin ula\u015f\u0131m arac\u0131 olarak \u00f6ne \u00e7\u0131k\u0131yor. Ancak, [&hellip;]<\/p>\n","protected":false},"author":1,"featured_media":194019,"comment_status":"open","ping_status":"open","sticky":false,"template":"","format":"standard","meta":[],"categories":[51,53,52],"tags":[82636,51963,1311,864,148,1727,39548,998,115721,96708],"views":23,"_links":{"self":[{"href":"https:\/\/www.enerjigazetesi.ist\/en\/wp-json\/wp\/v2\/posts\/194017"}],"collection":[{"href":"https:\/\/www.enerjigazetesi.ist\/en\/wp-json\/wp\/v2\/posts"}],"about":[{"href":"https:\/\/www.enerjigazetesi.ist\/en\/wp-json\/wp\/v2\/types\/post"}],"author":[{"embeddable":true,"href":"https:\/\/www.enerjigazetesi.ist\/en\/wp-json\/wp\/v2\/users\/1"}],"replies":[{"embeddable":true,"href":"https:\/\/www.enerjigazetesi.ist\/en\/wp-json\/wp\/v2\/comments?post=194017"}],"version-history":[{"count":0,"href":"https:\/\/www.enerjigazetesi.ist\/en\/wp-json\/wp\/v2\/posts\/194017\/revisions"}],"wp:featuredmedia":[{"embeddable":true,"href":"https:\/\/www.enerjigazetesi.ist\/en\/wp-json\/wp\/v2\/media\/194019"}],"wp:attachment":[{"href":"https:\/\/www.enerjigazetesi.ist\/en\/wp-json\/wp\/v2\/media?parent=194017"}],"wp:term":[{"taxonomy":"category","embeddable":true,"href":"https:\/\/www.enerjigazetesi.ist\/en\/wp-json\/wp\/v2\/categories?post=194017"},{"taxonomy":"post_tag","embeddable":true,"href":"https:\/\/www.enerjigazetesi.ist\/en\/wp-json\/wp\/v2\/tags?post=194017"}],"curies":[{"name":"wp","href":"https:\/\/api.w.org\/{rel}","templated":true}]}}