{"id":194005,"date":"2025-01-09T15:07:03","date_gmt":"2025-01-09T12:07:03","guid":{"rendered":"https:\/\/www.enerjigazetesi.ist\/?p=194005"},"modified":"2025-01-09T15:07:22","modified_gmt":"2025-01-09T12:07:22","slug":"elektrikli-arac-sarj-istasyonu-iskenderun-siemens-magazasinda","status":"publish","type":"post","link":"https:\/\/www.enerjigazetesi.ist\/en\/elektrikli-arac-sarj-istasyonu-iskenderun-siemens-magazasinda\/","title":{"rendered":"(Turkish) &#8217;Elektrikli Ara\u00e7 \u015earj \u0130stasyonu&#8217; \u0130skenderun Siemens Ma\u011fazas\u0131nda&#8230;"},"content":{"rendered":"<p class=\"qtranxs-available-languages-message qtranxs-available-languages-message-en\">Sorry, this entry is only available in <a href=\"https:\/\/www.enerjigazetesi.ist\/tr\/wp-json\/wp\/v2\/posts\/194005\" class=\"qtranxs-available-language-link qtranxs-available-language-link-tr\" title=\"Turkish\">Turkish<\/a>. For the sake of viewer convenience, the content is shown below in the alternative language. You may click the link to switch the active language.<\/p><p><\/p>\n<h2><strong>Elektrikli ara\u00e7lar i\u00e7in \u015farj istasyonu noktalar\u0131 olu\u015fturma fikriyle yola \u00e7\u0131kan Siemens Ev Aletleri ve Siemens T\u00fcrkiye e-Mobility \u0130\u015f Birimi, gelecek i\u00e7in g\u00fc\u00e7lerini birle\u015ftirerek yeni bir projeye imza att\u0131. Daha iyi bir gelece\u011fin merak ve yenilik\u00e7i teknolojilerle m\u00fcmk\u00fcn oldu\u011funa inanan Siemens Ev Aletleri\u2019nin ilk elektrikli ara\u00e7 \u015farj istasyonu<\/strong> <strong>\u0130skenderun Primemall AVM\u2019de hizmet vermeye ba\u015flad\u0131.<\/strong><\/h2>\n<p style=\"text-align: center;\"><img loading=\"lazy\" class=\"aligncenter wp-image-194008\" src=\"https:\/\/www.enerjigazetesi.ist\/wp-content\/uploads\/2025\/01\/elektrikli-arac-sarj-istasyonu-iskenderun-siemens-magazasinda-1.jpg\" alt=\"\" width=\"500\" height=\"408\" srcset=\"https:\/\/www.enerjigazetesi.ist\/wp-content\/uploads\/2025\/01\/elektrikli-arac-sarj-istasyonu-iskenderun-siemens-magazasinda-1.jpg 550w, https:\/\/www.enerjigazetesi.ist\/wp-content\/uploads\/2025\/01\/elektrikli-arac-sarj-istasyonu-iskenderun-siemens-magazasinda-1-300x245.jpg 300w, https:\/\/www.enerjigazetesi.ist\/wp-content\/uploads\/2025\/01\/elektrikli-arac-sarj-istasyonu-iskenderun-siemens-magazasinda-1-490x400.jpg 490w, https:\/\/www.enerjigazetesi.ist\/wp-content\/uploads\/2025\/01\/elektrikli-arac-sarj-istasyonu-iskenderun-siemens-magazasinda-1-61x50.jpg 61w, https:\/\/www.enerjigazetesi.ist\/wp-content\/uploads\/2025\/01\/elektrikli-arac-sarj-istasyonu-iskenderun-siemens-magazasinda-1-500x408.jpg 500w\" sizes=\"(max-width: 500px) 100vw, 500px\" \/><\/p>\n<p>S\u00fcrd\u00fcr\u00fclebilirli\u011fi marka varolu\u015funun ayr\u0131lmaz bir par\u00e7as\u0131 olarak nitelendiren Siemens Ev Aletleri ve Siemens T\u00fcrkiye eMobility \u0130\u015f Birimi, g\u00fc\u00e7lerini birle\u015ftirerek s\u00fcrd\u00fcr\u00fclebilirlik konusunda yeni bir projeye imza att\u0131. Artan elektrikli ara\u00e7 penetrasyonu oda\u011fa al\u0131narak geli\u015ftirilen \u2018elektrikli ara\u00e7 \u015farj istasyonu\u2019 projesine \u0130skenderun Primemall AVM\u2019de bulunan Siemens ma\u011fazas\u0131 \u00f6nc\u00fcl\u00fck etti. Siemens ma\u011fazas\u0131n\u0131n \u00f6nc\u00fcl\u00fc\u011f\u00fcnde \u0130skenderun Primemall AVM\u2019nin otopark\u0131nda hizmete ba\u015flayan istasyon, T\u00fcrkiye\u2019de gittik\u00e7e artan elektrikli ara\u00e7lar i\u00e7in \u015farj noktas\u0131 imk\u00e2n\u0131 sunuyor. Elektrikli ara\u00e7 sahipleri bu istasyona gelerek ara\u00e7lar\u0131n\u0131 kolayl\u0131kla \u015farj edebiliyor. \u0130stasyona gelenler ayr\u0131ca Siemens ma\u011fazas\u0131n\u0131 da ziyaret edebiliyor, \u00f6zel kampanyalardan haberdar olabiliyor.<\/p>\n<h3><strong>Kullan\u0131c\u0131 Aray\u00fcz\u00fc, Rahat ve Kusursuz \u015earj Deneyimi Ya\u015fat\u0131yor<\/strong><\/h3>\n<p>Elektrikli ara\u00e7 \u015farj istasyonunun teknik \u00f6zellikleri ise kullan\u0131m kolayl\u0131\u011f\u0131 sunuyor. 300kW\u2019l\u0131k SICHARGE D \u015farj sisteminin ola\u011fan\u00fcst\u00fc \u015farj performans\u0131 ile ayn\u0131 anda 4 m\u00fc\u015fteriye 15dk gibi k\u0131sa bir s\u00fcrede \u015farj imkan\u0131 sa\u011fl\u0131yor. Entegre 24&#8243; kullan\u0131c\u0131 dostu ayarlanabilir ekran ve kolay kullan\u0131ma sahip kullan\u0131c\u0131 aray\u00fcz\u00fc, rahat ve kusursuz \u015farj deneyimi ya\u015fat\u0131yor.<\/p>\n<p>Proje ilk olarak \u0130skenderun Primemall AVM\u2019de ba\u015flad\u0131. Bu istasyonlar\u0131n \u00f6n\u00fcm\u00fczdeki g\u00fcnlerde \u00e7o\u011falt\u0131larak T\u00fcrkiye genelinde Siemens ma\u011fazalar\u0131n\u0131n bulundu\u011fu alanlarda yayg\u0131nla\u015ft\u0131r\u0131lmas\u0131 hedefleniyor.<\/p>","protected":false},"excerpt":{"rendered":"<p>Sorry, this entry is only available in Turkish. For the sake of viewer convenience, the content is shown below in the alternative language. You may click the link to switch the active language. Elektrikli ara\u00e7lar i\u00e7in \u015farj istasyonu noktalar\u0131 olu\u015fturma fikriyle yola \u00e7\u0131kan Siemens Ev Aletleri ve Siemens T\u00fcrkiye e-Mobility \u0130\u015f Birimi, gelecek i\u00e7in g\u00fc\u00e7lerini [&hellip;]<\/p>\n","protected":false},"author":1,"featured_media":194009,"comment_status":"open","ping_status":"open","sticky":false,"template":"","format":"standard","meta":[],"categories":[51,53],"tags":[18159,115718,3131,115719,115720],"views":37,"_links":{"self":[{"href":"https:\/\/www.enerjigazetesi.ist\/en\/wp-json\/wp\/v2\/posts\/194005"}],"collection":[{"href":"https:\/\/www.enerjigazetesi.ist\/en\/wp-json\/wp\/v2\/posts"}],"about":[{"href":"https:\/\/www.enerjigazetesi.ist\/en\/wp-json\/wp\/v2\/types\/post"}],"author":[{"embeddable":true,"href":"https:\/\/www.enerjigazetesi.ist\/en\/wp-json\/wp\/v2\/users\/1"}],"replies":[{"embeddable":true,"href":"https:\/\/www.enerjigazetesi.ist\/en\/wp-json\/wp\/v2\/comments?post=194005"}],"version-history":[{"count":0,"href":"https:\/\/www.enerjigazetesi.ist\/en\/wp-json\/wp\/v2\/posts\/194005\/revisions"}],"wp:featuredmedia":[{"embeddable":true,"href":"https:\/\/www.enerjigazetesi.ist\/en\/wp-json\/wp\/v2\/media\/194009"}],"wp:attachment":[{"href":"https:\/\/www.enerjigazetesi.ist\/en\/wp-json\/wp\/v2\/media?parent=194005"}],"wp:term":[{"taxonomy":"category","embeddable":true,"href":"https:\/\/www.enerjigazetesi.ist\/en\/wp-json\/wp\/v2\/categories?post=194005"},{"taxonomy":"post_tag","embeddable":true,"href":"https:\/\/www.enerjigazetesi.ist\/en\/wp-json\/wp\/v2\/tags?post=194005"}],"curies":[{"name":"wp","href":"https:\/\/api.w.org\/{rel}","templated":true}]}}