{"id":19398,"date":"2013-12-16T10:16:32","date_gmt":"2013-12-16T07:16:32","guid":{"rendered":"https:\/\/www.enerjigazetesi.ist\/?p=19398"},"modified":"2013-12-16T10:16:32","modified_gmt":"2013-12-16T07:16:32","slug":"iran-ile-pakistan-arasindaki-dogalgaz-anlasmasi-krizi-suruyor","status":"publish","type":"post","link":"https:\/\/www.enerjigazetesi.ist\/en\/iran-ile-pakistan-arasindaki-dogalgaz-anlasmasi-krizi-suruyor\/","title":{"rendered":"(Turkish) \u0130ran ile Pakistan Aras\u0131ndaki Do\u011falgaz Anla\u015fmas\u0131 Krizi S\u00fcr\u00fcyor!"},"content":{"rendered":"<p class=\"qtranxs-available-languages-message qtranxs-available-languages-message-en\">Sorry, this entry is only available in <a href=\"https:\/\/www.enerjigazetesi.ist\/tr\/wp-json\/wp\/v2\/posts\/19398\" class=\"qtranxs-available-language-link qtranxs-available-language-link-tr\" title=\"Turkish\">Turkish<\/a>. For the sake of viewer convenience, the content is shown below in the alternative language. You may click the link to switch the active language.<\/p><p><strong>\u0130ran, \u015eahid Abbasi\u2019nin \u0130ran\u2019a y\u00f6nelik uygulanan yapt\u0131r\u0131mlar\u0131n do\u011falgaz boru hatt\u0131 yap\u0131m\u0131na engel te\u015fkil etti\u011fi y\u00f6n\u00fcndeki a\u00e7\u0131klamalar\u0131na tepki g\u00f6sterdi. \u0130ran resmi haber ajans\u0131 IRNA\u2019n\u0131n haberine g\u00f6re, \u0130ran Petrol Bakan Yard\u0131mc\u0131s\u0131 Macid, Pakistan taraf\u0131ndan yap\u0131lan a\u00e7\u0131klamalara, \u201cAnla\u015fmaya g\u00f6re her iki \u00fclke kendi topraklar\u0131 i\u00e7erisindeki do\u011falgaz boru hatt\u0131n\u0131n in\u015fas\u0131ndan sorumludur.Pakistan taraf\u0131 do\u011falgaz boru hatt\u0131 in\u015fas\u0131n\u0131 geciktirmelerine neden olarak \u0130ran\u2019a uygulanan uluslararas\u0131 yapt\u0131r\u0131mlar\u0131 g\u00f6steriyor ancak bu sadece bir bahane\u201d s\u00f6zleriyle tepki g\u00f6sterdi.<\/strong><\/p>\n<p>\u0130ran\u2019\u0131n boru hatt\u0131 projesinin yap\u0131m\u0131 i\u00e7in \u015fimdiye kadar yakla\u015f\u0131k 2 milyar dolarl\u0131k yat\u0131r\u0131m yapt\u0131\u011f\u0131n\u0131 ve projenin biti<a href=\"https:\/\/www.enerjigazetesi.ist\/wp-content\/uploads\/2013\/12\/iran-ile-pakistan-arasindaki-dogalgaz-anlasmasi-krizi-suruyor.jpg\"><img loading=\"lazy\" class=\"alignright size-medium wp-image-19399\" title=\"iran-ile-pakistan-arasindaki-dogalgaz-anlasmasi-krizi-suruyor\" src=\"https:\/\/www.enerjigazetesi.ist\/wp-content\/uploads\/2013\/12\/iran-ile-pakistan-arasindaki-dogalgaz-anlasmasi-krizi-suruyor-300x203.jpg\" alt=\"\" width=\"300\" height=\"203\" srcset=\"https:\/\/www.enerjigazetesi.ist\/wp-content\/uploads\/2013\/12\/iran-ile-pakistan-arasindaki-dogalgaz-anlasmasi-krizi-suruyor-300x203.jpg 300w, https:\/\/www.enerjigazetesi.ist\/wp-content\/uploads\/2013\/12\/iran-ile-pakistan-arasindaki-dogalgaz-anlasmasi-krizi-suruyor-73x50.jpg 73w, https:\/\/www.enerjigazetesi.ist\/wp-content\/uploads\/2013\/12\/iran-ile-pakistan-arasindaki-dogalgaz-anlasmasi-krizi-suruyor.jpg 461w\" sizes=\"(max-width: 300px) 100vw, 300px\" \/><\/a>mi i\u00e7in de yakla\u015f\u0131k 1 milyar dolarl\u0131k b\u00fct\u00e7eye daha ihtiya\u00e7 oldu\u011funu belirten Macidi, \u201cProjenin Pakistan s\u0131n\u0131r\u0131 i\u00e7erisindeki do\u011falgaz boru hatt\u0131n\u0131n yap\u0131m\u0131n\u0131 y\u00fcr\u00fcten m\u00fcteahhidin bug\u00fcn yap\u0131ma ba\u015flamas\u0131 halinde bile hatt\u0131n bitimi 4 y\u0131l s\u00fcrecektir. Ancak yapt\u0131\u011f\u0131m\u0131z anla\u015fmada ise Pakistan\u2019\u0131n boru hatt\u0131n\u0131n yap\u0131m\u0131n\u0131 1 Aral\u0131k 2014\u2032te tamamlam\u0131\u015f olmas\u0131 gerekiyordu\u201d ifadesini kulland\u0131. \u201c\u00dclkemize uygulanan yapt\u0131r\u0131mlar g\u00f6z \u00f6n\u00fcne al\u0131nd\u0131\u011f\u0131nda, ba\u015fka bir \u00fclkenin boru hatt\u0131 projesinin b\u00fct\u00e7esini temin edemeyiz\u201d diyen Macidi, \u0130ran\u2019\u0131n Pakistan topraklar\u0131 i\u00e7erisindeki boru hatt\u0131n\u0131n d\u00f6\u015fenmesi i\u00e7in hi\u00e7bir mali yard\u0131mda bulunamayaca\u011f\u0131n\u0131n alt\u0131n\u0131 \u00e7izdi. Projenin Pakistan topraklar\u0131 i\u00e7erisindeki k\u0131sm\u0131n\u0131n toplam b\u00fct\u00e7esinin 2-2.5 milyar dolar oldu\u011funu ifade eden Macidi, \u0130slamabad\u2019\u0131n Tahran\u2019dan 250 milyon dolarl\u0131k yard\u0131m talebinde bulundu\u011funu ancak bu yard\u0131m\u0131 yapacak imkan\u0131n olmad\u0131\u011f\u0131n\u0131 belirtti.<\/p>\n<p>\u00d6te yandan, \u0130ran Petrol Bakan\u0131 Bicen Zengene, daha \u00f6nce Pakistan ile imzalanan do\u011falgaz anla\u015fmas\u0131ndan \u00fcmitli olmad\u0131\u011f\u0131n\u0131 belirtmi\u015fti. Zengene, \u0130ran\u2019dan Pakistan\u2019a do\u011falgaz ihracat\u0131n\u0131 \u00f6ng\u00f6ren, boru hatt\u0131n\u0131n \u00c7in ve Hindistan gibi \u00fclkeler olmadan icraata ge\u00e7irilmesinin ekonomik gerek\u00e7esinin bulunmad\u0131\u011f\u0131 g\u00f6r\u00fc\u015f\u00fcn\u00fc savunmu\u015ftu. Son 10 y\u0131ld\u0131r \u0130ran Petrol Bakanl\u0131\u011f\u0131\u2019ndan bir\u00e7ok yetkili ile g\u00f6r\u00fc\u015fmelerde bulunan \u0130slamabad\u2019\u0131n, Tahran ile g\u00fcnl\u00fck 21.5 milyon metrek\u00fcp do\u011falgaz ithalat\u0131n\u0131 i\u00e7eren ilk do\u011falgaz anla\u015fmas\u0131n\u0131 2010\u2032da imzalam\u0131\u015ft\u0131. Tahran, anla\u015fman\u0131n \u00fczerinden 3 y\u0131ldan fazla s\u00fcre ge\u00e7mesine do\u011falgaz boru hatt\u0131n\u0131n yap\u0131m\u0131 i\u00e7in giri\u015fimde bulunmayan \u0130slamabad\u2019a, birka\u00e7 kez \u00fcltimatom vermi\u015fti. \u0130ranl\u0131 yetkililer, iki \u00fclke aras\u0131nda imzalanan s\u00f6zle\u015fmeye g\u00f6re, Pakistan\u2019\u0131n yap\u0131m\u0131 geciktirmesi durumunda Tahran\u2019\u0131n konuyu uluslararas\u0131 platforma ta\u015f\u0131ma hakk\u0131n\u0131n oldu\u011funu ifade etmi\u015fti.<\/p>\n<p>Haberin <strong><a href=\"http:\/\/enerjienstitusu.com\/2013\/12\/15\/iran-ile-pakistan-arasindaki-dogalgaz-anlasmasi-krizi-suruyor\/\" target=\"_blank\">Devam\u0131 \u0130\u00e7in TIKLAYIN&gt;&gt;<\/a><\/strong><\/p>\n<p>Kaynak: T\u00fcrkiye Gazetesi<\/p>","protected":false},"excerpt":{"rendered":"<p>Sorry, this entry is only available in Turkish. For the sake of viewer convenience, the content is shown below in the alternative language. You may click the link to switch the active language.\u0130ran, \u015eahid Abbasi\u2019nin \u0130ran\u2019a y\u00f6nelik uygulanan yapt\u0131r\u0131mlar\u0131n do\u011falgaz boru hatt\u0131 yap\u0131m\u0131na engel te\u015fkil etti\u011fi y\u00f6n\u00fcndeki a\u00e7\u0131klamalar\u0131na tepki g\u00f6sterdi. \u0130ran resmi haber ajans\u0131 IRNA\u2019n\u0131n [&hellip;]<\/p>\n","protected":false},"author":1,"featured_media":19399,"comment_status":"open","ping_status":"open","sticky":false,"template":"","format":"standard","meta":[],"categories":[46,53],"tags":[92,1436,11287,226,63,67,1009,165,1333,1315,7551],"views":716,"_links":{"self":[{"href":"https:\/\/www.enerjigazetesi.ist\/en\/wp-json\/wp\/v2\/posts\/19398"}],"collection":[{"href":"https:\/\/www.enerjigazetesi.ist\/en\/wp-json\/wp\/v2\/posts"}],"about":[{"href":"https:\/\/www.enerjigazetesi.ist\/en\/wp-json\/wp\/v2\/types\/post"}],"author":[{"embeddable":true,"href":"https:\/\/www.enerjigazetesi.ist\/en\/wp-json\/wp\/v2\/users\/1"}],"replies":[{"embeddable":true,"href":"https:\/\/www.enerjigazetesi.ist\/en\/wp-json\/wp\/v2\/comments?post=19398"}],"version-history":[{"count":2,"href":"https:\/\/www.enerjigazetesi.ist\/en\/wp-json\/wp\/v2\/posts\/19398\/revisions"}],"predecessor-version":[{"id":19401,"href":"https:\/\/www.enerjigazetesi.ist\/en\/wp-json\/wp\/v2\/posts\/19398\/revisions\/19401"}],"wp:featuredmedia":[{"embeddable":true,"href":"https:\/\/www.enerjigazetesi.ist\/en\/wp-json\/wp\/v2\/media\/19399"}],"wp:attachment":[{"href":"https:\/\/www.enerjigazetesi.ist\/en\/wp-json\/wp\/v2\/media?parent=19398"}],"wp:term":[{"taxonomy":"category","embeddable":true,"href":"https:\/\/www.enerjigazetesi.ist\/en\/wp-json\/wp\/v2\/categories?post=19398"},{"taxonomy":"post_tag","embeddable":true,"href":"https:\/\/www.enerjigazetesi.ist\/en\/wp-json\/wp\/v2\/tags?post=19398"}],"curies":[{"name":"wp","href":"https:\/\/api.w.org\/{rel}","templated":true}]}}