{"id":193953,"date":"2025-01-08T14:58:41","date_gmt":"2025-01-08T11:58:41","guid":{"rendered":"https:\/\/www.enerjigazetesi.ist\/?p=193953"},"modified":"2025-01-08T15:25:56","modified_gmt":"2025-01-08T12:25:56","slug":"turkiye-avrupaya-daha-fazla-gaz-tedarik-edebilir","status":"publish","type":"post","link":"https:\/\/www.enerjigazetesi.ist\/en\/turkiye-avrupaya-daha-fazla-gaz-tedarik-edebilir\/","title":{"rendered":"(Turkish) T\u00fcrkiye, Avrupa&#8217;ya Daha Fazla Gaz Tedarik Edebilir"},"content":{"rendered":"<p class=\"qtranxs-available-languages-message qtranxs-available-languages-message-en\">Sorry, this entry is only available in <a href=\"https:\/\/www.enerjigazetesi.ist\/tr\/wp-json\/wp\/v2\/posts\/193953\" class=\"qtranxs-available-language-link qtranxs-available-language-link-tr\" title=\"Turkish\">Turkish<\/a>. For the sake of viewer convenience, the content is shown below in the alternative language. You may click the link to switch the active language.<\/p><p><\/p>\n<h2>Japon Nikkei Gazetesi\u2019ne konu\u015fan Enerji ve Tabii Kaynaklar Bakan\u0131 Alparslan Bayraktar, T\u00fcrkiye\u2019nin Avrupa&#8217;n\u0131n enerji arz g\u00fcvenli\u011fine daha fazla katk\u0131 sa\u011flamaya haz\u0131r oldu\u011funu s\u00f6yledi.<\/h2>\n<p><img loading=\"lazy\" class=\"aligncenter wp-image-193955\" src=\"https:\/\/www.enerjigazetesi.ist\/wp-content\/uploads\/2025\/01\/bayraktar.jpg\" alt=\"\" width=\"500\" height=\"332\" srcset=\"https:\/\/www.enerjigazetesi.ist\/wp-content\/uploads\/2025\/01\/bayraktar.jpg 550w, https:\/\/www.enerjigazetesi.ist\/wp-content\/uploads\/2025\/01\/bayraktar-300x199.jpg 300w, https:\/\/www.enerjigazetesi.ist\/wp-content\/uploads\/2025\/01\/bayraktar-500x332.jpg 500w, https:\/\/www.enerjigazetesi.ist\/wp-content\/uploads\/2025\/01\/bayraktar-75x50.jpg 75w, https:\/\/www.enerjigazetesi.ist\/wp-content\/uploads\/2025\/01\/bayraktar-450x300.jpg 450w\" sizes=\"(max-width: 500px) 100vw, 500px\" \/><\/p>\n<h3><strong>10 Milyar Metrek\u00fcp Do\u011fal Gaz<\/strong><\/h3>\n<p>Rus gaz\u0131n\u0131n Ukrayna \u00fczerinden Avrupa\u2019ya sevkiyat\u0131n\u0131n durmas\u0131n\u0131n ard\u0131ndan T\u00fcrkiye\u2019nin Avrupa\u2019n\u0131n ener arz g\u00fcvenli\u011fi konusundaki rol\u00fc \u00e7ok daha g\u00fc\u00e7lendi. Japon Nikkei Gazetesi\u2019ne konu\u015fan<strong> Enerji ve Tabii Kaynaklar Bakan\u0131 Alparslan Bayraktar,\u00a0<\/strong>T\u00fcrkiye\u2019nin Avrupa&#8217;n\u0131n enerji arz g\u00fcvenli\u011fine daha fazla katk\u0131 sa\u011flamaya haz\u0131r oldu\u011funu s\u00f6yledi. Bayraktar, <em>\u201cAvrupa siyasi irade ve taahh\u00fct g\u00f6stermesi ve ekenterkonneksiyon yat\u0131r\u0131mlar\u0131 yap\u0131lmas\u0131 durumunda, Balkan Boru Hatt\u0131 \u00fczerinden Orta ve Do\u011fu Avrupa&#8217;ya y\u0131ll\u0131k 10 milyar metrek\u00fcpe kadar gaz ihra\u00e7 edebiliriz\u201d <\/em>dedi.<\/p>\n<h3><strong>\u00c7ok Fazla Yat\u0131r\u0131m Gerekiyor<\/strong><\/h3>\n<p>Bakan Bayraktar, Nikkei\u2019ye verdi\u011fi m\u00fclakatta Suriye\u2019nin enerji altyap\u0131s\u0131n\u0131n yeniden in\u015fas\u0131na ili\u015fkin de konu\u015ftu. Ge\u00e7en hafta Suriye\u2019ye giden bakanl\u0131k heyetinin d\u00f6nd\u00fc\u011f\u00fcn\u00fc ve enerji altyap\u0131s\u0131n\u0131n \u00e7ok iyi olmad\u0131\u011f\u0131n\u0131 belirterek <em>\u201c\u00e7ok fazla yat\u0131r\u0131m yap\u0131lamas\u0131 gerekiyor\u201d<\/em> dedi. Bakan Bayraktar, <em>\u201cHalihaz\u0131rda Halep ve Afrin gibi Suriye \u015fehirlerine elektrik sa\u011fl\u0131yoruz. Bu tedari\u011fi daha g\u00fcneye uzatabiliriz. Ayr\u0131ca hanelere dizel jenerat\u00f6r yak\u0131t\u0131 tedarik edilebilir.\u201d<\/em> ifadelerini kulland\u0131. T\u00fcrkiye\u2019den Suriye\u2019ye bir do\u011fal gaz boru hatt\u0131 in\u015fa edilebilece\u011fini belirten Bakan Bayraktar, iletim hatlar\u0131n\u0131n onar\u0131lmas\u0131 halinde \u00f6zel sekt\u00f6re ait y\u00fczer elektrik \u00fcretim santrallerinin kullan\u0131labilece\u011fini s\u00f6yledi. K\u00fcresel topluma, Suriye&#8217;nin yeniden in\u015fas\u0131na yard\u0131mc\u0131 olma ve \u015eam&#8217;a y\u00f6nelik yapt\u0131r\u0131mlar\u0131 sona erdirme \u00e7a\u011fr\u0131s\u0131nda bulundu.<\/p>\n<h3><strong>Katar-T\u00fcrkiye Boru Hatt\u0131<\/strong><\/h3>\n<p>Enerji ve Tabii Kaynaklar Bakan\u0131, Suriye \u00fczerinden Katar\u2019dan T\u00fcrkiye\u2019ye bir boru hatt\u0131 projesinin yeniden canland\u0131r\u0131lmas\u0131 konusuna ili\u015fkin olarak ise \u00e7e\u015fitlili\u011fin herkes i\u00e7in iyi oldu\u011funu s\u00f6yledi. Bakan Bayraktar, Katar gaz\u0131n\u0131n T\u00fcrkiye&#8217;ye ula\u015ft\u0131ktan sonra T\u00fcrkiye\u2019deki mevcut boru hatt\u0131 altyap\u0131s\u0131 kullan\u0131larak swap anla\u015fmalar\u0131 yoluyla Avrupa&#8217;ya ula\u015fabilece\u011fini s\u00f6yledi. <em>\u201cBu t\u00fcr bir boru hatt\u0131 i\u00e7in gereken \u015fey g\u00fcvenli bir ta\u015f\u0131ma sistemidir. O da istikrarl\u0131 bir Suriye, istikrarl\u0131 bir b\u00f6lge gerektirir. T\u00fcm bunlar biraz zaman al\u0131r&#8221;<\/em> dedi.<\/p>\n<p>Kaynak: <a href=\"https:\/\/enerji.gov.tr\/haber-detay?id=21429\" target=\"_blank\" rel=\"noopener\">ETKB<\/a><\/p>\n<p>Yay\u0131na Alan: Alperen ERTA\u015e &#8211;\u00a0<a href=\"mailto:alperen.ertas@enerjigazetesi.ist\">alperen.ertas@enerjigazetesi.ist<\/a><\/p>","protected":false},"excerpt":{"rendered":"<p>Sorry, this entry is only available in Turkish. For the sake of viewer convenience, the content is shown below in the alternative language. You may click the link to switch the active language. Japon Nikkei Gazetesi\u2019ne konu\u015fan Enerji ve Tabii Kaynaklar Bakan\u0131 Alparslan Bayraktar, T\u00fcrkiye\u2019nin Avrupa&#8217;n\u0131n enerji arz g\u00fcvenli\u011fine daha fazla katk\u0131 sa\u011flamaya haz\u0131r oldu\u011funu [&hellip;]<\/p>\n","protected":false},"author":19,"featured_media":193956,"comment_status":"open","ping_status":"open","sticky":false,"template":"","format":"standard","meta":[],"categories":[46,53],"tags":[14004,9809,1635,115703,115705,115704],"views":23,"_links":{"self":[{"href":"https:\/\/www.enerjigazetesi.ist\/en\/wp-json\/wp\/v2\/posts\/193953"}],"collection":[{"href":"https:\/\/www.enerjigazetesi.ist\/en\/wp-json\/wp\/v2\/posts"}],"about":[{"href":"https:\/\/www.enerjigazetesi.ist\/en\/wp-json\/wp\/v2\/types\/post"}],"author":[{"embeddable":true,"href":"https:\/\/www.enerjigazetesi.ist\/en\/wp-json\/wp\/v2\/users\/19"}],"replies":[{"embeddable":true,"href":"https:\/\/www.enerjigazetesi.ist\/en\/wp-json\/wp\/v2\/comments?post=193953"}],"version-history":[{"count":0,"href":"https:\/\/www.enerjigazetesi.ist\/en\/wp-json\/wp\/v2\/posts\/193953\/revisions"}],"wp:featuredmedia":[{"embeddable":true,"href":"https:\/\/www.enerjigazetesi.ist\/en\/wp-json\/wp\/v2\/media\/193956"}],"wp:attachment":[{"href":"https:\/\/www.enerjigazetesi.ist\/en\/wp-json\/wp\/v2\/media?parent=193953"}],"wp:term":[{"taxonomy":"category","embeddable":true,"href":"https:\/\/www.enerjigazetesi.ist\/en\/wp-json\/wp\/v2\/categories?post=193953"},{"taxonomy":"post_tag","embeddable":true,"href":"https:\/\/www.enerjigazetesi.ist\/en\/wp-json\/wp\/v2\/tags?post=193953"}],"curies":[{"name":"wp","href":"https:\/\/api.w.org\/{rel}","templated":true}]}}