{"id":193922,"date":"2025-01-08T11:36:31","date_gmt":"2025-01-08T08:36:31","guid":{"rendered":"https:\/\/www.enerjigazetesi.ist\/?p=193922"},"modified":"2025-01-08T11:36:31","modified_gmt":"2025-01-08T08:36:31","slug":"opas-elektrik-2025te-global-pazarlara-yogunlasacak","status":"publish","type":"post","link":"https:\/\/www.enerjigazetesi.ist\/en\/opas-elektrik-2025te-global-pazarlara-yogunlasacak\/","title":{"rendered":"(Turkish) Opa\u015f Elektrik 2025&#8217;te Global Pazarlara Yo\u011funla\u015facak"},"content":{"rendered":"<p class=\"qtranxs-available-languages-message qtranxs-available-languages-message-en\">Sorry, this entry is only available in <a href=\"https:\/\/www.enerjigazetesi.ist\/tr\/wp-json\/wp\/v2\/posts\/193922\" class=\"qtranxs-available-language-link qtranxs-available-language-link-tr\" title=\"Turkish\">Turkish<\/a>. For the sake of viewer convenience, the content is shown below in the alternative language. You may click the link to switch the active language.<\/p><p><\/p>\n<h2 class=\"v1MsoNormal\">Paket \u015falter \u00fcretiminde T\u00fcrkiye&#8217;nin lider \u015firketlerinden biri olan\u00a0<b>Opa\u015f Elektrik<\/b>, 2024 y\u0131l\u0131n\u0131 k\u00fcresel ekonomik zorluklara ra\u011fmen ba\u015far\u0131yla geride b\u0131rakt\u0131. Firma, bu d\u00f6nemde cirosunu korumakla kalmay\u0131p yurt d\u0131\u015f\u0131ndan gelen taleplerini de art\u0131rd\u0131.<\/h2>\n<p class=\"v1MsoNormal\">Opa\u015f Elektrik, 2025 y\u0131l\u0131na y\u00f6nelik yenilik\u00e7i hedefleriyle sekt\u00f6rdeki lider konumunu daha da g\u00fc\u00e7lendirmeyi hedefliyor.\u00a0<b>Opa\u015f Elektrik Y\u00f6netim Kurulu \u00dcyesi Atakan Obuz<\/b>\u00a0konuya ili\u015fkin yapt\u0131\u011f\u0131 a\u00e7\u0131klamada \u015funlar\u0131 s\u00f6yledi;<\/p>\n<div id=\"attachment_193925\" style=\"width: 510px\" class=\"wp-caption aligncenter\"><img aria-describedby=\"caption-attachment-193925\" loading=\"lazy\" class=\"wp-image-193925\" src=\"https:\/\/www.enerjigazetesi.ist\/wp-content\/uploads\/2025\/01\/opas-elektrik-2025te-global-pazarlara-yogunlasacak-1.jpg\" alt=\"\" width=\"500\" height=\"363\" srcset=\"https:\/\/www.enerjigazetesi.ist\/wp-content\/uploads\/2025\/01\/opas-elektrik-2025te-global-pazarlara-yogunlasacak-1.jpg 550w, https:\/\/www.enerjigazetesi.ist\/wp-content\/uploads\/2025\/01\/opas-elektrik-2025te-global-pazarlara-yogunlasacak-1-300x218.jpg 300w, https:\/\/www.enerjigazetesi.ist\/wp-content\/uploads\/2025\/01\/opas-elektrik-2025te-global-pazarlara-yogunlasacak-1-500x363.jpg 500w, https:\/\/www.enerjigazetesi.ist\/wp-content\/uploads\/2025\/01\/opas-elektrik-2025te-global-pazarlara-yogunlasacak-1-69x50.jpg 69w\" sizes=\"(max-width: 500px) 100vw, 500px\" \/><p id=\"caption-attachment-193925\" class=\"wp-caption-text\">Opa\u015f Elektrik Y\u00f6netim Kurulu \u00dcyesi Atakan Obuz<\/p><\/div>\n<p class=\"v1MsoNormal\"><i>&#8220;2024 k\u00fcresel anlamda zorlu bir y\u0131l olmas\u0131na ra\u011fmen Opa\u015f Elektrik olarak \u00fcr\u00fcn kalitemiz ve g\u00fcvenilir hizmet anlay\u0131\u015f\u0131m\u0131z sayesinde ciromuzu korumay\u0131 ba\u015fard\u0131k. \u00dcr\u00fcnlerimizin d\u00fcnya \u00e7ap\u0131nda kalite standartlar\u0131na sahip olmas\u0131, yurt d\u0131\u015f\u0131 m\u00fc\u015fterilerimizin g\u00fcvenini kazanmam\u0131z\u0131 sa\u011flad\u0131.<\/i><\/p>\n<p class=\"v1MsoNormal\"><i>Bu ba\u015far\u0131, Opa\u015f&#8217;\u0131n hem teknik bilgi birikimini hem de yenilik\u00e7i \u00fcretim anlay\u0131\u015f\u0131n\u0131 yans\u0131tmaktad\u0131r. Yeni y\u0131lda Avrupa&#8217;daki faaliyetlerimizi geni\u015fletmek ve daha g\u00fc\u00e7l\u00fc bir pazar pay\u0131 elde etmek i\u00e7in yat\u0131r\u0131mlar\u0131m\u0131za h\u0131z kazand\u0131raca\u011f\u0131z.<\/i><\/p>\n<p class=\"v1MsoNormal\"><i>Opa\u015f Elektrik olarak her zaman m\u00fc\u015fterilerimize en iyi \u00fcr\u00fcnleri sunmay\u0131 ve T\u00fcrk m\u00fchendisli\u011finin global standartlarda \u00fcretim ba\u015far\u0131s\u0131n\u0131 d\u00fcnyaya tan\u0131tmay\u0131 ama\u00e7l\u0131yoruz. 2025&#8217;in, hem \u015firketimiz hem de T\u00fcrk sanayisi i\u00e7in yeni f\u0131rsatlarla dolu bir y\u0131l olaca\u011f\u0131na inan\u0131yoruz.&#8221;<\/i><\/p>\n<h3 class=\"v1MsoNormal\" style=\"text-align: left;\" align=\"center\"><b>Opa\u015f 2025&#8217;te, Avrupa&#8217;da Daha G\u00fc\u00e7l\u00fc Bir Marka Olacak<\/b><\/h3>\n<p class=\"v1MsoNormal\">Opa\u015f Elektrik, 2025 y\u0131l\u0131nda Avrupa Birli\u011fi \u00fclkelerine y\u00f6nelik yat\u0131r\u0131mlar\u0131n\u0131 ve etkinliklerini art\u0131rmay\u0131 hedefliyor. AB pazar\u0131ndaki geni\u015fleme stratejisi do\u011frultusunda yeni \u00fcretim teknolojileri ve lojistik altyap\u0131 geli\u015ftirme \u00e7al\u0131\u015fmalar\u0131na a\u011f\u0131rl\u0131k verilecek.<\/p>\n<p class=\"v1MsoNormal\">\u015eirket, \u00fcr\u00fcnlerinin y\u00fcksek kalite ve g\u00fcvenilirlik \u00f6zellikleriyle Avrupa pazar\u0131nda daha fazla yer edinmeyi ama\u00e7l\u0131yor. Ayr\u0131ca, uluslararas\u0131 fuar ve etkinliklere kat\u0131l\u0131m sa\u011flayarak marka bilinirli\u011fini art\u0131rmay\u0131 ve global bir marka olma yolunda ilerlemeyi planl\u0131yor.<\/p>\n<p class=\"v1MsoNormal\">Opa\u015f Elektrik, paket \u015falter \u00fcretiminde T\u00fcrkiye&#8217;nin lider firmalar\u0131ndan biri olarak, yenilik\u00e7i teknolojileri ve y\u00fcksek kalite standartlar\u0131yla ulusal ve uluslararas\u0131 pazarlarda hizmet vermeye yeni y\u0131lda da b\u00fcy\u00fcyerek devam edecek.<\/p>\n<p><\/p>","protected":false},"excerpt":{"rendered":"<p>Sorry, this entry is only available in Turkish. For the sake of viewer convenience, the content is shown below in the alternative language. You may click the link to switch the active language. Paket \u015falter \u00fcretiminde T\u00fcrkiye&#8217;nin lider \u015firketlerinden biri olan\u00a0Opa\u015f Elektrik, 2024 y\u0131l\u0131n\u0131 k\u00fcresel ekonomik zorluklara ra\u011fmen ba\u015far\u0131yla geride b\u0131rakt\u0131. Firma, bu d\u00f6nemde cirosunu [&hellip;]<\/p>\n","protected":false},"author":1,"featured_media":193924,"comment_status":"open","ping_status":"open","sticky":false,"template":"","format":"standard","meta":[],"categories":[51,53],"tags":[115696,115695],"views":14,"_links":{"self":[{"href":"https:\/\/www.enerjigazetesi.ist\/en\/wp-json\/wp\/v2\/posts\/193922"}],"collection":[{"href":"https:\/\/www.enerjigazetesi.ist\/en\/wp-json\/wp\/v2\/posts"}],"about":[{"href":"https:\/\/www.enerjigazetesi.ist\/en\/wp-json\/wp\/v2\/types\/post"}],"author":[{"embeddable":true,"href":"https:\/\/www.enerjigazetesi.ist\/en\/wp-json\/wp\/v2\/users\/1"}],"replies":[{"embeddable":true,"href":"https:\/\/www.enerjigazetesi.ist\/en\/wp-json\/wp\/v2\/comments?post=193922"}],"version-history":[{"count":0,"href":"https:\/\/www.enerjigazetesi.ist\/en\/wp-json\/wp\/v2\/posts\/193922\/revisions"}],"wp:featuredmedia":[{"embeddable":true,"href":"https:\/\/www.enerjigazetesi.ist\/en\/wp-json\/wp\/v2\/media\/193924"}],"wp:attachment":[{"href":"https:\/\/www.enerjigazetesi.ist\/en\/wp-json\/wp\/v2\/media?parent=193922"}],"wp:term":[{"taxonomy":"category","embeddable":true,"href":"https:\/\/www.enerjigazetesi.ist\/en\/wp-json\/wp\/v2\/categories?post=193922"},{"taxonomy":"post_tag","embeddable":true,"href":"https:\/\/www.enerjigazetesi.ist\/en\/wp-json\/wp\/v2\/tags?post=193922"}],"curies":[{"name":"wp","href":"https:\/\/api.w.org\/{rel}","templated":true}]}}