{"id":193917,"date":"2025-01-08T10:43:36","date_gmt":"2025-01-08T07:43:36","guid":{"rendered":"https:\/\/www.enerjigazetesi.ist\/?p=193917"},"modified":"2025-01-08T10:46:27","modified_gmt":"2025-01-08T07:46:27","slug":"yorglass-karbon-salimini-3-yilda-yuzde-23-azaltti","status":"publish","type":"post","link":"https:\/\/www.enerjigazetesi.ist\/en\/yorglass-karbon-salimini-3-yilda-yuzde-23-azaltti\/","title":{"rendered":"(Turkish) &#8217;Yorglass&#8217; Karbon Sal\u0131m\u0131n\u0131 3 Y\u0131lda Y\u00fczde 23 Azaltt\u0131"},"content":{"rendered":"<p class=\"qtranxs-available-languages-message qtranxs-available-languages-message-en\">Sorry, this entry is only available in <a href=\"https:\/\/www.enerjigazetesi.ist\/tr\/wp-json\/wp\/v2\/posts\/193917\" class=\"qtranxs-available-language-link qtranxs-available-language-link-tr\" title=\"Turkish\">Turkish<\/a>. For the sake of viewer convenience, the content is shown below in the alternative language. You may click the link to switch the active language.<\/p><p><\/p>\n<h2><strong>Cam \u00fcretiminde kullan\u0131lan enerji miktar\u0131n\u0131n azalt\u0131lmas\u0131, karbon emisyonlar\u0131n\u0131n d\u00fc\u015f\u00fcr\u00fclmesi ve kaynaklar\u0131n daha verimli kullan\u0131lmas\u0131 \u00e7evreye duyarl\u0131 bir gelecek i\u00e7in at\u0131labilecek en \u00f6nemli ad\u0131mlar aras\u0131nda yer al\u0131yor. Cam sekt\u00f6r\u00fcn\u00fcn \u00e7evresel etkilerini azaltmaya y\u00f6nelik s\u00fcrd\u00fcr\u00fclebilir ad\u0131mlar atan Yorglass ise yenilenebilir enerji kullan\u0131m\u0131 ve geri d\u00f6n\u00fc\u015f\u00fcm uygulamalar\u0131yla \u00f6ne \u00e7\u0131k\u0131yor. Elektrik t\u00fcketiminde yenilenebilir enerji oran\u0131n\u0131 y\u00fczde 12&#8217;den y\u00fczde 28&#8217;e y\u00fckselten \u015firket, karbon emisyonlar\u0131n\u0131 da y\u00fczde 23 oran\u0131nda azaltarak 582 bin 121 tondan 451 bin 077 tona d\u00fc\u015f\u00fcrd\u00fc. Ayr\u0131ca, son 3 y\u0131lda geri d\u00f6n\u00fc\u015ft\u00fcrd\u00fc\u011f\u00fc 550 ton ka\u011f\u0131t ve karton at\u0131\u011f\u0131 sayesinde 9 bin 364 a\u011fac\u0131n kesilmesini \u00f6nledi.<\/strong><\/h2>\n<p style=\"text-align: center;\"><img loading=\"lazy\" class=\"aligncenter wp-image-193919\" src=\"https:\/\/www.enerjigazetesi.ist\/wp-content\/uploads\/2025\/01\/yorglass-karbon-salimini-3-yilda-yuzde-23-azaltti.jpg\" alt=\"\" width=\"500\" height=\"337\" srcset=\"https:\/\/www.enerjigazetesi.ist\/wp-content\/uploads\/2025\/01\/yorglass-karbon-salimini-3-yilda-yuzde-23-azaltti.jpg 550w, https:\/\/www.enerjigazetesi.ist\/wp-content\/uploads\/2025\/01\/yorglass-karbon-salimini-3-yilda-yuzde-23-azaltti-300x202.jpg 300w, https:\/\/www.enerjigazetesi.ist\/wp-content\/uploads\/2025\/01\/yorglass-karbon-salimini-3-yilda-yuzde-23-azaltti-500x337.jpg 500w, https:\/\/www.enerjigazetesi.ist\/wp-content\/uploads\/2025\/01\/yorglass-karbon-salimini-3-yilda-yuzde-23-azaltti-74x50.jpg 74w\" sizes=\"(max-width: 500px) 100vw, 500px\" \/><\/p>\n<p>Cam sekt\u00f6r\u00fc, enerji yo\u011fun s\u00fcre\u00e7leri nedeniyle \u00e7evresel etkileri en fazla hissedilen end\u00fcstrilerden biri olarak \u00f6ne \u00e7\u0131k\u0131yor. Ancak s\u00fcrd\u00fcr\u00fclebilir \u00fcretim modelleri ve \u00e7evre dostu yakla\u015f\u0131mlar\u0131 sayesinde bu etkileri en aza indiren cam d\u00fcnyas\u0131n\u0131n global ve g\u00fcvenilir tedarik\u00e7isi Yorglass, sekt\u00f6re yeni bir y\u00f6n kazand\u0131r\u0131yor. \u00dcretimde yenilenebilir enerji kaynaklar\u0131na y\u00f6nelmenin s\u00fcrd\u00fcr\u00fclebilirli\u011fin temel ta\u015flar\u0131ndan biri oldu\u011funu s\u00f6yleyen\u00a0<strong>Yorglass Y\u00f6netim Kurulu Ba\u015fkan\u0131 Semavi Yorganc\u0131lar<\/strong>, bu alanda att\u0131klar\u0131 \u00f6nc\u00fc ad\u0131mlar\u0131 de\u011ferlendirdi.<\/p>\n<h3><strong>\u201c550 Ton K\u00e2\u011f\u0131t ve Karton At\u0131\u011f\u0131 D\u00f6n\u00fc\u015ft\u00fcrerek 9 Binden Fazla A\u011fac\u0131n Kesilmesini \u00d6nledik\u201d<\/strong><\/h3>\n<div id=\"attachment_193920\" style=\"width: 510px\" class=\"wp-caption aligncenter\"><img aria-describedby=\"caption-attachment-193920\" loading=\"lazy\" class=\"wp-image-193920\" src=\"https:\/\/www.enerjigazetesi.ist\/wp-content\/uploads\/2025\/01\/yorglass-karbon-salimini-3-yilda-yuzde-23-azaltti-1.jpg\" alt=\"\" width=\"500\" height=\"334\" srcset=\"https:\/\/www.enerjigazetesi.ist\/wp-content\/uploads\/2025\/01\/yorglass-karbon-salimini-3-yilda-yuzde-23-azaltti-1.jpg 550w, https:\/\/www.enerjigazetesi.ist\/wp-content\/uploads\/2025\/01\/yorglass-karbon-salimini-3-yilda-yuzde-23-azaltti-1-300x200.jpg 300w, https:\/\/www.enerjigazetesi.ist\/wp-content\/uploads\/2025\/01\/yorglass-karbon-salimini-3-yilda-yuzde-23-azaltti-1-500x334.jpg 500w, https:\/\/www.enerjigazetesi.ist\/wp-content\/uploads\/2025\/01\/yorglass-karbon-salimini-3-yilda-yuzde-23-azaltti-1-75x50.jpg 75w, https:\/\/www.enerjigazetesi.ist\/wp-content\/uploads\/2025\/01\/yorglass-karbon-salimini-3-yilda-yuzde-23-azaltti-1-450x300.jpg 450w\" sizes=\"(max-width: 500px) 100vw, 500px\" \/><p id=\"caption-attachment-193920\" class=\"wp-caption-text\">Yorglass Y\u00f6netim Kurulu Ba\u015fkan\u0131 Semavi Yorganc\u0131lar<\/p><\/div>\n<p>Elektrik t\u00fcketiminde yenilenebilir enerji oran\u0131n\u0131 art\u0131rarak karbon emisyonlar\u0131n\u0131 \u00f6nemli \u00f6l\u00e7\u00fcde azaltt\u0131klar\u0131n\u0131 vurgulayan\u00a0<strong>Semavi Yorganc\u0131lar<\/strong>; <em>\u201cUluslararas\u0131 Yenilenebilir Enerji Sertifikas\u0131 (I-REC) kapsam\u0131nda yenilenebilir enerji kaynaklar\u0131ndan elde etti\u011fimiz toplam elektrik t\u00fcketimimizi y\u00fczde 12\u2019den y\u00fczde 28\u2019e y\u00fckselttik. Ayr\u0131ca yapt\u0131\u011f\u0131m\u0131z 240 milyon TL\u2019lik GES yat\u0131r\u0131m\u0131m\u0131zla fabrikalar\u0131m\u0131z\u0131n \u00e7at\u0131lar\u0131na toplamda 28 bin 885 adet g\u00fcne\u015f paneli monte ederek y\u0131lda 17,1 milyon kWh elektrik \u00fcretmeye ba\u015flayaca\u011f\u0131z. \u00dcretece\u011fimiz enerjinin b\u00fcy\u00fckl\u00fc\u011f\u00fc 3 bin 425 hanenin y\u0131ll\u0131k elektrik ihtiyac\u0131n\u0131 kar\u015f\u0131lamaya denk geliyor. Bu ad\u0131m\u0131m\u0131z ile y\u0131ll\u0131k bazda 7 bin 507 ton karbondioksit sal\u0131m\u0131n\u0131n \u00f6n\u00fcne ge\u00e7ece\u011fiz. B\u00f6ylece sadece karbon ayak izimizi k\u00fc\u00e7\u00fcltmekle kalmad\u0131k ayn\u0131 zamanda \u00e7evresel etkilerimizi de en aza indirmenin f\u0131rsat\u0131n\u0131 yaratt\u0131k. Di\u011fer yandan s\u00fcrd\u00fcr\u00fclebilirlik stratejimizin temel unsurlar\u0131ndan biri olan geri d\u00f6n\u00fc\u015f\u00fcm ilkemiz, kaynaklar\u0131n verimli kullan\u0131lmas\u0131na ve ekosistemin korunmas\u0131na y\u00f6nelik somut katk\u0131lar sa\u011fl\u0131yor. Bu \u00e7er\u00e7evede son 3 y\u0131lda geri d\u00f6n\u00fc\u015ft\u00fcrd\u00fc\u011f\u00fcm\u00fcz 550 ton k\u00e2\u011f\u0131t ve karton at\u0131\u011f\u0131 sayesinde 9 bin 364 a\u011fac\u0131n kesilmesini \u00f6nledik. Bunun yan\u0131nda, at\u0131k y\u00f6netiminde \u00e7evre dostu uygulamalarla geri d\u00f6n\u00fc\u015f\u00fcm oran\u0131n\u0131 art\u0131rmaya devam ediyoruz\u201d<\/em> dedi.<\/p>\n<h3><strong>\u201cHer Ad\u0131mda \u00c7evre Dostu Teknolojilere Yat\u0131r\u0131m Yap\u0131yoruz\u201d\u00a0<\/strong><\/h3>\n<p>Karbon emisyonlar\u0131n\u0131 azalt\u0131lman\u0131n s\u00fcrd\u00fcr\u00fclebilir gelece\u011fin vazge\u00e7ilmez bir par\u00e7as\u0131 oldu\u011funa vurgu yapan\u00a0<strong>Yorganc\u0131lar<\/strong>; <em>\u201cYorglass olarak enerji verimlili\u011fi projeleri ve lojistik s\u00fcre\u00e7lerdeki optimizasyonlarla bu alanda dikkat \u00e7ekici sonu\u00e7lar elde ettik. Bu ba\u011flamda 582 bin 121 ton olan karbon emisyonumuzu, y\u00fczde 23 azalarak 451 bin 077 ton seviyesine indirdik. Bu ba\u015far\u0131, enerji t\u00fcketimini optimize etme, yenilenebilir enerji kullan\u0131m\u0131n\u0131 art\u0131rma ve do\u011falgaz t\u00fcketiminde yap\u0131lan iyile\u015ftirmelerle m\u00fcmk\u00fcn oldu. S\u00fcrd\u00fcr\u00fclebilirli\u011fi i\u015f yap\u0131\u015f modellerine entegre eden bir \u015firket olarak her ad\u0131mda \u00e7evre dostu teknolojilere yat\u0131r\u0131m yap\u0131yor ve bu alandaki liderli\u011fimizi s\u00fcrd\u00fcr\u00fcyoruz. Cam sekt\u00f6r\u00fcnde bu t\u00fcr giri\u015fimlerin yayg\u0131nla\u015fmas\u0131 hem sekt\u00f6rel d\u00f6n\u00fc\u015f\u00fcm hem de k\u00fcresel \u00e7evre sorunlar\u0131n\u0131n \u00e7\u00f6z\u00fcm\u00fcne katk\u0131 sa\u011fl\u0131yor. Cam sekt\u00f6r\u00fcnde s\u00fcrd\u00fcr\u00fclebilir \u00fcretim modellerinin yayg\u0131nla\u015fmas\u0131 ve \u00e7evresel etkilerin azalt\u0131lmas\u0131 sadece \u015firketlerin de\u011fil ayn\u0131 zamanda toplumun ve d\u00fcnyan\u0131n gelece\u011fi i\u00e7in de hayati \u00f6nem ta\u015f\u0131yor. Yorglass olarak, bu d\u00f6n\u00fc\u015f\u00fcm\u00fcn bir par\u00e7as\u0131 olmaktan gurur duyuyor ve daha ye\u015fil bir gelecek i\u00e7in \u00e7al\u0131\u015fmalar\u0131m\u0131za kararl\u0131l\u0131kla devam ediyoruz, edece\u011fiz\u201d<\/em> ifadelerini kulland\u0131.<\/p>\n<h3><strong>\u201cS\u00fcrd\u00fcr\u00fclebilirlik \u00c7al\u0131\u015fmalar\u0131m\u0131z I\u015f\u0131\u011f\u0131nda Kendi Ba\u015far\u0131lar\u0131m\u0131zla Yar\u0131\u015f\u0131yoruz\u201d<\/strong><\/h3>\n<p>Hayta ge\u00e7irdikleri projelerle bir\u00e7ok \u00f6nemli derece elde ettiklerine de de\u011finen\u00a0<strong>Yorganc\u0131lar<\/strong>, s\u00f6zlerini \u015f\u00f6yle noktalad\u0131: <em>\u201c2024 y\u0131l\u0131nda \u00e7evresel, sosyal ve y\u00f6neti\u015fim fakt\u00f6rlerini de\u011ferlendirerek \u015firketlerin s\u00fcrd\u00fcr\u00fclebilirlik performans\u0131n\u0131 analiz eden CRIF ESG de\u011ferlendirmesinde \u2018A\u2019 m\u00fckemmel d\u00fczeyde s\u00fcrd\u00fcr\u00fclebilirlik skorunun sahibi olduk. T\u00fcrkiye Kalite Derne\u011fi\u2019nin (KalDer), T\u00fcrkiye S\u00fcrd\u00fcr\u00fclebilir Gelecek \u00d6d\u00fclleri kapsam\u0131nda 2023 y\u0131l\u0131nda Y\u00f6neti\u015fim Alan\u0131nda \u0130yi Uygulama, 2024 y\u0131l\u0131nda ise Ba\u015far\u0131 \u00d6d\u00fcl\u00fc\u2019n\u00fc kazand\u0131k. D\u00fcnyada en \u00e7ok ge\u00e7erlili\u011fi olan Ecovadis S\u00fcrd\u00fcr\u00fclebilirlik Endeksi\u2019nde Bronz kategoriye y\u00fckseldik. \u00d6d\u00fcllerimizin yan\u0131 s\u0131ra CDP\u2019de raporlama yapan ve t\u00fcm i\u015fletmeleri S\u0131f\u0131r At\u0131k Belgesi alan bir \u015firket olarak, m\u00fc\u015fterilerimizin enerji t\u00fcketimlerini \u00fcr\u00fcn kodu baz\u0131nda raporluyor, onlar\u0131 daha y\u00fcksek enerji tasarrufu hedeflerine y\u00f6nlendiriyoruz. S\u00fcrd\u00fcr\u00fclebilirlik \u00e7al\u0131\u015fmalar\u0131m\u0131z \u0131\u015f\u0131\u011f\u0131nda kendi ba\u015far\u0131lar\u0131m\u0131zla yar\u0131\u015farak gelecek nesillere daha ya\u015fan\u0131las\u0131 bir d\u00fcnya b\u0131rakmay\u0131 ama\u00e7l\u0131yoruz.\u201d<\/em><\/p>","protected":false},"excerpt":{"rendered":"<p>Sorry, this entry is only available in Turkish. For the sake of viewer convenience, the content is shown below in the alternative language. You may click the link to switch the active language. Cam \u00fcretiminde kullan\u0131lan enerji miktar\u0131n\u0131n azalt\u0131lmas\u0131, karbon emisyonlar\u0131n\u0131n d\u00fc\u015f\u00fcr\u00fclmesi ve kaynaklar\u0131n daha verimli kullan\u0131lmas\u0131 \u00e7evreye duyarl\u0131 bir gelecek i\u00e7in at\u0131labilecek en \u00f6nemli [&hellip;]<\/p>\n","protected":false},"author":1,"featured_media":193919,"comment_status":"open","ping_status":"open","sticky":false,"template":"","format":"standard","meta":[],"categories":[53,52],"tags":[20832,614,115694,3344,105,106317],"views":21,"_links":{"self":[{"href":"https:\/\/www.enerjigazetesi.ist\/en\/wp-json\/wp\/v2\/posts\/193917"}],"collection":[{"href":"https:\/\/www.enerjigazetesi.ist\/en\/wp-json\/wp\/v2\/posts"}],"about":[{"href":"https:\/\/www.enerjigazetesi.ist\/en\/wp-json\/wp\/v2\/types\/post"}],"author":[{"embeddable":true,"href":"https:\/\/www.enerjigazetesi.ist\/en\/wp-json\/wp\/v2\/users\/1"}],"replies":[{"embeddable":true,"href":"https:\/\/www.enerjigazetesi.ist\/en\/wp-json\/wp\/v2\/comments?post=193917"}],"version-history":[{"count":0,"href":"https:\/\/www.enerjigazetesi.ist\/en\/wp-json\/wp\/v2\/posts\/193917\/revisions"}],"wp:featuredmedia":[{"embeddable":true,"href":"https:\/\/www.enerjigazetesi.ist\/en\/wp-json\/wp\/v2\/media\/193919"}],"wp:attachment":[{"href":"https:\/\/www.enerjigazetesi.ist\/en\/wp-json\/wp\/v2\/media?parent=193917"}],"wp:term":[{"taxonomy":"category","embeddable":true,"href":"https:\/\/www.enerjigazetesi.ist\/en\/wp-json\/wp\/v2\/categories?post=193917"},{"taxonomy":"post_tag","embeddable":true,"href":"https:\/\/www.enerjigazetesi.ist\/en\/wp-json\/wp\/v2\/tags?post=193917"}],"curies":[{"name":"wp","href":"https:\/\/api.w.org\/{rel}","templated":true}]}}