{"id":1939,"date":"2012-09-11T09:59:13","date_gmt":"2012-09-11T06:59:13","guid":{"rendered":"https:\/\/www.enerjigazetesi.ist\/?p=1939"},"modified":"2012-09-11T09:59:13","modified_gmt":"2012-09-11T06:59:13","slug":"senkoy-ruzgar-enerji-santrali-acildi","status":"publish","type":"post","link":"https:\/\/www.enerjigazetesi.ist\/en\/senkoy-ruzgar-enerji-santrali-acildi\/","title":{"rendered":"(Turkish) \u015eenk\u00f6y R\u00fczgar Enerji Santrali A\u00e7\u0131ld\u0131"},"content":{"rendered":"<p class=\"qtranxs-available-languages-message qtranxs-available-languages-message-en\">Sorry, this entry is only available in <a href=\"https:\/\/www.enerjigazetesi.ist\/tr\/wp-json\/wp\/v2\/posts\/1939\" class=\"qtranxs-available-language-link qtranxs-available-language-link-tr\" title=\"Turkish\">Turkish<\/a>. For the sake of viewer convenience, the content is shown below in the alternative language. You may click the link to switch the active language.<\/p><p><strong>G\u00fcri\u015f taraf\u0131ndan yap\u0131m\u0131na Haziran 2011 y\u0131l\u0131nda ba\u015flanan ve ge\u00e7ti\u011fimiz aylarda i\u015fletmeye al\u0131nan Hatay\u2019daki \u015eenk\u00f6y R\u00fczg\u00e2r Enerjisi Santrali\u2019nin a\u00e7\u0131l\u0131\u015f t\u00f6reni, 04 A\u011fustos Cumartesi g\u00fcn\u00fc Enerji ve Tabii Kaynaklar Bakan\u0131 Taner Y\u0131ld\u0131z ve Adalet Bakan\u0131 Sadullah Ergin\u2019in kat\u0131l\u0131m\u0131yla yap\u0131ld\u0131. A\u00e7\u0131l\u0131\u015fta G\u00fcri\u015f Genel M\u00fcd\u00fcr\u00fc M\u00fc\u015ffik Yamant\u00fcrk de haz\u0131r bulundu.<\/strong><\/p>\n<p><img loading=\"lazy\" class=\"alignright size-medium wp-image-1940\" title=\"senkoy-ruzgar-enerji-santralini-acti\" src=\"https:\/\/www.enerjigazetesi.ist\/wp-content\/uploads\/2012\/09\/senkoy-ruzgar-enerji-santralini-acti-300x199.jpg\" alt=\"\" width=\"300\" height=\"199\" srcset=\"https:\/\/www.enerjigazetesi.ist\/wp-content\/uploads\/2012\/09\/senkoy-ruzgar-enerji-santralini-acti-300x199.jpg 300w, https:\/\/www.enerjigazetesi.ist\/wp-content\/uploads\/2012\/09\/senkoy-ruzgar-enerji-santralini-acti-75x50.jpg 75w, https:\/\/www.enerjigazetesi.ist\/wp-content\/uploads\/2012\/09\/senkoy-ruzgar-enerji-santralini-acti.jpg 400w\" sizes=\"(max-width: 300px) 100vw, 300px\" \/>G\u00fcri\u015f \u0130n\u015faat ve M\u00fchendislik A. \u015e. taraf\u0131ndan ger\u00e7ekle\u015ftirilen \u015eenk\u00f6y R\u00fczgar Santrali\u2019nde Alstom\u2019un kurdu\u011fu her biri 3 MW g\u00fcc\u00fcnde 9 adet ECO 100 r\u00fczgar t\u00fcrbini ile toplamda 27 MW g\u00fc\u00e7 elde ediliyor. \u015eenk\u00f6y R\u00fczgar Santrali, tahmini 86.548.000 IWh\/Y\u0131l \u00fcretim kapasitesiyle yakla\u015f\u0131k 40.000 hanenin elektrik ihtiyac\u0131n\u0131 kar\u015f\u0131layacak. Ayr\u0131ca y\u0131lda ortalama 41.000 ton karbon sal\u0131n\u0131m\u0131n\u0131 engelleyecek<\/p>\n<p>\u015eenk\u00f6y RES`in y\u0131ll\u0131k tahmini enerji \u00fcretimi hesaplanandan y\u00fcksek olaca\u011f\u0131n\u0131 s\u00f6yleyen G\u00fcri\u015f Genel M\u00fcd\u00fcr\u00fc M\u00fc\u015ffik Yamant\u00fcrk, konuya ili\u015fkin yapt\u0131\u011f\u0131 a\u00e7\u0131klamada &#8220;Alstom\u2019un ECO 100 t\u00fcrbinleriyle, \u015eenk\u00f6y \u00e7iftli\u011finin y\u0131ll\u0131k tahmini enerji \u00fcretimi, proje geli\u015ftirilirken ilk ba\u015fta hesaplanan \u00fcretimden yakla\u015f\u0131k y\u00fczde 10 daha y\u00fcksek olacak&#8221; dedi.<\/p>\n<p>Bu projenin G\u00fcri\u015f\u2019in ikinci projesi oldu\u011funu belirten Yamant\u00fcrk s\u00f6zlerine \u015f\u00f6yle devam etti:\u00a0 \u201cT\u00fcrkiye`nin elektrik t\u00fcketimi y\u0131lda ortalama y\u00fczde 8 oran\u0131nda art\u0131\u015f g\u00f6steriyor. Bu talebin kar\u015f\u0131lanmas\u0131na yard\u0131mc\u0131 olmak i\u00e7in \u00fclke, enerji emniyetini geli\u015ftirmenin ve ithal gaza olan ba\u011f\u0131ml\u0131l\u0131\u011f\u0131 azaltman\u0131n bir arac\u0131 olarak h\u0131zla yenilenebilir enerji kaynaklar\u0131na y\u00f6neliyor. T\u00fcrkiye, 2023 y\u0131l\u0131na kadar 20 bin MVV`l\u0131kr\u00fczgar enerjisi kapasitesine ula\u015fmay\u0131 hedefliyor. Bu hedefe ula\u015fabilmek i\u00e7in biz de projeler ger\u00e7ekle\u015ftiriyoruz\u201d.<\/p>\n<p>G\u00fcri\u015f ile ger\u00e7ekle\u015ftirdikleri bu i\u015fbirli\u011finden son derece memnun olduklar\u0131n\u0131, ifade eden Alstom T\u00fcrkiye \u00dclke Ba\u015fkan\u0131 Adil Tekin: \u201cHem termal hem yenilenebilir enerji \u00fcretiminde T\u00fcrk enerji piyasas\u0131nda yakla\u015f\u0131k 60 y\u0131ld\u0131r faaliyet g\u00f6steriyoruz. Gaz, k\u00f6m\u00fcr ve yenilenebilir enerji dahil olmak \u00fczere enerji \u00fcretiminin her alan\u0131nda T\u00fcrkiye\u2019nin ihtiya\u00e7lar\u0131na hizmet edebilecek durumday\u0131z. \u015eu anda hidroelektrikte kurulu kapasitenin yar\u0131s\u0131nda Alstom markas\u0131n\u0131 g\u00f6rebilirsiniz. Biz buradaki liderli\u011fimizi r\u00fczgar enerji santrallerine de ta\u015f\u0131mak istiyoruz. \u015eenk\u00f6y RES projesi ile birlikte Alstom\u2019un 30 y\u0131ll\u0131k tecr\u00fcbesini T\u00fcrkiye\u2019ye getirmi\u015f olduk\u201d dedi.<\/p>\n<p>R\u00fczgar Santral\u0131\u2019n\u0131n tedarik, kurulum ve i\u015fletmeye alma i\u015flerini ger\u00e7ekle\u015ftiren Alstom, ilk be\u015f y\u0131l i\u00e7in i\u015fletme ve bak\u0131m hizmetlerini sunacak.<\/p>\n<p>Kaynak: <a href=\"http:\/\/www.haberortak.com\/Haber\/Enerji\/06082012\/Senkoy-Ruzgar-Enerji-Santrali-acildi.php\" target=\"_blank\">HaberOrtak<\/a><\/p>","protected":false},"excerpt":{"rendered":"<p>Sorry, this entry is only available in Turkish. For the sake of viewer convenience, the content is shown below in the alternative language. You may click the link to switch the active language.G\u00fcri\u015f taraf\u0131ndan yap\u0131m\u0131na Haziran 2011 y\u0131l\u0131nda ba\u015flanan ve ge\u00e7ti\u011fimiz aylarda i\u015fletmeye al\u0131nan Hatay\u2019daki \u015eenk\u00f6y R\u00fczg\u00e2r Enerjisi Santrali\u2019nin a\u00e7\u0131l\u0131\u015f t\u00f6reni, 04 A\u011fustos Cumartesi g\u00fcn\u00fc [&hellip;]<\/p>\n","protected":false},"author":1,"featured_media":1940,"comment_status":"open","ping_status":"open","sticky":false,"template":"","format":"standard","meta":[],"categories":[53,50],"tags":[67,233,16,190],"views":933,"_links":{"self":[{"href":"https:\/\/www.enerjigazetesi.ist\/en\/wp-json\/wp\/v2\/posts\/1939"}],"collection":[{"href":"https:\/\/www.enerjigazetesi.ist\/en\/wp-json\/wp\/v2\/posts"}],"about":[{"href":"https:\/\/www.enerjigazetesi.ist\/en\/wp-json\/wp\/v2\/types\/post"}],"author":[{"embeddable":true,"href":"https:\/\/www.enerjigazetesi.ist\/en\/wp-json\/wp\/v2\/users\/1"}],"replies":[{"embeddable":true,"href":"https:\/\/www.enerjigazetesi.ist\/en\/wp-json\/wp\/v2\/comments?post=1939"}],"version-history":[{"count":1,"href":"https:\/\/www.enerjigazetesi.ist\/en\/wp-json\/wp\/v2\/posts\/1939\/revisions"}],"predecessor-version":[{"id":1941,"href":"https:\/\/www.enerjigazetesi.ist\/en\/wp-json\/wp\/v2\/posts\/1939\/revisions\/1941"}],"wp:featuredmedia":[{"embeddable":true,"href":"https:\/\/www.enerjigazetesi.ist\/en\/wp-json\/wp\/v2\/media\/1940"}],"wp:attachment":[{"href":"https:\/\/www.enerjigazetesi.ist\/en\/wp-json\/wp\/v2\/media?parent=1939"}],"wp:term":[{"taxonomy":"category","embeddable":true,"href":"https:\/\/www.enerjigazetesi.ist\/en\/wp-json\/wp\/v2\/categories?post=1939"},{"taxonomy":"post_tag","embeddable":true,"href":"https:\/\/www.enerjigazetesi.ist\/en\/wp-json\/wp\/v2\/tags?post=1939"}],"curies":[{"name":"wp","href":"https:\/\/api.w.org\/{rel}","templated":true}]}}