{"id":193818,"date":"2025-01-06T11:40:43","date_gmt":"2025-01-06T08:40:43","guid":{"rendered":"https:\/\/www.enerjigazetesi.ist\/?p=193818"},"modified":"2025-01-06T11:40:43","modified_gmt":"2025-01-06T08:40:43","slug":"astor-enerji-aldigi-yeni-tesvik-ile-uretim-kapasitesini-artiracak","status":"publish","type":"post","link":"https:\/\/www.enerjigazetesi.ist\/en\/astor-enerji-aldigi-yeni-tesvik-ile-uretim-kapasitesini-artiracak\/","title":{"rendered":"(Turkish) &#8217;Astor Enerji&#8217; Ald\u0131\u011f\u0131 Yeni Te\u015fvik ile \u00dcretim Kapasitesini Art\u0131racak"},"content":{"rendered":"<p class=\"qtranxs-available-languages-message qtranxs-available-languages-message-en\">Sorry, this entry is only available in <a href=\"https:\/\/www.enerjigazetesi.ist\/tr\/wp-json\/wp\/v2\/posts\/193818\" class=\"qtranxs-available-language-link qtranxs-available-language-link-tr\" title=\"Turkish\">Turkish<\/a>. For the sake of viewer convenience, the content is shown below in the alternative language. You may click the link to switch the active language.<\/p><p><\/p>\n<h2>T\u00fcrkiye ve D\u00fcnyada sekt\u00f6r\u00fcn say\u0131l\u0131 transformat\u00f6r ve anahtarlama \u00fcr\u00fcnleri imalat\u00e7\u0131s\u0131 Astor Enerji A.\u015e. T.C. Sanayi ve Teknoloji Bakanl\u0131\u011f\u0131n\u0131n onay\u0131yla son teknoloji bir \u00fcretim tesisinin kurulmas\u0131na y\u00f6nelik toplam yat\u0131r\u0131m tutar\u0131 1.1 Milyar TL te\u015fvik ald\u0131. Al\u0131nan te\u015fvik ile hayata ge\u00e7irilecek fabrika 82 bin metrekare kapal\u0131 alana sahip olacak, yeni yat\u0131r\u0131mla anahtarlama \u00fcr\u00fcnlerinde, g\u00fc\u00e7 transformat\u00f6r grubunda, da\u011f\u0131t\u0131m trafolar\u0131nda kapasite art\u0131\u015f\u0131 sa\u011flam\u0131\u015f olacak.<\/h2>\n<p style=\"text-align: center;\"><img loading=\"lazy\" class=\"aligncenter wp-image-193820\" src=\"https:\/\/www.enerjigazetesi.ist\/wp-content\/uploads\/2025\/01\/astor-enerji-aldigi-yeni-tesvik-ile-uretim-kapasitesini-artiracak.jpg\" alt=\"\" width=\"500\" height=\"345\" srcset=\"https:\/\/www.enerjigazetesi.ist\/wp-content\/uploads\/2025\/01\/astor-enerji-aldigi-yeni-tesvik-ile-uretim-kapasitesini-artiracak.jpg 550w, https:\/\/www.enerjigazetesi.ist\/wp-content\/uploads\/2025\/01\/astor-enerji-aldigi-yeni-tesvik-ile-uretim-kapasitesini-artiracak-300x207.jpg 300w, https:\/\/www.enerjigazetesi.ist\/wp-content\/uploads\/2025\/01\/astor-enerji-aldigi-yeni-tesvik-ile-uretim-kapasitesini-artiracak-500x345.jpg 500w, https:\/\/www.enerjigazetesi.ist\/wp-content\/uploads\/2025\/01\/astor-enerji-aldigi-yeni-tesvik-ile-uretim-kapasitesini-artiracak-72x50.jpg 72w\" sizes=\"(max-width: 500px) 100vw, 500px\" \/><\/p>\n<p>Astor Enerji, son teknolojiye sahip bir \u00fcretim tesisinin kurulumu i\u00e7in \u00f6nemli bir te\u015fvik alarak sekt\u00f6rdeki lider konumunu g\u00fc\u00e7lendirmeye devam ediyor. Yeni fabrika, elektrik ve enerji sekt\u00f6r\u00fcn\u00fcn kritik bile\u015fenlerinden olan anahtarlama \u00fcr\u00fcnlerinin \u00fcretimi i\u00e7in ileri \u00fcretim teknolojileri ile donat\u0131lacak. Bak\u0131r ve al\u00fcminyum izolasyon malzemelerinin \u00fcretimi, yerli kaynak kullan\u0131m\u0131n\u0131 art\u0131rarak maliyet tasarrufu ve verimlilik art\u0131\u015f\u0131 sa\u011flanacak. Tesiste ayr\u0131ca, enerji verimlili\u011fi ve yenilenebilir enerji sistemlerinin vazge\u00e7ilmez bir par\u00e7as\u0131 olan invert\u00f6rlerin \u00fcretimi de ger\u00e7ekle\u015ftirilecek. Bu yat\u0131r\u0131mla Astor Enerji, hem yerel hem de k\u00fcresel pazarlarda s\u00fcrd\u00fcr\u00fclebilir b\u00fcy\u00fcmeyi destekleyerek T\u00fcrkiye\u2019nin enerji sekt\u00f6r\u00fcne katma de\u011fer sa\u011flamaya devam edecek.<\/p>\n<p>Konuya ili\u015fkin a\u00e7\u0131klamalarda bulunan \u200b\u200b<strong>Astor Enerji Yat\u0131r\u0131m ve Teknik Hizmetler\u2019den sorumlu Genel M\u00fcd\u00fcr Yard\u0131mc\u0131s\u0131 Dr. Fatih I\u015f\u0131k<\/strong> \u015f\u00f6yle konu\u015ftu: <em>\u201cT\u00fcrkiye&#8217;nin enerji sekt\u00f6r\u00fcnde lider markas\u0131 olarak, yenilik\u00e7i ve ileri teknolojiye dayal\u0131 yat\u0131r\u0131mlar\u0131m\u0131za devam ediyoruz. Sanayi ve Teknoloji bakanl\u0131\u011f\u0131 taraf\u0131ndan onaylanan 1.1 milyar TL\u2019lik te\u015fvik, sadece \u015firketimiz i\u00e7in de\u011fil, ayn\u0131 zamanda \u00fclkemizin enerji altyap\u0131s\u0131n\u0131n g\u00fc\u00e7lendirilmesi ve bundan da \u00f6te enerji ihracat\u0131 i\u00e7in de b\u00fcy\u00fck \u00f6nem ta\u015f\u0131yor. Bu yat\u0131r\u0131mla hem yerel hem de global pazarlarda daha rekabet\u00e7i bir konuma gelerek, sekt\u00f6re ve \u00fclke ekonomisine katma de\u011fer sa\u011flamaya devam edece\u011fiz.\u201d<\/em><\/p>","protected":false},"excerpt":{"rendered":"<p>Sorry, this entry is only available in Turkish. For the sake of viewer convenience, the content is shown below in the alternative language. You may click the link to switch the active language. T\u00fcrkiye ve D\u00fcnyada sekt\u00f6r\u00fcn say\u0131l\u0131 transformat\u00f6r ve anahtarlama \u00fcr\u00fcnleri imalat\u00e7\u0131s\u0131 Astor Enerji A.\u015e. T.C. Sanayi ve Teknoloji Bakanl\u0131\u011f\u0131n\u0131n onay\u0131yla son teknoloji bir [&hellip;]<\/p>\n","protected":false},"author":1,"featured_media":193820,"comment_status":"open","ping_status":"open","sticky":false,"template":"","format":"standard","meta":[],"categories":[51,53],"tags":[105221,105874,110516,115667,105220],"views":31,"_links":{"self":[{"href":"https:\/\/www.enerjigazetesi.ist\/en\/wp-json\/wp\/v2\/posts\/193818"}],"collection":[{"href":"https:\/\/www.enerjigazetesi.ist\/en\/wp-json\/wp\/v2\/posts"}],"about":[{"href":"https:\/\/www.enerjigazetesi.ist\/en\/wp-json\/wp\/v2\/types\/post"}],"author":[{"embeddable":true,"href":"https:\/\/www.enerjigazetesi.ist\/en\/wp-json\/wp\/v2\/users\/1"}],"replies":[{"embeddable":true,"href":"https:\/\/www.enerjigazetesi.ist\/en\/wp-json\/wp\/v2\/comments?post=193818"}],"version-history":[{"count":0,"href":"https:\/\/www.enerjigazetesi.ist\/en\/wp-json\/wp\/v2\/posts\/193818\/revisions"}],"wp:featuredmedia":[{"embeddable":true,"href":"https:\/\/www.enerjigazetesi.ist\/en\/wp-json\/wp\/v2\/media\/193820"}],"wp:attachment":[{"href":"https:\/\/www.enerjigazetesi.ist\/en\/wp-json\/wp\/v2\/media?parent=193818"}],"wp:term":[{"taxonomy":"category","embeddable":true,"href":"https:\/\/www.enerjigazetesi.ist\/en\/wp-json\/wp\/v2\/categories?post=193818"},{"taxonomy":"post_tag","embeddable":true,"href":"https:\/\/www.enerjigazetesi.ist\/en\/wp-json\/wp\/v2\/tags?post=193818"}],"curies":[{"name":"wp","href":"https:\/\/api.w.org\/{rel}","templated":true}]}}