{"id":193760,"date":"2024-12-31T12:47:16","date_gmt":"2024-12-31T09:47:16","guid":{"rendered":"https:\/\/www.enerjigazetesi.ist\/?p=193760"},"modified":"2024-12-31T12:49:34","modified_gmt":"2024-12-31T09:49:34","slug":"bir-kapakla-iz-birak-projesinden-engelsiz-yasam-icin-sarj-istasyonlari","status":"publish","type":"post","link":"https:\/\/www.enerjigazetesi.ist\/en\/bir-kapakla-iz-birak-projesinden-engelsiz-yasam-icin-sarj-istasyonlari\/","title":{"rendered":"(Turkish) Bir Kapakla \u0130z B\u0131rak Projesinden Engelsiz Ya\u015fam \u0130\u00e7in \u015earj \u0130stasyonlar\u0131"},"content":{"rendered":"<p class=\"qtranxs-available-languages-message qtranxs-available-languages-message-en\">Sorry, this entry is only available in <a href=\"https:\/\/www.enerjigazetesi.ist\/tr\/wp-json\/wp\/v2\/posts\/193760\" class=\"qtranxs-available-language-link qtranxs-available-language-link-tr\" title=\"Turkish\">Turkish<\/a>. For the sake of viewer convenience, the content is shown below in the alternative language. You may click the link to switch the active language.<\/p><p><\/p>\n<h2><strong>Ekvator Enerji ve \u0130DO i\u015f birli\u011fi ile \u201cBir Kapakla \u0130z B\u0131rak\u201d projesi kapsam\u0131nda, toplumsal fark\u0131ndal\u0131k yaratma ve engelli bireylerin ya\u015fam\u0131n\u0131 kolayla\u015ft\u0131rmak amac\u0131yla \u0130stanbul Yenikap\u0131 ve Yalova \u0130DO terminallerinde ak\u00fcl\u00fc tekerlekli sandalye \u015farj istasyonlar\u0131 kuruldu. Bu yenilik, engelli bireylerin ula\u015f\u0131m ve seyahat s\u0131ras\u0131ndaki temel ihtiya\u00e7lar\u0131ndan birine \u00e7\u00f6z\u00fcm sunmay\u0131 hedefliyor.<\/strong><\/h2>\n<p style=\"text-align: center;\"><img loading=\"lazy\" class=\"aligncenter wp-image-193762\" src=\"https:\/\/www.enerjigazetesi.ist\/wp-content\/uploads\/2024\/12\/bir-kapakla-iz-birak-projesinden-engelsiz-yasam-icin-sarj-istasyonlari.jpg\" alt=\"\" width=\"500\" height=\"329\" srcset=\"https:\/\/www.enerjigazetesi.ist\/wp-content\/uploads\/2024\/12\/bir-kapakla-iz-birak-projesinden-engelsiz-yasam-icin-sarj-istasyonlari.jpg 550w, https:\/\/www.enerjigazetesi.ist\/wp-content\/uploads\/2024\/12\/bir-kapakla-iz-birak-projesinden-engelsiz-yasam-icin-sarj-istasyonlari-300x197.jpg 300w, https:\/\/www.enerjigazetesi.ist\/wp-content\/uploads\/2024\/12\/bir-kapakla-iz-birak-projesinden-engelsiz-yasam-icin-sarj-istasyonlari-500x329.jpg 500w, https:\/\/www.enerjigazetesi.ist\/wp-content\/uploads\/2024\/12\/bir-kapakla-iz-birak-projesinden-engelsiz-yasam-icin-sarj-istasyonlari-76x50.jpg 76w\" sizes=\"(max-width: 500px) 100vw, 500px\" \/><\/p>\n<h3><strong>Engelleri A\u015fmak \u0130\u00e7in Teknoloji<\/strong><\/h3>\n<p>Proje kapsam\u0131nda yap\u0131lan yat\u0131r\u0131m ile engelli bireylerin sosyal ya\u015fama daha aktif kat\u0131l\u0131m\u0131n\u0131 sa\u011flamak, engelsiz ula\u015f\u0131mda fark\u0131ndal\u0131k yaratmak ama\u00e7lan\u0131yor. \u015earj istasyonlar\u0131, seyahat eden tekerlekli sandalye kullan\u0131c\u0131lar\u0131na b\u00fcy\u00fck kolayl\u0131k sa\u011fl\u0131yor. <strong>\u0130DO<\/strong> ile yolculu\u011fu tercih eden ak\u00fcl\u00fc tekerlekli sandalye kullan\u0131c\u0131lar\u0131, <strong>\u0130stanbul ve Yalova terminallerindeki<\/strong> seferlerini beklerken ak\u00fcl\u00fc tekerlekli sandalyelerini de \u015farj etme imk\u00e2n\u0131 buluyor.<\/p>\n<h3><strong>Birlikte Engelsiz Yar\u0131nlara<\/strong><\/h3>\n<p>Yap\u0131lan yat\u0131r\u0131m ile ilgili <strong>Bir Kapakla \u0130z B\u0131rak Proje Koordinat\u00f6r\u00fc Arda TUNCA,<\/strong> <em>\u201cToplanan kapaklarla bir\u00e7ok ihtiya\u00e7 sahibi arkada\u015f\u0131m\u0131za tekerlekli sandalye alma hedefiyle ba\u015flatt\u0131\u011f\u0131m\u0131z projemizde, ak\u00fcl\u00fc tekerlekli sandalye kullan\u0131c\u0131s\u0131 arkada\u015flar\u0131m\u0131z\u0131n da hayat\u0131n\u0131 kolayla\u015ft\u0131rmak amac\u0131yla bir ad\u0131m atmak istedik. Engelsiz ya\u015fam\u0131 destekleyen i\u015f birlikleri ve yat\u0131r\u0131mlar\u0131m\u0131za 2025 y\u0131l\u0131nda da devam etmeyi hedefliyoruz.\u201d<\/em> \u015feklinde g\u00f6r\u00fc\u015flerini belirtti.<\/p>\n<p>\u015earj istasyonlar\u0131 ile ilgili konu\u015fan <strong>\u0130DO Kurumsal \u0130leti\u015fim ve Pazarlama M\u00fcd\u00fcr\u00fc Sencan TA\u015eCI<\/strong>, engelsiz ula\u015f\u0131m i\u00e7in \u0130DO terminalleri ve gemilerinde \u00f6zel bekleme ve seyahat alanlar\u0131, bilet sat\u0131\u015f ofisleri, ileti\u015fim ve yard\u0131m noktalar\u0131n\u0131n yan\u0131 s\u0131ra; ihtiya\u00e7 halinde gemiye bini\u015f ve ini\u015flerde gemide g\u00f6revli \u00e7al\u0131\u015fma arkada\u015flar\u0131n\u0131n deste\u011fiyle yolcular\u0131n\u0131n konforlu ve keyifli bir yolculuk ge\u00e7irebilmeleri i\u00e7in yolculu\u011fun her an\u0131nda yan\u0131nda olduklar\u0131n\u0131, terminal ve gemilerinde t\u00fcm engelleri kald\u0131rmak i\u00e7in \u00e7al\u0131\u015fmaya devam edeceklerini ifade etti.<\/p>\n<p>Bununla birlikte; birlik bilinci ve fark\u0131ndal\u0131k ile engelleri hep birlikte a\u015fmam\u0131z gerekti\u011fine, toplumun her bireyinin durumuna \u00f6zel ideal ko\u015fullar dahilinde f\u0131rsat e\u015fitli\u011fi olu\u015fturulmas\u0131 durumunda, konforlu bir ula\u015f\u0131m imkan\u0131na sahip olabilece\u011fine dikkat \u00e7ekti.<\/p>\n<h3><strong>Birlikte Daha Engelsiz Bir D\u00fcnya<\/strong><\/h3>\n<p><strong><em>\u201cBir Kapakla \u0130z B\u0131rak\u201d<\/em><\/strong> projesi, g\u00f6n\u00fcll\u00fclerin ve destek\u00e7ilerin katk\u0131lar\u0131yla s\u00fcreklilik kazanmaya devam ediyor. Toplumsal dayan\u0131\u015fmayla daha engelsiz bir d\u00fcnya yaratma yolunda birlikte ilerleniyor.<\/p>","protected":false},"excerpt":{"rendered":"<p>Sorry, this entry is only available in Turkish. For the sake of viewer convenience, the content is shown below in the alternative language. You may click the link to switch the active language. Ekvator Enerji ve \u0130DO i\u015f birli\u011fi ile \u201cBir Kapakla \u0130z B\u0131rak\u201d projesi kapsam\u0131nda, toplumsal fark\u0131ndal\u0131k yaratma ve engelli bireylerin ya\u015fam\u0131n\u0131 kolayla\u015ft\u0131rmak amac\u0131yla [&hellip;]<\/p>\n","protected":false},"author":1,"featured_media":193762,"comment_status":"open","ping_status":"open","sticky":false,"template":"","format":"standard","meta":[],"categories":[51,53],"tags":[115653,115654,97256,57231],"views":22,"_links":{"self":[{"href":"https:\/\/www.enerjigazetesi.ist\/en\/wp-json\/wp\/v2\/posts\/193760"}],"collection":[{"href":"https:\/\/www.enerjigazetesi.ist\/en\/wp-json\/wp\/v2\/posts"}],"about":[{"href":"https:\/\/www.enerjigazetesi.ist\/en\/wp-json\/wp\/v2\/types\/post"}],"author":[{"embeddable":true,"href":"https:\/\/www.enerjigazetesi.ist\/en\/wp-json\/wp\/v2\/users\/1"}],"replies":[{"embeddable":true,"href":"https:\/\/www.enerjigazetesi.ist\/en\/wp-json\/wp\/v2\/comments?post=193760"}],"version-history":[{"count":0,"href":"https:\/\/www.enerjigazetesi.ist\/en\/wp-json\/wp\/v2\/posts\/193760\/revisions"}],"wp:featuredmedia":[{"embeddable":true,"href":"https:\/\/www.enerjigazetesi.ist\/en\/wp-json\/wp\/v2\/media\/193762"}],"wp:attachment":[{"href":"https:\/\/www.enerjigazetesi.ist\/en\/wp-json\/wp\/v2\/media?parent=193760"}],"wp:term":[{"taxonomy":"category","embeddable":true,"href":"https:\/\/www.enerjigazetesi.ist\/en\/wp-json\/wp\/v2\/categories?post=193760"},{"taxonomy":"post_tag","embeddable":true,"href":"https:\/\/www.enerjigazetesi.ist\/en\/wp-json\/wp\/v2\/tags?post=193760"}],"curies":[{"name":"wp","href":"https:\/\/api.w.org\/{rel}","templated":true}]}}