{"id":193713,"date":"2024-12-30T15:54:29","date_gmt":"2024-12-30T12:54:29","guid":{"rendered":"https:\/\/www.enerjigazetesi.ist\/?p=193713"},"modified":"2024-12-30T15:55:43","modified_gmt":"2024-12-30T12:55:43","slug":"depolamalilar-sisteme-baz-yuk-katkisi-vermeli-bu-acidan-hayati-onemde","status":"publish","type":"post","link":"https:\/\/www.enerjigazetesi.ist\/en\/depolamalilar-sisteme-baz-yuk-katkisi-vermeli-bu-acidan-hayati-onemde\/","title":{"rendered":"(Turkish) &#8221;Depolamal\u0131lar Sisteme Baz Y\u00fck Katk\u0131s\u0131 Vermeli, Bu A\u00e7\u0131dan Hayati \u00d6nemde!&#8221;"},"content":{"rendered":"<p class=\"qtranxs-available-languages-message qtranxs-available-languages-message-en\">Sorry, this entry is only available in <a href=\"https:\/\/www.enerjigazetesi.ist\/tr\/wp-json\/wp\/v2\/posts\/193713\" class=\"qtranxs-available-language-link qtranxs-available-language-link-tr\" title=\"Turkish\">Turkish<\/a>. For the sake of viewer convenience, the content is shown below in the alternative language. You may click the link to switch the active language.<\/p><p><\/p>\n<h2>Ankara\u2019da d\u00fczenlenen \u2018<strong>Gelece\u011fin Enerjisi ve Depolama Kongresi\u2019<\/strong>nin a\u00e7\u0131l\u0131\u015f\u0131nda konu\u015fan<strong> Enerji ve Tabii Kaynaklar Bakan Yard\u0131mc\u0131s\u0131 Dr. Zafer Demircan, <\/strong>depolamal\u0131 santrallerin sisteme baz y\u00fck katk\u0131s\u0131 vermesinin beklendi\u011fini ve bu a\u00e7\u0131dan hayati \u00f6nem ta\u015f\u0131d\u0131klar\u0131n\u0131 belirtti.<\/h2>\n<div id=\"attachment_193715\" style=\"width: 510px\" class=\"wp-caption aligncenter\"><img aria-describedby=\"caption-attachment-193715\" loading=\"lazy\" class=\"wp-image-193715\" src=\"https:\/\/www.enerjigazetesi.ist\/wp-content\/uploads\/2024\/12\/DrZaferDemircan_ETKB_BkYrd_EnerjininGelecegiVeEnerjiDepolamaKongresi_145220415.jpg\" alt=\"\" width=\"500\" height=\"348\" srcset=\"https:\/\/www.enerjigazetesi.ist\/wp-content\/uploads\/2024\/12\/DrZaferDemircan_ETKB_BkYrd_EnerjininGelecegiVeEnerjiDepolamaKongresi_145220415.jpg 550w, https:\/\/www.enerjigazetesi.ist\/wp-content\/uploads\/2024\/12\/DrZaferDemircan_ETKB_BkYrd_EnerjininGelecegiVeEnerjiDepolamaKongresi_145220415-300x209.jpg 300w, https:\/\/www.enerjigazetesi.ist\/wp-content\/uploads\/2024\/12\/DrZaferDemircan_ETKB_BkYrd_EnerjininGelecegiVeEnerjiDepolamaKongresi_145220415-500x348.jpg 500w, https:\/\/www.enerjigazetesi.ist\/wp-content\/uploads\/2024\/12\/DrZaferDemircan_ETKB_BkYrd_EnerjininGelecegiVeEnerjiDepolamaKongresi_145220415-72x50.jpg 72w\" sizes=\"(max-width: 500px) 100vw, 500px\" \/><p id=\"caption-attachment-193715\" class=\"wp-caption-text\">Enerji ve Tabii Kaynaklar Bakan Yard\u0131mc\u0131s\u0131 Dr. Zafer Demircan<\/p><\/div>\n<p>T\u00fcrkiye\u2019nin enerji alan\u0131nda yeni stratejiler belirledi\u011fini ve \u00f6zellikle son 10 y\u0131lda yap\u0131lan yat\u0131r\u0131mlarla 132 milyar dolarl\u0131k enerji ithalat\u0131n\u0131 \u00f6nlenirken 890 milyon tonluk karbon emisyonu azalt\u0131m\u0131 sa\u011fland\u0131\u011f\u0131n\u0131n alt\u0131n\u0131 \u00e7izen Zafer Demircan, \u015funlar\u0131 kaydetti: <em>&#8220;Yeni stratejilerimizi olu\u015ftururken uygulad\u0131\u011f\u0131m\u0131z hu\u015fulardan bir tanesi \u00f6nemli \u00f6l\u00e7\u00fcde \u00e7e\u015fitlendirme yapmak. Yerli ve yenilenebilir kaynaklar\u0131n sistem entegrasyonunun maksimum seviyeye \u00e7\u0131kar\u0131lmas\u0131 ve bunu yaparken altyap\u0131, iletim ve da\u011f\u0131t\u0131m \u015febekelerinin de g\u00fc\u00e7lendirilerek modernize edilmesi laz\u0131m. T\u00fcrkiye\u2019nin enerjide b\u00f6lgesel enerji merkezi olmas\u0131 hususlar\u0131n\u0131 da g\u00fcndeme getiriyoruz, bunlar\u0131 da sa\u011flayaca\u011f\u0131z. Ocak, \u015eubat aylar\u0131nda GES RES YEKA\u2019lar\u0131 yapmay\u0131 planl\u0131yoruz. Ayr\u0131ca yenilenebilir kaynaklara ili\u015fkin izin s\u00fcre\u00e7lerinin k\u0131salt\u0131lmas\u0131 ile ilgili kanun \u00e7al\u0131\u015fmalar\u0131n\u0131 \u00f6nemli \u00f6l\u00e7\u00fcde tamamlad\u0131k. Biz yenilebilir entegrasyonunu artt\u0131rd\u0131\u011f\u0131m\u0131z s\u00fcrece sizlere olan ihtiya\u00e7 daha da fazla artacak \u00e7\u00fcnk\u00fc sistemin muhakkak ama muhakkak belirli zamanlarda ihtiya\u00e7 fazlas\u0131 enerjiyi bir \u015fekilde depolay\u0131p ihtiyac\u0131n oldu\u011fu zamanlarda kullanacak emre amadeli\u011fi sa\u011flamas\u0131 laz\u0131m, sistemin depolama yeteneklerini art\u0131rmak \u00f6nemli.&#8221;<\/em><\/p>\n<h3><strong>Tokcan: Enerji Depolamada \u2018b\u00f6lgesel \u00fcs\u2019 olabiliriz!<\/strong><\/h3>\n<div id=\"attachment_193716\" style=\"width: 510px\" class=\"wp-caption aligncenter\"><img aria-describedby=\"caption-attachment-193716\" loading=\"lazy\" class=\"wp-image-193716\" src=\"https:\/\/www.enerjigazetesi.ist\/wp-content\/uploads\/2024\/12\/EnerjininGelecegiVeEnerjiDepolamaKongresi-CanTokcan_EDEDER_145220164.jpg\" alt=\"\" width=\"500\" height=\"364\" srcset=\"https:\/\/www.enerjigazetesi.ist\/wp-content\/uploads\/2024\/12\/EnerjininGelecegiVeEnerjiDepolamaKongresi-CanTokcan_EDEDER_145220164.jpg 550w, https:\/\/www.enerjigazetesi.ist\/wp-content\/uploads\/2024\/12\/EnerjininGelecegiVeEnerjiDepolamaKongresi-CanTokcan_EDEDER_145220164-300x218.jpg 300w, https:\/\/www.enerjigazetesi.ist\/wp-content\/uploads\/2024\/12\/EnerjininGelecegiVeEnerjiDepolamaKongresi-CanTokcan_EDEDER_145220164-500x364.jpg 500w, https:\/\/www.enerjigazetesi.ist\/wp-content\/uploads\/2024\/12\/EnerjininGelecegiVeEnerjiDepolamaKongresi-CanTokcan_EDEDER_145220164-69x50.jpg 69w\" sizes=\"(max-width: 500px) 100vw, 500px\" \/><p id=\"caption-attachment-193716\" class=\"wp-caption-text\">EDEDER Ba\u015fkan\u0131 Can Tokcan<\/p><\/div>\n<p>Kongrenin a\u00e7\u0131l\u0131\u015f\u0131nda s\u00f6z alan di\u011fer isim olan <strong>EDEDER Ba\u015fkan\u0131 Can Tokcan<\/strong> da <em>\u201cT\u00fcrkiye uzun y\u0131llard\u0131r enerjinin farkl\u0131 alanlar\u0131nda \u2018b\u00f6lgesel hub\u2019 olma yolunda ciddi bir \u00e7aba harc\u0131yor. \u00dclkece edindi\u011fimiz deneyimler, h\u0131zl\u0131 hareket edebilmemiz, kararl\u0131l\u0131kla s\u00fcrd\u00fcr\u00fclen kamu iradesi, yeti\u015fmi\u015f insan kayna\u011f\u0131m\u0131z, teknik kabiliyetlerimiz ve t\u00fcm bunlar\u0131 tamamlayan yenilik\u00e7i vizyonumuzda biz bu \u00e7abalar\u0131n \u2018enerji depolama\u2019 alan\u0131nda ba\u015far\u0131labilece\u011fine, T\u00fcrkiye\u2019nin \u00f6nc\u00fc teknoloji \u00fcreticileri aras\u0131na \u00e7ok h\u0131zl\u0131 bir \u015fekilde ba\u015far\u0131 ile girece\u011fine inan\u0131yoruz\u201d <\/em>\u015feklinde konu\u015ftu. <em>\u201cDepolamada \u015fu anda al\u0131nm\u0131\u015f olan 33 gigavatsaate yak\u0131n \u00f6nlisans ba\u015fvurular\u0131n\u0131n tamam\u0131n\u0131n yat\u0131r\u0131ma d\u00f6nd\u00fc\u011f\u00fcn\u00fc d\u00fc\u015f\u00fcnmemiz durumunda, Depolamal\u0131 \u00dcretim Tesislerine y\u00f6nelik 10 milyar dolar\u0131, ili\u015fkili oldu\u011fu yenilenebilir santrallerle ile birlikte ise 30 Milyar Dolar\u0131 a\u015fk\u0131n bir yat\u0131r\u0131m b\u00fcy\u00fckl\u00fc\u011f\u00fcnden bahsediyoruz\u201d <\/em>diyen Tokcan, <em>\u201cYine kurulacak olan Enerji Depolama Sistemleri\u2019nin i\u015fletilmesi kadar i\u015fletim \u00f6m\u00fcrleri sonunda s\u0131n\u0131rlar\u0131m\u0131z i\u00e7erisinde tekrar kullan\u0131lmay\u0131 bekleyen bataryalar ile ili\u015fkili olan 214 milyon kg\u2019l\u0131k madenin ne \u015fekilde de\u011ferlendirilece\u011finin de konu\u015fulmas\u0131 gereken \u00f6nemli konular\u0131n ba\u015f\u0131nda geldi\u011fine inan\u0131yoruz\u201d<\/em> de\u011ferlendirmesini de s\u00f6zlerine ekledi.<\/p>\n<h3><strong>Kongre\u2019ye Yo\u011fun \u0130lgi<\/strong><\/h3>\n<p>Bu y\u0131l ilk kez d\u00fczenlenmesine kar\u015f\u0131n iki binden fazla sekt\u00f6r profesyonelinin kay\u0131t yapt\u0131rd\u0131\u011f\u0131 \u201cGelece\u011fin Enerjisi ve Depolama Kongresi\u201d \u201cenerji depolama konusunun politika ve reg\u00fclasyonlar, enerji y\u00f6netimi, finansman, son teknolojiler, d\u00f6ng\u00fcsel ekonomi, depolama sekt\u00f6r\u00fc payda\u015flar\u0131 ve yerlile\u015fme gibi farkl\u0131 ba\u015fl\u0131klarda ele al\u0131nd\u0131\u011f\u0131 7 ayr\u0131 oturuma ev sahipli\u011fi yapt\u0131.<\/p>","protected":false},"excerpt":{"rendered":"<p>Sorry, this entry is only available in Turkish. For the sake of viewer convenience, the content is shown below in the alternative language. You may click the link to switch the active language. Ankara\u2019da d\u00fczenlenen \u2018Gelece\u011fin Enerjisi ve Depolama Kongresi\u2019nin a\u00e7\u0131l\u0131\u015f\u0131nda konu\u015fan Enerji ve Tabii Kaynaklar Bakan Yard\u0131mc\u0131s\u0131 Dr. Zafer Demircan, depolamal\u0131 santrallerin sisteme baz [&hellip;]<\/p>\n","protected":false},"author":1,"featured_media":193717,"comment_status":"open","ping_status":"open","sticky":false,"template":"","format":"standard","meta":[],"categories":[51,53],"tags":[115638,113035,2258,2625,115639],"views":33,"_links":{"self":[{"href":"https:\/\/www.enerjigazetesi.ist\/en\/wp-json\/wp\/v2\/posts\/193713"}],"collection":[{"href":"https:\/\/www.enerjigazetesi.ist\/en\/wp-json\/wp\/v2\/posts"}],"about":[{"href":"https:\/\/www.enerjigazetesi.ist\/en\/wp-json\/wp\/v2\/types\/post"}],"author":[{"embeddable":true,"href":"https:\/\/www.enerjigazetesi.ist\/en\/wp-json\/wp\/v2\/users\/1"}],"replies":[{"embeddable":true,"href":"https:\/\/www.enerjigazetesi.ist\/en\/wp-json\/wp\/v2\/comments?post=193713"}],"version-history":[{"count":0,"href":"https:\/\/www.enerjigazetesi.ist\/en\/wp-json\/wp\/v2\/posts\/193713\/revisions"}],"wp:featuredmedia":[{"embeddable":true,"href":"https:\/\/www.enerjigazetesi.ist\/en\/wp-json\/wp\/v2\/media\/193717"}],"wp:attachment":[{"href":"https:\/\/www.enerjigazetesi.ist\/en\/wp-json\/wp\/v2\/media?parent=193713"}],"wp:term":[{"taxonomy":"category","embeddable":true,"href":"https:\/\/www.enerjigazetesi.ist\/en\/wp-json\/wp\/v2\/categories?post=193713"},{"taxonomy":"post_tag","embeddable":true,"href":"https:\/\/www.enerjigazetesi.ist\/en\/wp-json\/wp\/v2\/tags?post=193713"}],"curies":[{"name":"wp","href":"https:\/\/api.w.org\/{rel}","templated":true}]}}