{"id":193676,"date":"2024-12-30T13:22:32","date_gmt":"2024-12-30T10:22:32","guid":{"rendered":"https:\/\/www.enerjigazetesi.ist\/?p=193676"},"modified":"2024-12-30T13:22:32","modified_gmt":"2024-12-30T10:22:32","slug":"gelecege-yesil-isik-yak-projesinde-ikinci-durak-izmir","status":"publish","type":"post","link":"https:\/\/www.enerjigazetesi.ist\/en\/gelecege-yesil-isik-yak-projesinde-ikinci-durak-izmir\/","title":{"rendered":"(Turkish) &#8221;Gelece\u011fe Ye\u015fil I\u015f\u0131k Yak&#8221; Projesinde \u0130kinci Durak: \u0130zmir"},"content":{"rendered":"<p class=\"qtranxs-available-languages-message qtranxs-available-languages-message-en\">Sorry, this entry is only available in <a href=\"https:\/\/www.enerjigazetesi.ist\/tr\/wp-json\/wp\/v2\/posts\/193676\" class=\"qtranxs-available-language-link qtranxs-available-language-link-tr\" title=\"Turkish\">Turkish<\/a>. For the sake of viewer convenience, the content is shown below in the alternative language. You may click the link to switch the active language.<\/p><p><\/p>\n<h2><strong>Polat Enerji ve Polat Vakf\u0131 i\u015f birli\u011fiyle hayata ge\u00e7irilen \u201cGelece\u011fe Ye\u015fil I\u015f\u0131k Yak\u201d sosyal sorumluluk projesi, T\u00fcrkiye\u2019nin d\u00f6rt bir yan\u0131nda s\u00fcrd\u00fcr\u00fclebilirlik, yenilenebilir enerji ve iklim de\u011fi\u015fikli\u011fi konular\u0131nda fark\u0131ndal\u0131k yaratmaya devam ediyor. \u0130kinci dura\u011f\u0131 \u0130zmir\u2019in Kemalpa\u015fa il\u00e7esi olan proje, Enerji At\u00f6lyeleri ve Meslek Lisesi Bulu\u015fmalar\u0131 mod\u00fclleri ile Polat Enerji\u2019nin santral b\u00f6lgelerindeki okullarda y\u00fczlerce \u00f6\u011frenciye ula\u015f\u0131yor.<\/strong><\/h2>\n<p style=\"text-align: center;\"><img loading=\"lazy\" class=\"aligncenter wp-image-193680\" src=\"https:\/\/www.enerjigazetesi.ist\/wp-content\/uploads\/2024\/12\/gelecege-yesil-isik-yak-projesinde-ikinci-durak-izmir-1.jpg\" alt=\"\" width=\"500\" height=\"334\" srcset=\"https:\/\/www.enerjigazetesi.ist\/wp-content\/uploads\/2024\/12\/gelecege-yesil-isik-yak-projesinde-ikinci-durak-izmir-1.jpg 550w, https:\/\/www.enerjigazetesi.ist\/wp-content\/uploads\/2024\/12\/gelecege-yesil-isik-yak-projesinde-ikinci-durak-izmir-1-300x200.jpg 300w, https:\/\/www.enerjigazetesi.ist\/wp-content\/uploads\/2024\/12\/gelecege-yesil-isik-yak-projesinde-ikinci-durak-izmir-1-500x334.jpg 500w, https:\/\/www.enerjigazetesi.ist\/wp-content\/uploads\/2024\/12\/gelecege-yesil-isik-yak-projesinde-ikinci-durak-izmir-1-75x50.jpg 75w, https:\/\/www.enerjigazetesi.ist\/wp-content\/uploads\/2024\/12\/gelecege-yesil-isik-yak-projesinde-ikinci-durak-izmir-1-450x300.jpg 450w\" sizes=\"(max-width: 500px) 100vw, 500px\" \/><\/p>\n<p>Polat Enerji ve Polat Vakf\u0131 taraf\u0131ndan hayata ge\u00e7irilen \u2018Gelece\u011fe Ye\u015fil I\u015f\u0131k Yak\u2019 sosyal sorumluluk projesinin \u0130zmir aya\u011f\u0131 Aral\u0131k ay\u0131nda Kemalpa\u015fa\u2019da ger\u00e7ekle\u015ftirildi. Kemalpa\u015fa \u0130l\u00e7e Milli E\u011fitim M\u00fcd\u00fcrl\u00fc\u011f\u00fc ile imzalanan protokol kapsam\u0131nda yenilenebilir enerji ve s\u00fcrd\u00fcr\u00fclebilirlik konular\u0131nda fark\u0131ndal\u0131k yarat\u0131lmas\u0131 amac\u0131yla at\u00f6lye \u00e7al\u0131\u015fmalar\u0131 d\u00fczenlendi. Enerji At\u00f6lyeleri ve Meslek Lisesi Bulu\u015fmalar\u0131; Zennure M\u00fccella Bah\u00e7\u0131van \u0130lkokulu, Merkez Cumhuriyet \u0130lkokulu, Toki Kemalpa\u015fa \u0130lkokulu, Merkez Atat\u00fcrk \u0130lkokulu, Mopak Mesleki ve Teknik Anadolu Lisesi ve Yamant\u00fcrk \u00c7ok Programl\u0131 Anadolu Lisesi\u2019nde ger\u00e7ekle\u015fti.<\/p>\n<p>\u00d6\u011frencilerin\u00a0grup \u00e7al\u0131\u015fmalar\u0131\u00a0ile\u00a0yenilenebilir enerji, iklim de\u011fi\u015fikli\u011fi,\u00a0s\u00fcrd\u00fcr\u00fclebilirlik gibi konular\u0131n\u00a0e\u011flenceli ve \u00f6\u011fretici bir \u015fekilde aktar\u0131ld\u0131\u011f\u0131\u00a0Enerji At\u00f6lyeleri\u00a0ve\u00a0Meslek Lisesi Bulu\u015fmalar\u0131na \u0130zmir\u2019de\u00a0293 ilkokul\u00a0ve\u00a0124 meslek lisesi\u00a0\u00f6\u011frencisinin kat\u0131ld\u0131. Enerji At\u00f6lyelerinde ilgili kavramlar,\u00a0e\u011flenceli\u00a0oyunlar\u00a0ile \u00f6\u011fretilirken at\u00f6lyenin sonunda yap\u0131lan maket ile r\u00fczg\u00e2r t\u00fcrbinlerinin \u00e7al\u0131\u015fma sistemi uygulamal\u0131 olarak anlat\u0131ld\u0131.\u00a0\u0130klim krizi ve s\u00fcrd\u00fcr\u00fclebilirlik kapsam\u0131nda d\u00fcnya genelindeki \u00e7al\u0131\u015fmalara ve ara\u015ft\u0131rmalara yer verilen Meslek Lisesi Bulu\u015fmalar\u0131nda ise kavramlar hakk\u0131nda\u00a0fark\u0131ndal\u0131k yarat\u0131lmas\u0131 amac\u0131yla\u00a0e\u011flenceli ve e\u011fitici etkinlikler ger\u00e7ekle\u015ftirildi.<\/p>\n<p>Enerji At\u00f6lyeleri, <strong>3 uzman e\u011fitmen\u00a0<\/strong>ve<strong>\u00a02 yard\u0131mc\u0131 e\u011fitmen<\/strong> taraf\u0131ndan 2 g\u00fcn boyunca d\u00fczenlendi. Ayr\u0131ca, 1 g\u00fcn s\u00fcren Meslek Lisesi Bulu\u015fmalar\u0131nda, <strong>2 uzman e\u011fitmen<\/strong> ve <strong>3 yard\u0131mc\u0131 e\u011fitmen<\/strong> \u00f6\u011frencilere pratik bilgiler sundu. Etkinliklerin sonunda ise \u00f6\u011frencilere, Kemalpa\u015fa \u0130l\u00e7e Milli E\u011fitim M\u00fcd\u00fcrl\u00fc\u011f\u00fc taraf\u0131ndan onaylanan <strong>\u201c\u00d6\u011frenci Kat\u0131l\u0131m Belgesi\u201d<\/strong> verildi.<\/p>","protected":false},"excerpt":{"rendered":"<p>Sorry, this entry is only available in Turkish. For the sake of viewer convenience, the content is shown below in the alternative language. You may click the link to switch the active language. Polat Enerji ve Polat Vakf\u0131 i\u015f birli\u011fiyle hayata ge\u00e7irilen \u201cGelece\u011fe Ye\u015fil I\u015f\u0131k Yak\u201d sosyal sorumluluk projesi, T\u00fcrkiye\u2019nin d\u00f6rt bir yan\u0131nda s\u00fcrd\u00fcr\u00fclebilirlik, yenilenebilir [&hellip;]<\/p>\n","protected":false},"author":1,"featured_media":193679,"comment_status":"open","ping_status":"open","sticky":false,"template":"","format":"standard","meta":[],"categories":[53,50],"tags":[112033,115627,1999,4487,112031,1884,1296,105],"views":27,"_links":{"self":[{"href":"https:\/\/www.enerjigazetesi.ist\/en\/wp-json\/wp\/v2\/posts\/193676"}],"collection":[{"href":"https:\/\/www.enerjigazetesi.ist\/en\/wp-json\/wp\/v2\/posts"}],"about":[{"href":"https:\/\/www.enerjigazetesi.ist\/en\/wp-json\/wp\/v2\/types\/post"}],"author":[{"embeddable":true,"href":"https:\/\/www.enerjigazetesi.ist\/en\/wp-json\/wp\/v2\/users\/1"}],"replies":[{"embeddable":true,"href":"https:\/\/www.enerjigazetesi.ist\/en\/wp-json\/wp\/v2\/comments?post=193676"}],"version-history":[{"count":0,"href":"https:\/\/www.enerjigazetesi.ist\/en\/wp-json\/wp\/v2\/posts\/193676\/revisions"}],"wp:featuredmedia":[{"embeddable":true,"href":"https:\/\/www.enerjigazetesi.ist\/en\/wp-json\/wp\/v2\/media\/193679"}],"wp:attachment":[{"href":"https:\/\/www.enerjigazetesi.ist\/en\/wp-json\/wp\/v2\/media?parent=193676"}],"wp:term":[{"taxonomy":"category","embeddable":true,"href":"https:\/\/www.enerjigazetesi.ist\/en\/wp-json\/wp\/v2\/categories?post=193676"},{"taxonomy":"post_tag","embeddable":true,"href":"https:\/\/www.enerjigazetesi.ist\/en\/wp-json\/wp\/v2\/tags?post=193676"}],"curies":[{"name":"wp","href":"https:\/\/api.w.org\/{rel}","templated":true}]}}