{"id":19359,"date":"2013-12-15T17:35:08","date_gmt":"2013-12-15T14:35:08","guid":{"rendered":"https:\/\/www.enerjigazetesi.ist\/?p=19359"},"modified":"2013-12-15T17:35:39","modified_gmt":"2013-12-15T14:35:39","slug":"turkiye-kisa-elektriksiz-girdi-bazi-noktalardan-elektrik-manzaralari","status":"publish","type":"post","link":"https:\/\/www.enerjigazetesi.ist\/en\/turkiye-kisa-elektriksiz-girdi-bazi-noktalardan-elektrik-manzaralari\/","title":{"rendered":"(Turkish) T\u00fcrkiye, K\u0131\u015fa Elektriksiz Girdi, Baz\u0131 Noktalardan Elektrik Manzaralar\u0131"},"content":{"rendered":"<p class=\"qtranxs-available-languages-message qtranxs-available-languages-message-en\">Sorry, this entry is only available in <a href=\"https:\/\/www.enerjigazetesi.ist\/tr\/wp-json\/wp\/v2\/posts\/19359\" class=\"qtranxs-available-language-link qtranxs-available-language-link-tr\" title=\"Turkish\">Turkish<\/a>. For the sake of viewer convenience, the content is shown below in the alternative language. You may click the link to switch the active language.<\/p><p><strong>\u0130stanbul\u2019dan Adapazar\u0131\u2019na, Ankara\u2019dan Kayseri\u2019ye, \u00c7anakkale\u2019den Diyarbak\u0131r\u2019a kadar T\u00fcrkiye\u2019nin b\u00fcy\u00fck b\u00f6l\u00fcm\u00fcnde elektrik kesintileri ya\u015fan\u0131yor. \u0130\u015fte bug\u00fcn T\u00fcrkiye\u2019nin baz\u0131 noktalar\u0131ndan \u2018elektrik\u2019 manzaralar\u0131 \u015f\u00f6yle:<\/strong><\/p>\n<h2>\u0130stanbul<\/h2>\n<p>\u0130stanbul\u2019da bu sabah \u015ei\u015fli, Beyo\u011flu, Bah\u00e7elievler, Ba\u011fc\u0131lar, Sar\u0131yer, Esenyurt, Bayrampa\u015fa, Esenler, Kartal, Beykoz, Kad\u0131k\u00f6y ve Sancaktepe\u2019de elektrikler yoktu. \u0130stanbul\u2019un Avrupa ve Anadolu yakas\u0131n\u0131n b\u00fcy\u00fck bir k\u0131sm\u0131na saat 14.00 ile 16.00 saatleri aras\u0131 da elektrik verilemedi. Milyonlarca ki\u015finin ya\u015fad\u0131\u011f\u0131 12 il\u00e7ede elektriklerin kesilmesiyle, do\u011falgaz kombileri ve \u0131s\u0131t\u0131c\u0131lar da \u00e7al\u0131\u015fmad\u0131. \u0130stanbul\u2019un en g\u00f6zde caddelerinden olan Ba\u011fdat Caddesi de elektriksiz kald\u0131. Civarda oturan vatanda\u015flar telefonla yetkililere ula\u015fmaya \u00e7al\u0131\u015ft\u0131 fakat bir yan\u0131t alamad\u0131.<\/p>\n<p>\u00d6te yandan \u0130stanbul\u2019un Avrupa Yakas\u0131\u2019na elektrik da\u011f\u0131tan BEDA\u015e ve Anadolu Yakas\u0131\u2019na elektrik da\u011f\u0131tan AYEDA\u015e\u2019\u0131n telefonlar\u0131 kesinti ihbarlar\u0131 nedeniyle olduk\u00e7a yo\u011fundu. \u0130stanbullular iki \u015firket haricinde gazete ve televizyonlar\u0131n haber merkezlerine de \u015fik\u00e2yet ya\u011fd\u0131rd\u0131.<\/p>\n<h2>Ankara<\/h2>\n<p>Ankara da g\u00fcne elektrik kesintileriyle ba\u015flad\u0131. \u00c7ankaya, Ke\u00e7i\u00f6ren, Yenimahalle, Mamak ve Alt\u0131nda\u011f\u2019\u0131n da oldu\u011fu bir\u00e7ok il\u00e7<a href=\"https:\/\/www.enerjigazetesi.ist\/wp-content\/uploads\/2013\/12\/turkiye-elektrik-kesintileri-kesintisi-arz-dogalgaz-istanbul.jpg\"><img loading=\"lazy\" class=\"alignright size-medium wp-image-19360\" title=\"turkiye-elektrik-kesintileri-kesintisi-arz-dogalgaz-istanbul\" src=\"https:\/\/www.enerjigazetesi.ist\/wp-content\/uploads\/2013\/12\/turkiye-elektrik-kesintileri-kesintisi-arz-dogalgaz-istanbul-300x201.jpg\" alt=\"\" width=\"300\" height=\"201\" srcset=\"https:\/\/www.enerjigazetesi.ist\/wp-content\/uploads\/2013\/12\/turkiye-elektrik-kesintileri-kesintisi-arz-dogalgaz-istanbul-300x201.jpg 300w, https:\/\/www.enerjigazetesi.ist\/wp-content\/uploads\/2013\/12\/turkiye-elektrik-kesintileri-kesintisi-arz-dogalgaz-istanbul-500x335.jpg 500w, https:\/\/www.enerjigazetesi.ist\/wp-content\/uploads\/2013\/12\/turkiye-elektrik-kesintileri-kesintisi-arz-dogalgaz-istanbul-74x50.jpg 74w, https:\/\/www.enerjigazetesi.ist\/wp-content\/uploads\/2013\/12\/turkiye-elektrik-kesintileri-kesintisi-arz-dogalgaz-istanbul.jpg 505w\" sizes=\"(max-width: 300px) 100vw, 300px\" \/><\/a>ede \u201chava ko\u015fullar\u0131\u201d gerek\u00e7esiyle elektrikler yakla\u015f\u0131k 1.5 saat kesildi.<\/p>\n<h2>\u00c7anakkale<\/h2>\n<p>\u00c7anakkale\u2019nin Lapseki il\u00e7esinde g\u00fcnlerce ard\u0131 ard\u0131na ya\u015fanan elektrik kesintileri esnaf\u0131 ve vatanda\u015flar\u0131 \u00e7ileden \u00e7\u0131kard\u0131. Uluda\u011f Elektrik Da\u011f\u0131t\u0131m A.\u015e. (UEDA\u015e) yetkililerin y\u0131ll\u0131k genel bak\u0131m ad\u0131 alt\u0131na kesti\u011fi bilgisini verse de vatanda\u015flar cevab\u0131 tatmin edici bulmad\u0131.<\/p>\n<h2>Adapazar\u0131<\/h2>\n<p>Adapazar\u0131\u2019nda da birka\u00e7 g\u00fcnd\u00fcr artarak devam eden elektrik kesintisi nedeniyle zor duruma d\u00fc\u015fen esnaf, mum yakarak i\u015flerini devam ettirmeye \u00e7al\u0131\u015ft\u0131. Yeni Cami \u00e7evre esnaf\u0131 birka\u00e7 g\u00fcnd\u00fcr ya\u015fanan elektrik kesintilerinden dolay\u0131 zor duruma d\u00fc\u015ft\u00fcklerini ve i\u015flerinin aksad\u0131\u011f\u0131n\u0131 belirtti.<\/p>\n<h2>K\u0131r\u015fehir ve Yozgat<\/h2>\n<p>K\u0131r\u015fehir\u2019in \u00c7i\u00e7ekda\u011f\u0131 il\u00e7esi K\u00f6seli beldesinde bulunan trafo merkezinde meydana gelen patlama ve yang\u0131n sebebiyle Yozgat ve K\u0131r\u015fehir\u2019e ba\u011fl\u0131 4 il\u00e7ede elektrikler kesildi. Trafoda \u00e7\u0131kan yang\u0131na Yerk\u00f6y ve Yozgat itfaiye ekipleri m\u00fcdahale etti. Alevler g\u00fc\u00e7l\u00fckle kontrol alt\u0131na ald\u0131. Yang\u0131n sebebiyle Yozgat\u2019\u0131n Yerk\u00f6y ve \u015eefaatli ile K\u0131r\u015fehir\u2019in \u00c7i\u00e7ekda\u011f\u0131 ve Ak\u00e7akent il\u00e7elerine ve k\u00f6ylerine elektrik verilemiyor.<\/p>\n<h2>Bal\u0131kesir<\/h2>\n<p>T\u00fcrkiye Elektrik \u0130letim A.\u015e. do\u011falgaz \u00e7evrim santrallerindeki enerji d\u00fc\u015f\u00fckl\u00fc\u011f\u00fc sebebiyle Bal\u0131kesir il merkezi ile birlikte bir\u00e7ok ilde enerji dengelemek amac\u0131yla elektrik kesintisine gitti. Bal\u0131kesir \u015fehir merkezinde elektrikler saat 17.00 s\u0131ralar\u0131nda aniden kesilirken tam 1 saat \u015fehir elektriksiz kald\u0131. 18.00\u2032da ise kente yeniden elektrik verildi. Bal\u0131kesir\u2019de yakla\u015f\u0131k 4 y\u0131l \u00f6nce de ayn\u0131 \u015fekilde elektrik kesintileri olmu\u015f ve b\u00fcy\u00fck s\u0131k\u0131nt\u0131lara yol a\u00e7m\u0131\u015ft\u0131.<\/p>\n<h2>Siirt<\/h2>\n<p>Dicle EDA\u015e, yar\u0131n Siirt\u2019te zorunlu elektrik kesintisi uygulayacak. Dicle EDA\u015e\u2019tan yap\u0131lan a\u00e7\u0131klamaya g\u00f6re Diyarbak\u0131r, \u015eanl\u0131urfa, Mardin, Batman, Siirt ve \u015e\u0131rnak\u2019ta hayata ge\u00e7irilecek zorunlu elektrik kesintisi, k\u0131rsal kesim a\u011f\u0131rl\u0131kl\u0131 ve d\u00f6n\u00fc\u015f\u00fcml\u00fc olarak uygulanacak. Kesinti, ihtiya\u00e7 halinde Siirt il merkezlerinde de yap\u0131lacak. A\u00e7\u0131klamada, T\u00fcrkiye\u2019de \u00fcretilen elektrik enerjisinin yakla\u015f\u0131k y\u00fczde 60\u2019\u0131n\u0131n do\u011falgazdan elde edildi\u011fi belirtildi.<\/p>\n<h2>Trakya<\/h2>\n<p>Trakya\u2019da da olumsuz hava ko\u015fullar\u0131n\u0131n k\u0131sa s\u00fcreli elektrik kesintilerine yol a\u00e7aca\u011f\u0131 bildirildi. Trakya Elektrik Da\u011f\u0131t\u0131m A.\u015e. (TREDA\u015e) yapt\u0131\u011f\u0131 a\u00e7\u0131klamada, enerji ald\u0131\u011f\u0131 T\u00fcrkiye Elektrik \u0130letim A.\u015e.\u2019nin ilgili Trafo Merkezleri (TM)\u2019nde, TE\u0130A\u015e Genel M\u00fcd\u00fcrl\u00fc\u011f\u00fc Y\u00fck Tevzi Merkezi\u2019nce olumsuz hava ko\u015fullar\u0131 nedeniyle enerji dengelenmesi ad\u0131na T\u00fcrkiye genelinde k\u0131sa s\u00fcreli elektrik kesintileri ya\u015fand\u0131\u011f\u0131n\u0131 belirtti. Bu kesintilerden faaliyet alanlar\u0131nda bulunan Tekirda\u011f, Edirne ve K\u0131rklareli\u2019ndeki abonelerin de etkileneceklerini belirten TREDA\u015e yetkilileri 09:00 ile 22:00 saatleri aras\u0131nda k\u0131sa s\u00fcreli elektrik kesintileri beklendi\u011fini ifade etti. Kesintilerin pazar g\u00fcn\u00fc de devam etmesinin beklendi\u011fi kaydedildi.<\/p>\n<h2>Kayseri<\/h2>\n<p>So\u011fuk havayla birlikte t\u00fcketimi artan elektrikte kesintiler ba\u015flad\u0131. Kayseri\u2019de uygulanan kesintiler, sadece il\u00e7e ve k\u00f6ylerde de\u011fil \u015fehir merkezlerinde de ya\u015fan\u0131yor. Kayseri\u2019de b\u00fcy\u00fck n\u00fcfusun bulundu\u011fu Belsin, \u0130ldem, Beyaz\u015fehir, TOK\u0130 gibi semtlerde g\u00fcn i\u00e7erisinde defalarca k\u0131sa s\u00fcreli elektrik kesintileri oldu. Elektrik \u015firketini arayan vatanda\u015flar, kesintinin kendilerinden kaynaklanan bir nedenden dolay\u0131 olmad\u0131\u011f\u0131n\u0131 a\u00e7\u0131klad\u0131lar.<\/p>\n<h2>G\u00fcneydo\u011fu<\/h2>\n<p>Dicle Elektrik A.\u015e. (Dicle EDA\u015e) Diyarbak\u0131r, Batman, Siirt, \u015eanl\u0131ufra, Mardin ve \u015e\u0131rnak\u2019ta zorunlu elektrik kesintilerinin uygulanaca\u011f\u0131n\u0131 a\u00e7\u0131klamas\u0131n\u0131n ard\u0131ndan d\u00fcn ak\u015fam saatlerinde ikinci bir a\u00e7\u0131klama yapt\u0131. A\u00e7\u0131klamada, \u015f\u00f6yle denildi: \u201cBug\u00fcn \u015firketimiz ad\u0131na yap\u0131lan elektrik kesintileri ile ilgili a\u00e7\u0131klamalar yanl\u0131\u015f anla\u015f\u0131lmalara yol a\u00e7t\u0131\u011f\u0131ndan yeni bir a\u00e7\u0131klama yap\u0131lmas\u0131 ihtiyac\u0131 has\u0131l olmu\u015ftur. B\u00f6lgemizi kapsayan illerde son g\u00fcnlerde ya\u015fanan olumsuz hava ko\u015fullar\u0131 nedeniyle ana alterlerde ar\u0131za bak\u0131m onar\u0131m ihtiyac\u0131 artm\u0131\u015ft\u0131r, bu da enerji dengelenmesi ad\u0131na k\u0131sa s\u00fcreli elektrik kesintileri yap\u0131lma zorunlulu\u011fu ortaya \u00e7\u0131karm\u0131\u015ft\u0131r. Ayr\u0131ca Dicle EDA\u015e planlanm\u0131\u015f ink\u0131ta uygulamamaktad\u0131r.\u201d<\/p>\n<p>Kaynak: <a href=\"http:\/\/enerjienstitusu.com\/2013\/12\/14\/turkiye-elektrik-kesintileri-kesintisi-arz-dogalgaz-istanbul\/\" target=\"_blank\">Enerji Enstit\u00fcs\u00fc<\/a><\/p>","protected":false},"excerpt":{"rendered":"<p>Sorry, this entry is only available in Turkish. For the sake of viewer convenience, the content is shown below in the alternative language. You may click the link to switch the active language.\u0130stanbul\u2019dan Adapazar\u0131\u2019na, Ankara\u2019dan Kayseri\u2019ye, \u00c7anakkale\u2019den Diyarbak\u0131r\u2019a kadar T\u00fcrkiye\u2019nin b\u00fcy\u00fck b\u00f6l\u00fcm\u00fcnde elektrik kesintileri ya\u015fan\u0131yor. \u0130\u015fte bug\u00fcn T\u00fcrkiye\u2019nin baz\u0131 noktalar\u0131ndan \u2018elektrik\u2019 manzaralar\u0131 \u015f\u00f6yle: \u0130stanbul \u0130stanbul\u2019da [&hellip;]<\/p>\n","protected":false},"author":1,"featured_media":19360,"comment_status":"open","ping_status":"open","sticky":false,"template":"","format":"standard","meta":[],"categories":[51,53],"tags":[68,61,11276,63,67,1009,165,846],"views":791,"_links":{"self":[{"href":"https:\/\/www.enerjigazetesi.ist\/en\/wp-json\/wp\/v2\/posts\/19359"}],"collection":[{"href":"https:\/\/www.enerjigazetesi.ist\/en\/wp-json\/wp\/v2\/posts"}],"about":[{"href":"https:\/\/www.enerjigazetesi.ist\/en\/wp-json\/wp\/v2\/types\/post"}],"author":[{"embeddable":true,"href":"https:\/\/www.enerjigazetesi.ist\/en\/wp-json\/wp\/v2\/users\/1"}],"replies":[{"embeddable":true,"href":"https:\/\/www.enerjigazetesi.ist\/en\/wp-json\/wp\/v2\/comments?post=19359"}],"version-history":[{"count":3,"href":"https:\/\/www.enerjigazetesi.ist\/en\/wp-json\/wp\/v2\/posts\/19359\/revisions"}],"predecessor-version":[{"id":19364,"href":"https:\/\/www.enerjigazetesi.ist\/en\/wp-json\/wp\/v2\/posts\/19359\/revisions\/19364"}],"wp:featuredmedia":[{"embeddable":true,"href":"https:\/\/www.enerjigazetesi.ist\/en\/wp-json\/wp\/v2\/media\/19360"}],"wp:attachment":[{"href":"https:\/\/www.enerjigazetesi.ist\/en\/wp-json\/wp\/v2\/media?parent=19359"}],"wp:term":[{"taxonomy":"category","embeddable":true,"href":"https:\/\/www.enerjigazetesi.ist\/en\/wp-json\/wp\/v2\/categories?post=19359"},{"taxonomy":"post_tag","embeddable":true,"href":"https:\/\/www.enerjigazetesi.ist\/en\/wp-json\/wp\/v2\/tags?post=19359"}],"curies":[{"name":"wp","href":"https:\/\/api.w.org\/{rel}","templated":true}]}}