{"id":193578,"date":"2024-12-27T12:24:24","date_gmt":"2024-12-27T09:24:24","guid":{"rendered":"https:\/\/www.enerjigazetesi.ist\/?p=193578"},"modified":"2024-12-27T12:26:37","modified_gmt":"2024-12-27T09:26:37","slug":"akfen-yenilenebilir-enerjinin-saritepe-hibrit-gesi-enerji-uretimine-basladi","status":"publish","type":"post","link":"https:\/\/www.enerjigazetesi.ist\/en\/akfen-yenilenebilir-enerjinin-saritepe-hibrit-gesi-enerji-uretimine-basladi\/","title":{"rendered":"(Turkish) Osmaniye\u2019deki &#8216;Sar\u0131tepe Hibrit GES&#8217; Enerji \u00dcretimine Ba\u015flad\u0131"},"content":{"rendered":"<p class=\"qtranxs-available-languages-message qtranxs-available-languages-message-en\">Sorry, this entry is only available in <a href=\"https:\/\/www.enerjigazetesi.ist\/tr\/wp-json\/wp\/v2\/posts\/193578\" class=\"qtranxs-available-language-link qtranxs-available-language-link-tr\" title=\"Turkish\">Turkish<\/a>. For the sake of viewer convenience, the content is shown below in the alternative language. You may click the link to switch the active language.<\/p><p><\/p>\n<h2><strong>Akfen Yenilenebilir Enerji\u2019nin Osmaniye\u2019de toplam 12,9 MW\u2019l\u0131k Sar\u0131tepe Hibrit GES projesinin ilk faz\u0131 olan 3,95 MW kurulu g\u00fcc\u00fcndeki santrali ticari enerji \u00fcretimine ba\u015flad\u0131. 2025 y\u0131l\u0131 sonunda toplam 887 MW kurulu g\u00fcce ula\u015fmay\u0131 hedefleyen \u015firket, hibrit enerji projeleriyle enerji verimlili\u011fini art\u0131rarak T\u00fcrkiye\u2019nin yenilenebilir enerji kapasitesine katk\u0131da bulunmay\u0131 s\u00fcrd\u00fcr\u00fcyor.<\/strong><\/h2>\n<p style=\"text-align: center;\"><img loading=\"lazy\" class=\"aligncenter wp-image-193581\" src=\"https:\/\/www.enerjigazetesi.ist\/wp-content\/uploads\/2024\/12\/1735283462_Akfen_Yenilenebilir_Enerji___RES.jpg\" alt=\"\" width=\"500\" height=\"333\" srcset=\"https:\/\/www.enerjigazetesi.ist\/wp-content\/uploads\/2024\/12\/1735283462_Akfen_Yenilenebilir_Enerji___RES.jpg 550w, https:\/\/www.enerjigazetesi.ist\/wp-content\/uploads\/2024\/12\/1735283462_Akfen_Yenilenebilir_Enerji___RES-300x200.jpg 300w, https:\/\/www.enerjigazetesi.ist\/wp-content\/uploads\/2024\/12\/1735283462_Akfen_Yenilenebilir_Enerji___RES-500x333.jpg 500w, https:\/\/www.enerjigazetesi.ist\/wp-content\/uploads\/2024\/12\/1735283462_Akfen_Yenilenebilir_Enerji___RES-75x50.jpg 75w, https:\/\/www.enerjigazetesi.ist\/wp-content\/uploads\/2024\/12\/1735283462_Akfen_Yenilenebilir_Enerji___RES-450x300.jpg 450w\" sizes=\"(max-width: 500px) 100vw, 500px\" \/><\/p>\n<p>T\u00fcrkiye&#8217;nin yerli ve yenilenebilir enerji yat\u0131r\u0131mlar\u0131nda \u00f6nc\u00fc \u015firketlerinden biri olan <strong>Akfen Yenilenebilir Enerji<\/strong>, hibrit enerji projelerindeki stratejik ad\u0131mlar\u0131n\u0131 h\u0131zland\u0131r\u0131yor. \u015eirketin ba\u011fl\u0131 ortakl\u0131\u011f\u0131 \u0130mbat Enerji A.\u015e. taraf\u0131ndan <strong>Osmaniye\u2019de<\/strong> hayata ge\u00e7irilen ve toplamda 12,96 MW kurulu g\u00fcce sahip olan <strong>Sar\u0131tepe Hibrit GES Projesi\u2019nin ilk faz\u0131, 3,95 MW kapasite ile ticari enerji \u00fcretimine ba\u015flad\u0131.<\/strong><\/p>\n<p><strong>T\u00fcrkiye Cumhuriyeti Enerji ve Tabii Kaynaklar Bakanl\u0131\u011f\u0131\u00a0<\/strong>taraf\u0131ndan 26 Aral\u0131k 2024 tarihinde mevzuata uygun olarak ge\u00e7ici kabul\u00fc yap\u0131lan proje, <strong>T\u00fcrkiye\u2019nin enerji arz g\u00fcvenli\u011fini g\u00fc\u00e7lendirmeye y\u00f6nelik \u00f6nemli bir ad\u0131m<\/strong> olarak \u00f6ne \u00e7\u0131k\u0131yor.<\/p>\n<h3><strong>2025 YILI SONUNDA 887 MW <\/strong><strong>KAPAS\u0130TEY\u0130 HEDEFL\u0130YOR<\/strong><\/h3>\n<p>Akfen Yenilenebilir Enerji, <strong>toplamda 188 MW kapasite art\u0131\u015f\u0131n\u0131 hedefleyen birinci a\u015fama hibrit GES ve RES yat\u0131r\u0131mlar\u0131na\u00a0<\/strong>devam ediyor. \u015eirket, bu kapsamda, 26 Aral\u0131k 2024 itibar\u0131yla ba\u011fl\u0131 ortakl\u0131klar\u0131 arac\u0131l\u0131\u011f\u0131yla i\u015fletilen yenilenebilir enerji santrallerinde toplam <strong>703 MW\u2019l\u0131k ye\u015fil ve yenilenebilir\u00a0<\/strong>kurulu g\u00fc\u00e7 kapasitesine ula\u015ft\u0131. Akfen Yenilenebilir Enerji, planlanan bu yat\u0131r\u0131mlar\u0131n tamamlanmas\u0131yla <strong>2025 y\u0131l\u0131 sonunda yakla\u015f\u0131k<\/strong> <strong>887 MW kapasiteye ula\u015farak<\/strong>, hem \u015firketin enerji sekt\u00f6r\u00fcndeki s\u00fcrd\u00fcr\u00fclebilir b\u00fcy\u00fcmesine, hem de T\u00fcrkiye\u2019nin yenilenebilir enerji kapasitesinin art\u0131r\u0131lmas\u0131na katk\u0131 sa\u011flamay\u0131 hedefliyor.<\/p>\n<h3><strong>\u201cT\u00dcRK\u0130YE\u2019N\u0130N ENERJ\u0130 BA\u011eIMSIZLI\u011eI <\/strong><strong>HEDEFLER\u0130NE KATKIDA BULUNUYORUZ\u201d<\/strong><\/h3>\n<div id=\"attachment_193582\" style=\"width: 510px\" class=\"wp-caption aligncenter\"><img aria-describedby=\"caption-attachment-193582\" loading=\"lazy\" class=\"wp-image-193582\" src=\"https:\/\/www.enerjigazetesi.ist\/wp-content\/uploads\/2024\/12\/1735283390_Akfen_Yenilenebilir_Enerji_Genel_M__d__r___Mustafa_Kemal_G__ng__r.jpg\" alt=\"\" width=\"500\" height=\"428\" srcset=\"https:\/\/www.enerjigazetesi.ist\/wp-content\/uploads\/2024\/12\/1735283390_Akfen_Yenilenebilir_Enerji_Genel_M__d__r___Mustafa_Kemal_G__ng__r.jpg 550w, https:\/\/www.enerjigazetesi.ist\/wp-content\/uploads\/2024\/12\/1735283390_Akfen_Yenilenebilir_Enerji_Genel_M__d__r___Mustafa_Kemal_G__ng__r-300x257.jpg 300w, https:\/\/www.enerjigazetesi.ist\/wp-content\/uploads\/2024\/12\/1735283390_Akfen_Yenilenebilir_Enerji_Genel_M__d__r___Mustafa_Kemal_G__ng__r-467x400.jpg 467w, https:\/\/www.enerjigazetesi.ist\/wp-content\/uploads\/2024\/12\/1735283390_Akfen_Yenilenebilir_Enerji_Genel_M__d__r___Mustafa_Kemal_G__ng__r-58x50.jpg 58w, https:\/\/www.enerjigazetesi.ist\/wp-content\/uploads\/2024\/12\/1735283390_Akfen_Yenilenebilir_Enerji_Genel_M__d__r___Mustafa_Kemal_G__ng__r-500x428.jpg 500w\" sizes=\"(max-width: 500px) 100vw, 500px\" \/><p id=\"caption-attachment-193582\" class=\"wp-caption-text\">Akfen Yenilenebilir Enerji Genel M\u00fcd\u00fcr\u00fc Mustafa Kemal G\u00fcng\u00f6r<\/p><\/div>\n<p><strong>Akfen Yenilenebilir Enerji Genel M\u00fcd\u00fcr\u00fc Mustafa Kemal G\u00fcng\u00f6r<\/strong>, Sar\u0131tepe Hibrit GES\u2019in ticari \u00fcretime ba\u015flamas\u0131yla ilgili \u015fu de\u011ferlendirmede bulundu:<\/p>\n<p><em>\u201cAkfen Yenilenebilir Enerji olarak, \u00fclkemizin s\u00fcrd\u00fcr\u00fclebilir enerji hedeflerine katk\u0131da bulunmak ve enerji arz g\u00fcvenli\u011fini g\u00fc\u00e7lendirmek i\u00e7in yat\u0131r\u0131mlar\u0131m\u0131za h\u0131z kesmeden devam ediyoruz. Bu kapsamda Sar\u0131tepe Hibrit GES Projesi, yenilik\u00e7i enerji \u00e7\u00f6z\u00fcmlerine olan ba\u011fl\u0131l\u0131\u011f\u0131m\u0131z\u0131n somut bir g\u00f6stergesi olarak \u00f6ne \u00e7\u0131k\u0131yor. Hibrit enerji sistemlerimizle, enerji \u00fcretiminde verimlili\u011fi art\u0131r\u0131rken karbon emisyonlar\u0131n\u0131 d\u00fc\u015f\u00fcrerek \u00e7evresel etkileri en aza indirmeye devam etmeyi hedefliyoruz. Yat\u0131r\u0131mlar\u0131m\u0131zla T\u00fcrkiye\u2019nin enerji ba\u011f\u0131ms\u0131zl\u0131\u011f\u0131 hedeflerine ve yenilenebilir enerji alan\u0131nda b\u00f6lgesel lider olma vizyonuna katk\u0131 sunmaya devam edece\u011fiz.\u201d<\/em><\/p>","protected":false},"excerpt":{"rendered":"<p>Sorry, this entry is only available in Turkish. For the sake of viewer convenience, the content is shown below in the alternative language. You may click the link to switch the active language. Akfen Yenilenebilir Enerji\u2019nin Osmaniye\u2019de toplam 12,9 MW\u2019l\u0131k Sar\u0131tepe Hibrit GES projesinin ilk faz\u0131 olan 3,95 MW kurulu g\u00fcc\u00fcndeki santrali ticari enerji \u00fcretimine [&hellip;]<\/p>\n","protected":false},"author":1,"featured_media":193580,"comment_status":"open","ping_status":"open","sticky":false,"template":"","format":"standard","meta":[],"categories":[51,53,49],"tags":[28245,115584,17096,115599],"views":26,"_links":{"self":[{"href":"https:\/\/www.enerjigazetesi.ist\/en\/wp-json\/wp\/v2\/posts\/193578"}],"collection":[{"href":"https:\/\/www.enerjigazetesi.ist\/en\/wp-json\/wp\/v2\/posts"}],"about":[{"href":"https:\/\/www.enerjigazetesi.ist\/en\/wp-json\/wp\/v2\/types\/post"}],"author":[{"embeddable":true,"href":"https:\/\/www.enerjigazetesi.ist\/en\/wp-json\/wp\/v2\/users\/1"}],"replies":[{"embeddable":true,"href":"https:\/\/www.enerjigazetesi.ist\/en\/wp-json\/wp\/v2\/comments?post=193578"}],"version-history":[{"count":0,"href":"https:\/\/www.enerjigazetesi.ist\/en\/wp-json\/wp\/v2\/posts\/193578\/revisions"}],"wp:featuredmedia":[{"embeddable":true,"href":"https:\/\/www.enerjigazetesi.ist\/en\/wp-json\/wp\/v2\/media\/193580"}],"wp:attachment":[{"href":"https:\/\/www.enerjigazetesi.ist\/en\/wp-json\/wp\/v2\/media?parent=193578"}],"wp:term":[{"taxonomy":"category","embeddable":true,"href":"https:\/\/www.enerjigazetesi.ist\/en\/wp-json\/wp\/v2\/categories?post=193578"},{"taxonomy":"post_tag","embeddable":true,"href":"https:\/\/www.enerjigazetesi.ist\/en\/wp-json\/wp\/v2\/tags?post=193578"}],"curies":[{"name":"wp","href":"https:\/\/api.w.org\/{rel}","templated":true}]}}