{"id":193519,"date":"2024-12-24T16:29:48","date_gmt":"2024-12-24T13:29:48","guid":{"rendered":"https:\/\/www.enerjigazetesi.ist\/?p=193519"},"modified":"2024-12-24T16:29:48","modified_gmt":"2024-12-24T13:29:48","slug":"ruzgar-enerjisi-kurulu-gucune-15-milyar-euro-yatirim-yapildi","status":"publish","type":"post","link":"https:\/\/www.enerjigazetesi.ist\/en\/ruzgar-enerjisi-kurulu-gucune-15-milyar-euro-yatirim-yapildi\/","title":{"rendered":"(Turkish) R\u00fczgar Enerjisi Kurulu G\u00fcc\u00fcne 15 Milyar Euro Yat\u0131r\u0131m Yap\u0131ld\u0131"},"content":{"rendered":"<p class=\"qtranxs-available-languages-message qtranxs-available-languages-message-en\">Sorry, this entry is only available in <a href=\"https:\/\/www.enerjigazetesi.ist\/tr\/wp-json\/wp\/v2\/posts\/193519\" class=\"qtranxs-available-language-link qtranxs-available-language-link-tr\" title=\"Turkish\">Turkish<\/a>. For the sake of viewer convenience, the content is shown below in the alternative language. You may click the link to switch the active language.<\/p><p><\/p>\n<h2><strong>\u00dclkemizde yenilenebilir enerji d\u00f6n\u00fc\u015f\u00fcm\u00fcn\u00fcn \u00f6nemli bir par\u00e7as\u0131 olan r\u00fczgar enerjisi sekt\u00f6r\u00fc 2023 y\u0131l\u0131nda, 500 MW\u2019\u0131 ancak a\u015fan yeni kurulu g\u00fc\u00e7 ilavesiyle son 13 y\u0131l\u0131n en d\u00fc\u015f\u00fck y\u0131ll\u0131k kurulumuna \u015fahit oldu. T\u00dcREB Ba\u015fkan\u0131 \u0130brahim Erden yapt\u0131\u011f\u0131 a\u00e7\u0131klamada, 2024 y\u0131l\u0131nda y\u0131ll\u0131k RES kurulumlar\u0131n\u0131n y\u0131lsonunda 750 MW seviyesinde ger\u00e7ekle\u015febilece\u011fi \u00f6ng\u00f6r\u00fcs\u00fcn\u00fc a\u00e7\u0131klad\u0131. T\u00dcREB taraf\u0131ndan, bu yeni d\u00f6nemin \u015fafa\u011f\u0131nda yat\u0131r\u0131mc\u0131 ve ana sanayici \u00fcyeleri ile finans sekt\u00f6r\u00fcnde faaliyet g\u00f6steren kurumsal \u00fcye ve payda\u015flar\u0131 aras\u0131ndaki ileti\u015fimi kuvvetlendirerek, fikir al\u0131\u015fveri\u015fi yapmak amac\u0131yla \u201c2. T\u00dcREB Finansal Kurum Payda\u015flar\u0131 Toplant\u0131s\u0131\u201d organize edildi.<\/strong><\/h2>\n<p style=\"text-align: center;\"><img loading=\"lazy\" class=\"aligncenter wp-image-193522\" src=\"https:\/\/www.enerjigazetesi.ist\/wp-content\/uploads\/2024\/12\/ruzgar-enerjisi-kurulu-gucune-15-milyar-euro-yatirim-yapildi.jpg\" alt=\"\" width=\"500\" height=\"334\" srcset=\"https:\/\/www.enerjigazetesi.ist\/wp-content\/uploads\/2024\/12\/ruzgar-enerjisi-kurulu-gucune-15-milyar-euro-yatirim-yapildi.jpg 550w, https:\/\/www.enerjigazetesi.ist\/wp-content\/uploads\/2024\/12\/ruzgar-enerjisi-kurulu-gucune-15-milyar-euro-yatirim-yapildi-300x200.jpg 300w, https:\/\/www.enerjigazetesi.ist\/wp-content\/uploads\/2024\/12\/ruzgar-enerjisi-kurulu-gucune-15-milyar-euro-yatirim-yapildi-500x334.jpg 500w, https:\/\/www.enerjigazetesi.ist\/wp-content\/uploads\/2024\/12\/ruzgar-enerjisi-kurulu-gucune-15-milyar-euro-yatirim-yapildi-75x50.jpg 75w, https:\/\/www.enerjigazetesi.ist\/wp-content\/uploads\/2024\/12\/ruzgar-enerjisi-kurulu-gucune-15-milyar-euro-yatirim-yapildi-450x300.jpg 450w\" sizes=\"(max-width: 500px) 100vw, 500px\" \/><\/p>\n<p>T\u00dcREB Finansal Kurum Payda\u015flar\u0131 toplant\u0131s\u0131na; Kamu Kurumlar\u0131, t\u00fcrbin \u00fcreticileri, kanat \u00fcreticileri, kule \u00fcreticileri, m\u00fchendislik firmalar\u0131, bankalar, dan\u0131\u015fmanl\u0131k \u015firketleri yetkilileri, lojistik \u015firketleri, Sivil Toplum Kurulu\u015flar\u0131, yat\u0131r\u0131mc\u0131lar, sanayiciler de dahil olmak \u00fczere 150\u2019ye yak\u0131n sekt\u00f6r profesyoneli kat\u0131ld\u0131.<\/p>\n<h3><strong>R\u00dcZGAR ENERJ\u0130S\u0130 KURULU G\u00dcC\u00dcNE 15 M\u0130LYAR EURO YATIRIM YAPILDI<\/strong><\/h3>\n<div id=\"attachment_193523\" style=\"width: 510px\" class=\"wp-caption aligncenter\"><img aria-describedby=\"caption-attachment-193523\" loading=\"lazy\" class=\"wp-image-193523\" src=\"https:\/\/www.enerjigazetesi.ist\/wp-content\/uploads\/2024\/12\/ruzgar-enerjisi-kurulu-gucune-15-milyar-euro-yatirim-yapildi-1.jpg\" alt=\"\" width=\"500\" height=\"334\" srcset=\"https:\/\/www.enerjigazetesi.ist\/wp-content\/uploads\/2024\/12\/ruzgar-enerjisi-kurulu-gucune-15-milyar-euro-yatirim-yapildi-1.jpg 550w, https:\/\/www.enerjigazetesi.ist\/wp-content\/uploads\/2024\/12\/ruzgar-enerjisi-kurulu-gucune-15-milyar-euro-yatirim-yapildi-1-300x200.jpg 300w, https:\/\/www.enerjigazetesi.ist\/wp-content\/uploads\/2024\/12\/ruzgar-enerjisi-kurulu-gucune-15-milyar-euro-yatirim-yapildi-1-500x334.jpg 500w, https:\/\/www.enerjigazetesi.ist\/wp-content\/uploads\/2024\/12\/ruzgar-enerjisi-kurulu-gucune-15-milyar-euro-yatirim-yapildi-1-75x50.jpg 75w, https:\/\/www.enerjigazetesi.ist\/wp-content\/uploads\/2024\/12\/ruzgar-enerjisi-kurulu-gucune-15-milyar-euro-yatirim-yapildi-1-450x300.jpg 450w\" sizes=\"(max-width: 500px) 100vw, 500px\" \/><p id=\"caption-attachment-193523\" class=\"wp-caption-text\">T\u00dcREB Ba\u015fkan\u0131 \u0130brahim Erden<\/p><\/div>\n<p>T\u00fcrkiye\u2019nin r\u00fczgar enerjisi kurulu g\u00fcc\u00fcne yakla\u015f\u0131k 15 milyar euro yat\u0131r\u0131m yapt\u0131\u011f\u0131n\u0131 dile getiren <strong>T\u00dcREB Ba\u015fkan\u0131 \u0130brahim Erden<\/strong>: <em>\u201c10 y\u0131l \u00f6nce d\u00fcnya r\u00fczgar enerjisi pazar\u0131n\u0131n y\u00fczde 55\u2019i bat\u0131l\u0131 t\u00fcrbin tedarik\u00e7ileri taraf\u0131ndan domine edilirken bug\u00fcn bat\u0131l\u0131 t\u00fcrbin \u00fcreticileri yaln\u0131zca y\u00fczde 36\u2019l\u0131k bir t\u00fcrbin pazar\u0131na hakim durumda. COVID-19 pandemisi s\u00fcrecinde uygulanan geni\u015flemeci mali politikalar, tedarik zinciri sorunlar\u0131, enerji fiyatlar\u0131ndaki art\u0131\u015f ve Rusya&#8217;n\u0131n Ukrayna&#8217;y\u0131 i\u015fgali gibi fakt\u00f6rler, k\u00fcresel \u00e7apta enflasyon oranlar\u0131n\u0131 y\u00fckseltirken, bir\u00e7ok merkez bankas\u0131, fiyat istikrar\u0131n\u0131 sa\u011flamak amac\u0131yla faiz oranlar\u0131n\u0131 art\u0131rmaya y\u00f6neldi. T\u00fcrkiye \u00f6zelinde y\u00fckselen \u00fclke risk primi ile birlikte bor\u00e7lanma maliyetlerinde ya\u015fanan ilave art\u0131\u015f, 2021 y\u0131l\u0131 itibari ile sona eren YEKDEM-1 d\u00f6nemi ile birle\u015ferek yat\u0131r\u0131m hacminin olduk\u00e7a daralmas\u0131na neden oldu. \u00d6te yandan, de\u011fi\u015fen finansal ko\u015fullara ra\u011fmen, g\u00fcn itibariyle i\u015fletmedeki <strong><u>RES kurulu g\u00fcc\u00fcm\u00fcz yakla\u015f\u0131k 15 milyar euroluk yat\u0131r\u0131m<\/u><\/strong>la 12.900 MW\u2019\u0131, verilen depolamal\u0131 lisanslar ve di\u011fer projeler dahil toplam proje portf\u00f6y\u00fcm\u00fcz de 24.000 MW\u2019\u0131 a\u015fm\u0131\u015f durumdad\u0131r. Ayr\u0131ca, Enerji ve Tabii Kaynaklar Bakanl\u0131\u011f\u0131m\u0131zca a\u00e7\u0131klanan 2035 Yenilenebilir Enerji Vizyonu ve yeni hedeflerle <strong><u>RES kurulu g\u00fcc\u00fcn\u00fcn 2035 y\u0131l\u0131nda 50.000 MW\u2019a ula\u015fmas\u0131 hedefleniyor.\u00a0<\/u><\/strong>T\u00fcrkiye CDS de\u011ferlerinin g\u00f6rece normal d\u00fczeylere gelmi\u015f oldu\u011fu, FED ve ECB\u2019nin faiz indirimlerine ba\u015flad\u0131\u011f\u0131 bug\u00fcnlerde \u00f6nlisans\/lisans alm\u0131\u015f 24 GW\u2019l\u0131k yat\u0131r\u0131m\u0131n hayata ge\u00e7ebilmesi i\u00e7in \u00f6n\u00fcm\u00fczdeki birka\u00e7 sene i\u00e7erisinde bug\u00fcne kadar sa\u011flanm\u0131\u015f olan finansman\u0131n 2 kat\u0131 kayna\u011fa ihtiya\u00e7 duyulaca\u011f\u0131 ka\u00e7\u0131n\u0131lmaz bir ger\u00e7ek\u201d<\/em> dedi.<\/p>\n<p><strong>2. T\u00dcREB Finansal Kurum Payda\u015flar\u0131 Toplant\u0131s\u0131<\/strong>\u2019n\u0131 organize etme amac\u0131n\u0131n, yenilenebilir enerji projelerinin finansman\u0131ndaki ihtiya\u00e7lar\u0131 daha iyi anlamak ve finansal kurumlar ile sekt\u00f6r\u00fcm\u00fcz aras\u0131nda g\u00fc\u00e7l\u00fc bir diyalog platformu olu\u015fturmak oldu\u011funu dile getiren <strong>ERDEN<\/strong>;<em> \u201cAram\u0131zda 26 farkl\u0131 bankay\u0131 temsil eden 32 de\u011ferli bankac\u0131, 12 farkl\u0131 finansal kurum temsilcisi \u00a0ve yakla\u015f\u0131k 30 T\u00dcREB Y\u00f6netim ve denetim kurulu \u00fcyemiz bulunuyor. Ayr\u0131ca \u00fcyemiz bulunan kamu kurumu temsilcileri ve yat\u0131r\u0131mc\u0131 \u00fcyelerimizin \u00fcst d\u00fczey y\u00f6neticileri, finans y\u00f6neticileri ve sekt\u00f6r\u00fcm\u00fcz\u00fcn di\u011fer temsilcileriyle toplamda 150\u2019ye yak\u0131n g\u00fc\u00e7l\u00fc bir kat\u0131l\u0131mc\u0131 grubu olu\u015fturuyoruz. Son d\u00f6nemde yenilenebilir enerjinin geli\u015fimi i\u00e7in sekt\u00f6r\u00fcm\u00fcz\u00fc ilgilendiren \u00f6nemli mevzuat d\u00fczenlemeleri hayata ge\u00e7iriliyor. Bu d\u00fczenlemeler, sekt\u00f6r\u00fc g\u00fc\u00e7lendirmek ve yenilenebilir enerjiyi \u015febekeye ve piyasa sistemine daha fazla entegre etmek amac\u0131yla yap\u0131l\u0131yor. K\u0131saca <span style=\"text-decoration: underline;\">bahsetmek gerekirse;<\/span><\/em><\/p>\n<p><em><strong>&#8211; Toplay\u0131c\u0131l\u0131k Faaliyetleri Y\u00f6netmeli\u011fi ile talep taraf\u0131 kat\u0131l\u0131m\u0131 te\u015fvik edilerek piyasan\u0131n esnekli\u011fi art\u0131r\u0131ld\u0131.<\/strong><\/em><\/p>\n<p><em><strong>&#8211; Depolama Faaliyetleri Y\u00f6netmeli\u011fi De\u011fi\u015fiklikleri ile depolamal\u0131 \u00fcretim tesislerinin entegrasyonu sa\u011fland\u0131.<\/strong><\/em><\/p>\n<p><em><strong>&#8211; \u015eebeke ve Yan Hizmetler Y\u00f6netmeli\u011fi De\u011fi\u015fiklikleri ile frekans hassasiyet modlar\u0131 ve reaktif g\u00fc\u00e7 destek hizmetleri gibi yenilikler getirildi.<\/strong><\/em><\/p>\n<p><em>Bu d\u00fczenlemeler, sekt\u00f6r\u00fc daha rekabet\u00e7i hale getirirken, yenilenebilir enerjinin sistem entegrasyonunu h\u0131zland\u0131rmay\u0131 hedefliyor\u201d<\/em> a\u00e7\u0131klamas\u0131nda bulundu.<\/p>","protected":false},"excerpt":{"rendered":"<p>Sorry, this entry is only available in Turkish. For the sake of viewer convenience, the content is shown below in the alternative language. You may click the link to switch the active language. \u00dclkemizde yenilenebilir enerji d\u00f6n\u00fc\u015f\u00fcm\u00fcn\u00fcn \u00f6nemli bir par\u00e7as\u0131 olan r\u00fczgar enerjisi sekt\u00f6r\u00fc 2023 y\u0131l\u0131nda, 500 MW\u2019\u0131 ancak a\u015fan yeni kurulu g\u00fc\u00e7 ilavesiyle son [&hellip;]<\/p>\n","protected":false},"author":1,"featured_media":193526,"comment_status":"open","ping_status":"open","sticky":false,"template":"","format":"standard","meta":[],"categories":[53,50],"tags":[87907,5320,312,1682],"views":33,"_links":{"self":[{"href":"https:\/\/www.enerjigazetesi.ist\/en\/wp-json\/wp\/v2\/posts\/193519"}],"collection":[{"href":"https:\/\/www.enerjigazetesi.ist\/en\/wp-json\/wp\/v2\/posts"}],"about":[{"href":"https:\/\/www.enerjigazetesi.ist\/en\/wp-json\/wp\/v2\/types\/post"}],"author":[{"embeddable":true,"href":"https:\/\/www.enerjigazetesi.ist\/en\/wp-json\/wp\/v2\/users\/1"}],"replies":[{"embeddable":true,"href":"https:\/\/www.enerjigazetesi.ist\/en\/wp-json\/wp\/v2\/comments?post=193519"}],"version-history":[{"count":0,"href":"https:\/\/www.enerjigazetesi.ist\/en\/wp-json\/wp\/v2\/posts\/193519\/revisions"}],"wp:featuredmedia":[{"embeddable":true,"href":"https:\/\/www.enerjigazetesi.ist\/en\/wp-json\/wp\/v2\/media\/193526"}],"wp:attachment":[{"href":"https:\/\/www.enerjigazetesi.ist\/en\/wp-json\/wp\/v2\/media?parent=193519"}],"wp:term":[{"taxonomy":"category","embeddable":true,"href":"https:\/\/www.enerjigazetesi.ist\/en\/wp-json\/wp\/v2\/categories?post=193519"},{"taxonomy":"post_tag","embeddable":true,"href":"https:\/\/www.enerjigazetesi.ist\/en\/wp-json\/wp\/v2\/tags?post=193519"}],"curies":[{"name":"wp","href":"https:\/\/api.w.org\/{rel}","templated":true}]}}