{"id":193460,"date":"2024-12-24T13:51:14","date_gmt":"2024-12-24T10:51:14","guid":{"rendered":"https:\/\/www.enerjigazetesi.ist\/?p=193460"},"modified":"2024-12-24T13:51:14","modified_gmt":"2024-12-24T10:51:14","slug":"yeka-ges-2024-ve-yeka-res-2024-zeyilnameleri-yayimlandi","status":"publish","type":"post","link":"https:\/\/www.enerjigazetesi.ist\/en\/yeka-ges-2024-ve-yeka-res-2024-zeyilnameleri-yayimlandi\/","title":{"rendered":"(Turkish) YEKA GES-2024 ve YEKA RES-2024 Zeyilnameleri Yay\u0131mland\u0131!"},"content":{"rendered":"<p class=\"qtranxs-available-languages-message qtranxs-available-languages-message-en\">Sorry, this entry is only available in <a href=\"https:\/\/www.enerjigazetesi.ist\/tr\/wp-json\/wp\/v2\/posts\/193460\" class=\"qtranxs-available-language-link qtranxs-available-language-link-tr\" title=\"Turkish\">Turkish<\/a>. For the sake of viewer convenience, the content is shown below in the alternative language. You may click the link to switch the active language.<\/p><p><\/p>\n<h2>Enerji ve Tabii Kaynaklar Bakanl\u0131\u011f\u0131 (ETKB) Ocak ay\u0131nda ba\u015fvurular\u0131n al\u0131nmas\u0131 planlanan YEKA RES-2024 ve YEKA GES-2024 yar\u0131\u015fmalar\u0131 i\u00e7in zeyilname yay\u0131mlad\u0131.<\/h2>\n<p style=\"text-align: center;\"><img loading=\"lazy\" class=\"aligncenter wp-image-193464\" src=\"https:\/\/www.enerjigazetesi.ist\/wp-content\/uploads\/2024\/12\/yeka-ges-2024-ve-yeka-res-2024-zeyilnameleri-yayimlandi.jpg\" alt=\"\" width=\"500\" height=\"341\" srcset=\"https:\/\/www.enerjigazetesi.ist\/wp-content\/uploads\/2024\/12\/yeka-ges-2024-ve-yeka-res-2024-zeyilnameleri-yayimlandi.jpg 550w, https:\/\/www.enerjigazetesi.ist\/wp-content\/uploads\/2024\/12\/yeka-ges-2024-ve-yeka-res-2024-zeyilnameleri-yayimlandi-300x205.jpg 300w, https:\/\/www.enerjigazetesi.ist\/wp-content\/uploads\/2024\/12\/yeka-ges-2024-ve-yeka-res-2024-zeyilnameleri-yayimlandi-500x341.jpg 500w, https:\/\/www.enerjigazetesi.ist\/wp-content\/uploads\/2024\/12\/yeka-ges-2024-ve-yeka-res-2024-zeyilnameleri-yayimlandi-73x50.jpg 73w\" sizes=\"(max-width: 500px) 100vw, 500px\" \/><\/p>\n<h3><strong>TE\u0130A\u015e Talimat\u0131 ile Olu\u015facak Gelir Kayb\u0131na G\u00fcvence<\/strong><\/h3>\n<p>Zeyilnamelere g\u00f6re her iki yar\u0131\u015fman\u0131n s\u00f6zle\u015fme taslaklar\u0131na eklenen yeni bir madde ile, TE\u0130A\u015e taraf\u0131ndan verilen talimatlar sonucunda sisteme verilen enerji miktar\u0131nda ya\u015fanan azalmalara ba\u011fl\u0131 gelir kayb\u0131na kar\u015f\u0131l\u0131k g\u00fcvence sa\u011fland\u0131.<\/p>\n<p>Bu maddeye g\u00f6re b\u00f6yle bir kay\u0131p durumunda santrallere kayba u\u011fran\u0131lan enerji miktar\u0131 i\u00e7in \u00f6deme YEKDEM kapsam\u0131nda sa\u011flanacak.<\/p>\n<p>Bu \u00f6deme rakam\u0131 da santrallerin serbest piyasada sat\u0131\u015f yapt\u0131klar\u0131 d\u00f6nemde kilovat-saat ba\u015f\u0131na 4,95 ABD Dolar\u0131 \u2013 sent, bu d\u00f6nemin ard\u0131ndan gelecek 20 y\u0131l garantili al\u0131m s\u00fcresi boyunca ise, yar\u0131\u015fma sonuncundaki al\u0131m garantisi fiyat \u00fczerinden hesaplanacak.<\/p>\n<p><em>\u0130lgili de\u011fi\u015fiklik \u015fu \u015fekilde oldu;<\/em><\/p>\n<p><em>\u201c19.5. Lisans sahibinden kaynaklanmayan sebeplerden \u00f6t\u00fcr\u00fc sistem i\u015fletmecisi TE\u0130A\u015e<br \/>\ntaraf\u0131ndan verilen talimatlar\u0131n bir sonucu olarak sisteme verilen enerji miktar\u0131nda ya\u015fanan<br \/>\nazalmalardan kaynaklanan gelir kayb\u0131, Serbest Piyasada Sat\u0131\u015f S\u00fcresi boyunca 4,95 ABD Dolar\u0131<br \/>\ncent\/kWh, Al\u0131m S\u00fcresi boyunca i\u015fbu S\u00f6zle\u015fmede yer alan \u201cbirim elektrik enerjisi al\u0131m fiyat\u0131\u201d esas<br \/>\nal\u0131narak hesaplan\u0131r ve YEKDEM kapsam\u0131nda \u00f6denir.\u201d<\/em><\/p>\n<h3><strong>M\u00fccbir Sebep Halinde Katk\u0131 Pay\u0131 \u0130ade Edilecek<\/strong><\/h3>\n<p>\u015eartnamenin 3.4.2\u2019inci maddesinde yap\u0131lan de\u011fi\u015fiklik ile yar\u0131\u015fma sonucunda yat\u0131r\u0131lan katk\u0131 pay\u0131 bedellerinin m\u00fccbir sebep durumunda iade edilebilece\u011fi ifadesi eklendi.<\/p>\n<p><em>\u0130lgili de\u011fi\u015fiklik \u015fu \u015fekilde oldu;<\/em><\/p>\n<p><em>\u201c3.4.2. Yar\u0131\u015fma sonucunda yat\u0131r\u0131lm\u0131\u015f olan katk\u0131 pay\u0131 bedeli m\u00fccbir sebepler d\u0131\u015f\u0131nda iade<br \/>\nedilmez.\u201d<\/em><\/p>\n<h3><strong>Depolama Yat\u0131r\u0131mlar\u0131na Esneklik Sa\u011flanacak<\/strong><\/h3>\n<p>Bununla birlikte yine her iki zeyilnamede yap\u0131lan de\u011fi\u015fiklik ile kurulacak santrallere b\u00fct\u00fcnle\u015fik olarak kurulacak depolama birimlerine y\u00f6nelik olarak da esneklik getirildi.<\/p>\n<p>\u015eartnamenin Fiyat ve Mali Konular ba\u015fl\u0131kl\u0131 8\u2019inci maddesinin, alt maddesinde yap\u0131lan de\u011fi\u015fiklik ile kurulacak GES ve RES\u2019lere kurulacak b\u00fct\u00fcnle\u015fik elektrik depolama tesislerinde, yaln\u0131zca bu santrallerde \u00fcretilecek elektri\u011fin depolanabilece\u011fine y\u00f6nelik getirilen s\u0131n\u0131rlamalar kald\u0131r\u0131ld\u0131.<\/p>\n<p>Ayr\u0131ca depolanan elektri\u011fin ayn\u0131 zamanda, ilgili d\u00fczenlemeleri ge\u00e7ti\u011fimiz hafta yay\u0131mlanan yan hizmetler kapsam\u0131nda de\u011ferlendirilebilece\u011fi ibaresi de eklendi.<\/p>\n<p><em>YEKA GES2024 Zeyilnamesinin ilgili b\u00f6l\u00fcm\u00fcndeki de\u011fi\u015fiklik \u015fu \u015fekilde oldu;<\/em><\/p>\n<p><em>\u201c8.2.8 Yar\u0131\u015fmay\u0131 Kazanan, GES\u2019in santral sahas\u0131nda ve ayn\u0131 \u00f6l\u00e7\u00fcm noktas\u0131nda olmak \u00fczere ve<br \/>\nLisans\u2019ta yer alan elektriksel kurulu g\u00fcc\u00fc a\u015fmayacak \u015fekilde GES\u2019e b\u00fct\u00fcnle\u015fik elektrik depolama<br \/>\n\u00fcnitesi kurabilir. Depolanan elektrik enerjisi, Madde 8.2.1. veya yan hizmetler kapsam\u0131nda<br \/>\nde\u011ferlendirilir.\u201d<\/em><\/p>\n<p><strong>[1]\u00a0<a href=\"https:\/\/enerji.gov.tr\/duyuru-detay?id=30501\" target=\"_blank\" rel=\"noopener\">YEKA GES 2024 Yar\u0131\u015fmalar\u0131 Hakk\u0131nda Zeyilname Duyurusu<\/a><\/strong><\/p>\n<p><strong>[2]\u00a0<a href=\"https:\/\/enerji.gov.tr\/duyuru-detay?id=30502\" target=\"_blank\" rel=\"noopener\">YEKA RES 2024 Yar\u0131\u015fmalar\u0131 Hakk\u0131nda Zeyilname Duyurusu<\/a><\/strong><\/p>\n<p>Kaynak: T.C. Enerji ve Tabii Kaynaklar Bakanl\u0131\u011f\u0131<\/p>","protected":false},"excerpt":{"rendered":"<p>Sorry, this entry is only available in Turkish. For the sake of viewer convenience, the content is shown below in the alternative language. You may click the link to switch the active language. Enerji ve Tabii Kaynaklar Bakanl\u0131\u011f\u0131 (ETKB) Ocak ay\u0131nda ba\u015fvurular\u0131n al\u0131nmas\u0131 planlanan YEKA RES-2024 ve YEKA GES-2024 yar\u0131\u015fmalar\u0131 i\u00e7in zeyilname yay\u0131mlad\u0131. TE\u0130A\u015e Talimat\u0131 [&hellip;]<\/p>\n","protected":false},"author":1,"featured_media":193464,"comment_status":"open","ping_status":"open","sticky":false,"template":"","format":"standard","meta":[],"categories":[53,49,50],"tags":[2326,2206,474,5320,115472,115580],"views":36,"_links":{"self":[{"href":"https:\/\/www.enerjigazetesi.ist\/en\/wp-json\/wp\/v2\/posts\/193460"}],"collection":[{"href":"https:\/\/www.enerjigazetesi.ist\/en\/wp-json\/wp\/v2\/posts"}],"about":[{"href":"https:\/\/www.enerjigazetesi.ist\/en\/wp-json\/wp\/v2\/types\/post"}],"author":[{"embeddable":true,"href":"https:\/\/www.enerjigazetesi.ist\/en\/wp-json\/wp\/v2\/users\/1"}],"replies":[{"embeddable":true,"href":"https:\/\/www.enerjigazetesi.ist\/en\/wp-json\/wp\/v2\/comments?post=193460"}],"version-history":[{"count":0,"href":"https:\/\/www.enerjigazetesi.ist\/en\/wp-json\/wp\/v2\/posts\/193460\/revisions"}],"wp:featuredmedia":[{"embeddable":true,"href":"https:\/\/www.enerjigazetesi.ist\/en\/wp-json\/wp\/v2\/media\/193464"}],"wp:attachment":[{"href":"https:\/\/www.enerjigazetesi.ist\/en\/wp-json\/wp\/v2\/media?parent=193460"}],"wp:term":[{"taxonomy":"category","embeddable":true,"href":"https:\/\/www.enerjigazetesi.ist\/en\/wp-json\/wp\/v2\/categories?post=193460"},{"taxonomy":"post_tag","embeddable":true,"href":"https:\/\/www.enerjigazetesi.ist\/en\/wp-json\/wp\/v2\/tags?post=193460"}],"curies":[{"name":"wp","href":"https:\/\/api.w.org\/{rel}","templated":true}]}}