{"id":193378,"date":"2024-12-18T00:31:33","date_gmt":"2024-12-17T21:31:33","guid":{"rendered":"https:\/\/www.enerjigazetesi.ist\/?p=193378"},"modified":"2024-12-18T00:31:33","modified_gmt":"2024-12-17T21:31:33","slug":"fortes-gunes-enerjisi-ile-isitma-ve-sulamada-donusum-baslatiyor","status":"publish","type":"post","link":"https:\/\/www.enerjigazetesi.ist\/en\/fortes-gunes-enerjisi-ile-isitma-ve-sulamada-donusum-baslatiyor\/","title":{"rendered":"(Turkish) Fortes G\u00fcne\u015f Enerjisi ile Is\u0131tma Ve Sulamada D\u00f6n\u00fc\u015f\u00fcm Ba\u015flat\u0131yor"},"content":{"rendered":"<p class=\"qtranxs-available-languages-message qtranxs-available-languages-message-en\">Sorry, this entry is only available in <a href=\"https:\/\/www.enerjigazetesi.ist\/tr\/wp-json\/wp\/v2\/posts\/193378\" class=\"qtranxs-available-language-link qtranxs-available-language-link-tr\" title=\"Turkish\">Turkish<\/a>. For the sake of viewer convenience, the content is shown below in the alternative language. You may click the link to switch the active language.<\/p><p><\/p>\n<h2>Fortes Grup \u015eirketleri Y\u00f6netim Kurulu \u00dcyesi G\u00f6khan \u00c7elik, g\u00fcne\u015f enerjisiyle \u00e7al\u0131\u015fan \u0131s\u0131 pompalar\u0131 ve sulama sistemleri sayesinde hem bireysel hem de kurumsal m\u00fc\u015fterilerine enerji tasarrufu sa\u011flad\u0131\u011f\u0131n\u0131, \u00e7evre dostu bir gelecek in\u015fa etti\u011fini ve \u00e7ift\u00e7ilerin ya\u015fam ko\u015fullar\u0131n\u0131 iyile\u015ftirdi\u011fini belirtti.<\/h2>\n<p><img loading=\"lazy\" class=\"aligncenter wp-image-193379\" src=\"https:\/\/www.enerjigazetesi.ist\/wp-content\/uploads\/2024\/12\/Go\u0308khan-C\u0327elik2.jpg\" alt=\"\" width=\"500\" height=\"282\" srcset=\"https:\/\/www.enerjigazetesi.ist\/wp-content\/uploads\/2024\/12\/Go\u0308khan-C\u0327elik2.jpg 550w, https:\/\/www.enerjigazetesi.ist\/wp-content\/uploads\/2024\/12\/Go\u0308khan-C\u0327elik2-300x169.jpg 300w, https:\/\/www.enerjigazetesi.ist\/wp-content\/uploads\/2024\/12\/Go\u0308khan-C\u0327elik2-500x282.jpg 500w, https:\/\/www.enerjigazetesi.ist\/wp-content\/uploads\/2024\/12\/Go\u0308khan-C\u0327elik2-80x45.jpg 80w\" sizes=\"(max-width: 500px) 100vw, 500px\" \/><\/p>\n<h3>Is\u0131 Pompalar\u0131 Kullan\u0131c\u0131 ve \u0130\u015fletmeler \u0130\u00e7in Benzersiz \u00c7\u00f6z\u00fcm<\/h3>\n<p>Fortes Grup \u015eirketleri Y\u00f6netim Kurulu \u00dcyesi G\u00f6khan \u00c7elik, evlerde \u0131s\u0131tma, so\u011futma ve s\u0131cak su ihtiya\u00e7lar\u0131n\u0131 tek bir sistemle kar\u015f\u0131layan \u0131s\u0131 pompalar\u0131n\u0131n enerji tasarrufu ve \u00e7evre dostu \u00e7\u00f6z\u00fcmler sunarak kullan\u0131c\u0131lar\u0131n ya\u015fam\u0131n\u0131 kolayla\u015ft\u0131rd\u0131\u011f\u0131n\u0131 belirtti. \u00c7elik, <em>\u201cIs\u0131 pompalar\u0131, d\u00fc\u015f\u00fck elektrik t\u00fcketimi ve g\u00fcne\u015f enerjisi entegrasyonu sayesinde hem ekonomik hem de \u00e7evresel fayda sa\u011fl\u0131yor. Harcad\u0131\u011f\u0131n\u0131z her bir birim enerjiye kar\u015f\u0131l\u0131k 3 ila 5 birim \u0131s\u0131 \u00fcretebilen bu sistemler, bireysel kullan\u0131c\u0131lar ve i\u015fletmeler i\u00e7in benzersiz bir \u00e7\u00f6z\u00fcm sunuyor\u201d<\/em> dedi.<\/p>\n<p>Ayr\u0131ca ge\u00e7mi\u015fte Avrupa\u2019da ya\u015fanan enerji krizine dikkat \u00e7eken \u00c7elik, <em>\u201cEnerjide ba\u011f\u0131ms\u0131zl\u0131k, art\u0131k sadece bir tercih de\u011fil, bir gereklilik. Fortes olarak, g\u00fcne\u015f panelleriyle entegre \u00e7al\u0131\u015fan \u0131s\u0131 pompalar\u0131yla bu ihtiyac\u0131 kar\u015f\u0131lamaya odaklan\u0131yoruz\u201d<\/em> diye ekledi.<\/p>\n<h3>Tar\u0131msal Sulamada G\u00fcne\u015f Enerjisi<\/h3>\n<p>T\u00fcrkiye\u2019de tar\u0131msal \u00fcretimin yakla\u015f\u0131k %70\u2019i k\u00fc\u00e7\u00fck \u00f6l\u00e7ekli aile \u00e7iftlikleri taraf\u0131ndan ger\u00e7ekle\u015ftiriliyor. Ancak, bu \u00e7iftliklerin suya eri\u015fimde ya\u015fad\u0131\u011f\u0131 zorluklar ve artan enerji maliyetleri, tar\u0131msal verimlili\u011fi olumsuz etkiliyor. Tar\u0131m sekt\u00f6r\u00fcnde enerji maliyetlerinin toplam elektrik t\u00fcketiminin %2,52\u2019sini olu\u015fturdu\u011funu belirten \u00c7elik, bu maliyetlerin \u00e7ift\u00e7iler \u00fczerindeki y\u00fck\u00fcn\u00fc hafifletmek i\u00e7in g\u00fcne\u015f enerjili sulama sistemlerinin hayati \u00f6nemde oldu\u011funu vurgulad\u0131.<\/p>\n<p>G\u00f6khan \u00c7elik, bu konuda \u015funlar\u0131 s\u00f6yledi: <em>\u201cFortes olarak, g\u00fcne\u015f enerjili sulama sistemlerini yayg\u0131nla\u015ft\u0131rarak hem suyun verimli kullan\u0131m\u0131n\u0131 sa\u011fl\u0131yoruz hem de \u00e7ift\u00e7ilerin enerji maliyetlerini \u00f6nemli \u00f6l\u00e7\u00fcde d\u00fc\u015f\u00fcr\u00fcyoruz. Mobil uygulama destekleyen s\u00fcr\u00fcc\u00fcler sayesinde otomatik kontrol sa\u011flanabiliyor ve \u00e7ift\u00e7iler sulama s\u00fcre\u00e7lerini daha verimli bir \u015fekilde y\u00f6netebiliyor.\u201d<\/em><\/p>\n<h3>Fortes\u2019ten \u00c7ift\u00e7ilere G\u00fc\u00e7l\u00fc Destek<\/h3>\n<p>Fortes&#8217;in hizmet verdi\u011fi illerdeki k\u00f6y ve il\u00e7elerde g\u00fc\u00e7l\u00fc bir dan\u0131\u015fman a\u011f\u0131 ve h\u0131zl\u0131 montaj hizmetleriyle fark yaratt\u0131\u011f\u0131n\u0131 belirten \u00c7elik, <em>\u201cG\u00fcne\u015f enerjisiyle \u00e7al\u0131\u015fan sulama sistemleri, tar\u0131msal \u00fcretimin \u00f6n\u00fcndeki engelleri kald\u0131r\u0131yor. Fortes olarak, bu alanda yapt\u0131\u011f\u0131m\u0131z yat\u0131r\u0131mlarla s\u00fcrd\u00fcr\u00fclebilir tar\u0131m\u0131 desteklemekten b\u00fcy\u00fck gurur duyuyoruz\u201d<\/em> dedi.<\/p>\n<h3>Fortes&#8217;in S\u00fcrd\u00fcr\u00fclebilir Gelece\u011fi<\/h3>\n<p>G\u00f6khan \u00c7elik, \u015firketin misyonunu \u015f\u00f6yle \u00f6zetledi: <em>\u201cFortes, yenilenebilir enerji \u00e7\u00f6z\u00fcmleriyle hem bireysel kullan\u0131c\u0131lara hem de tar\u0131m ve sanayi sekt\u00f6r\u00fcne hizmet sunuyor. Bu \u00e7\u00f6z\u00fcmler, sadece ekonomik fayda sa\u011flamakla kalm\u0131yor, ayn\u0131 zamanda \u00e7evremizi korumak ve gelece\u011fimizi g\u00fcvence alt\u0131na almak i\u00e7in de \u00f6nemli ad\u0131mlar at\u0131yor.\u201d<\/em><\/p>\n<p><strong>Yay\u0131na Alan:<\/strong>\u00a0Emrecan Y\u00dcCEL \u2013 Enerji Sistemleri M\u00fchendisi \u2013\u00a0<strong><a href=\"mailto:emrecan.yucel@enerjigazetesi.ist\">emrecan.yucel@enerjigazetesi.ist<\/a><\/strong><\/p>","protected":false},"excerpt":{"rendered":"<p>Sorry, this entry is only available in Turkish. For the sake of viewer convenience, the content is shown below in the alternative language. You may click the link to switch the active language. Fortes Grup \u015eirketleri Y\u00f6netim Kurulu \u00dcyesi G\u00f6khan \u00c7elik, g\u00fcne\u015f enerjisiyle \u00e7al\u0131\u015fan \u0131s\u0131 pompalar\u0131 ve sulama sistemleri sayesinde hem bireysel hem de kurumsal [&hellip;]<\/p>\n","protected":false},"author":21,"featured_media":193380,"comment_status":"open","ping_status":"open","sticky":false,"template":"","format":"standard","meta":[],"categories":[53,49],"tags":[63,67,1009,2698,115573,227,13,10457,2491,16583,803,5296,13289,105],"views":45,"_links":{"self":[{"href":"https:\/\/www.enerjigazetesi.ist\/en\/wp-json\/wp\/v2\/posts\/193378"}],"collection":[{"href":"https:\/\/www.enerjigazetesi.ist\/en\/wp-json\/wp\/v2\/posts"}],"about":[{"href":"https:\/\/www.enerjigazetesi.ist\/en\/wp-json\/wp\/v2\/types\/post"}],"author":[{"embeddable":true,"href":"https:\/\/www.enerjigazetesi.ist\/en\/wp-json\/wp\/v2\/users\/21"}],"replies":[{"embeddable":true,"href":"https:\/\/www.enerjigazetesi.ist\/en\/wp-json\/wp\/v2\/comments?post=193378"}],"version-history":[{"count":0,"href":"https:\/\/www.enerjigazetesi.ist\/en\/wp-json\/wp\/v2\/posts\/193378\/revisions"}],"wp:featuredmedia":[{"embeddable":true,"href":"https:\/\/www.enerjigazetesi.ist\/en\/wp-json\/wp\/v2\/media\/193380"}],"wp:attachment":[{"href":"https:\/\/www.enerjigazetesi.ist\/en\/wp-json\/wp\/v2\/media?parent=193378"}],"wp:term":[{"taxonomy":"category","embeddable":true,"href":"https:\/\/www.enerjigazetesi.ist\/en\/wp-json\/wp\/v2\/categories?post=193378"},{"taxonomy":"post_tag","embeddable":true,"href":"https:\/\/www.enerjigazetesi.ist\/en\/wp-json\/wp\/v2\/tags?post=193378"}],"curies":[{"name":"wp","href":"https:\/\/api.w.org\/{rel}","templated":true}]}}