{"id":19332,"date":"2013-12-15T00:35:34","date_gmt":"2013-12-14T21:35:34","guid":{"rendered":"https:\/\/www.enerjigazetesi.ist\/?p=19332"},"modified":"2013-12-15T00:35:34","modified_gmt":"2013-12-14T21:35:34","slug":"dunyanin-ilk-gunes-enerjili-tekerlekli-sandalyesi","status":"publish","type":"post","link":"https:\/\/www.enerjigazetesi.ist\/en\/dunyanin-ilk-gunes-enerjili-tekerlekli-sandalyesi\/","title":{"rendered":"(Turkish) D\u00fcnyan\u0131n \u0130lk G\u00fcne\u015f Enerjili Tekerlekli Sandalyesi&#8230;"},"content":{"rendered":"<p class=\"qtranxs-available-languages-message qtranxs-available-languages-message-en\">Sorry, this entry is only available in <a href=\"https:\/\/www.enerjigazetesi.ist\/tr\/wp-json\/wp\/v2\/posts\/19332\" class=\"qtranxs-available-language-link qtranxs-available-language-link-tr\" title=\"Turkish\">Turkish<\/a>. For the sake of viewer convenience, the content is shown below in the alternative language. You may click the link to switch the active language.<\/p><p><strong>Bursa\u2019da spastik engelli bilgisayar programc\u0131s\u0131 Alper \u015eirvan\u2019\u0131n hayal etti\u011fi g\u00fcne\u015f enerjili tekerlekli sandalye, Amerika Birle\u015fik Devletleri\u2019ndeki Virgina \u00dcniversitesi M\u00fchendislik Fak\u00fcltesi taraf\u0131ndan \u00fcretilerek kendisine hediye edildi. G\u00fcne\u015f enerjisi sayesinde \u015farj\u0131 bitmeden kilometrelerce yol alabilen yeni ara\u00e7, b\u00fct\u00fcn engelliler i\u00e7in umut oldu.<\/strong><\/p>\n<p>Bursa Halk Sa\u011fl\u0131\u011f\u0131 Y\u0131ld\u0131r\u0131m Toplu<a href=\"https:\/\/www.enerjigazetesi.ist\/wp-content\/uploads\/2013\/12\/dunyanin-ilk-gunes-enerjili-tekerlekli-sandalyesi.jpg\"><img loading=\"lazy\" class=\"alignleft size-medium wp-image-19333\" title=\"dunyanin-ilk-gunes-enerjili-tekerlekli-sandalyesi\" src=\"https:\/\/www.enerjigazetesi.ist\/wp-content\/uploads\/2013\/12\/dunyanin-ilk-gunes-enerjili-tekerlekli-sandalyesi-300x213.jpg\" alt=\"\" width=\"300\" height=\"213\" srcset=\"https:\/\/www.enerjigazetesi.ist\/wp-content\/uploads\/2013\/12\/dunyanin-ilk-gunes-enerjili-tekerlekli-sandalyesi-300x213.jpg 300w, https:\/\/www.enerjigazetesi.ist\/wp-content\/uploads\/2013\/12\/dunyanin-ilk-gunes-enerjili-tekerlekli-sandalyesi-70x50.jpg 70w, https:\/\/www.enerjigazetesi.ist\/wp-content\/uploads\/2013\/12\/dunyanin-ilk-gunes-enerjili-tekerlekli-sandalyesi.jpg 434w\" sizes=\"(max-width: 300px) 100vw, 300px\" \/><\/a>m Sa\u011fl\u0131\u011f\u0131 Merkezi\u2019nde bilgisayar i\u015flemeni olarak \u00e7al\u0131\u015fan 40 ya\u015f\u0131ndaki Alper \u015eirvan, tekerlekli sandalyesinin \u015farj\u0131n\u0131n s\u0131k s\u0131k bitmesinden \u015fikayet ediyordu. \u201cKe\u015fke g\u00fcne\u015f enerjisi ile \u00e7al\u0131\u015fan bir ara\u00e7 yap\u0131lsa da yolda kalmasak\u2019 diyen hayal kuran \u015eirvan, bu d\u00fc\u015f\u00fcncesi ile T\u00fcrkiye Spastik \u00c7ocuklar Vakf\u0131 (TS\u00c7V) \u00f6nc\u00fcl\u00fc\u011f\u00fcnde ba\u015flat\u0131lan fark\u0131ndal\u0131k kampanyas\u0131na kat\u0131ld\u0131. \u015eirvan, ge\u00e7ti\u011fimiz y\u0131l d\u00fczenlenen yar\u0131\u015fmada, \u2018g\u00fcne\u015f enerjisi ile \u00e7al\u0131\u015fan tekerlekli sandalye\u2019 fikriyle birinci oldu.<\/p>\n<p>Sandalyenin \u00fcretimi i\u00e7in sponsor arayan gen\u00e7 mucidin imdad\u0131na Virginia \u00dcniversitesi M\u00fchendislik Fak\u00fcltesi yeti\u015fti. \u015eirvan\u2019\u0131n fikrinden yolan \u00e7\u0131kan m\u00fchendisler, d\u00fcnyan\u0131n ilk g\u00fcne\u015f enerjili tekerlekli sandalyesini \u00fcretti. Haz\u0131rlanan arac\u0131 \u015eirvan\u2019a hediye eden \u00fcniversite, tekerlekli sandalyeyi ge\u00e7ti\u011fimiz g\u00fcnlerde T\u00fcrkiye\u2019ye g\u00f6nderdi.<\/p>\n<p><strong>\u201cTEK \u015eARJLA 14 K\u0130LOMETRE G\u0130TT\u0130M, D\u00dcZ YOLDA 20 K\u0130LOMETRE G\u0130DER\u201d<\/strong><\/p>\n<p>Arac\u0131n kullan\u0131m\u0131n\u0131n gayet rahat oldu\u011funu dile getiren gen\u00e7 mucit, \u015fu bilgileri verdi: \u201cBen \u015fuan bunu test ediyorum. Bu arac\u0131n geli\u015fmesinde bizim de katk\u0131m\u0131z olsun istiyorum. \u0130ki \u2013\u00fc\u00e7 haftad\u0131r kullan\u0131yorum, geziyorum. Tek \u015farjda 14 kilometre yol gidiyor ki buras\u0131 \u00e7ok yoku\u015f. D\u00fcz bir yer olsa 20 kilometre gider rahatl\u0131kla. Son \u00e7\u0131kt\u0131\u011f\u0131mda \u015farj bitmek \u00fczereydi, hemen a\u00e7t\u0131m panelleri. Bekledim, eski g\u00fcc\u00fcne kavu\u015ftu, tekrar yoluma devam ettim.\u201d<\/p>\n<p>Kaynak: <a href=\"http:\/\/enerjienstitusu.com\/2013\/12\/14\/dunyanin-ilk-gunes-enerjili-tekerlekli-sandalyesi\/\" target=\"_blank\">Enerji Enstit\u00fcs\u00fc<\/a><\/p>","protected":false},"excerpt":{"rendered":"<p>Sorry, this entry is only available in Turkish. For the sake of viewer convenience, the content is shown below in the alternative language. You may click the link to switch the active language.Bursa\u2019da spastik engelli bilgisayar programc\u0131s\u0131 Alper \u015eirvan\u2019\u0131n hayal etti\u011fi g\u00fcne\u015f enerjili tekerlekli sandalye, Amerika Birle\u015fik Devletleri\u2019ndeki Virgina \u00dcniversitesi M\u00fchendislik Fak\u00fcltesi taraf\u0131ndan \u00fcretilerek kendisine [&hellip;]<\/p>\n","protected":false},"author":1,"featured_media":19333,"comment_status":"open","ping_status":"open","sticky":false,"template":"","format":"standard","meta":[],"categories":[53,49],"tags":[11267,958,63,67,1009,165,227,13,11264,11266,11265],"views":1605,"_links":{"self":[{"href":"https:\/\/www.enerjigazetesi.ist\/en\/wp-json\/wp\/v2\/posts\/19332"}],"collection":[{"href":"https:\/\/www.enerjigazetesi.ist\/en\/wp-json\/wp\/v2\/posts"}],"about":[{"href":"https:\/\/www.enerjigazetesi.ist\/en\/wp-json\/wp\/v2\/types\/post"}],"author":[{"embeddable":true,"href":"https:\/\/www.enerjigazetesi.ist\/en\/wp-json\/wp\/v2\/users\/1"}],"replies":[{"embeddable":true,"href":"https:\/\/www.enerjigazetesi.ist\/en\/wp-json\/wp\/v2\/comments?post=19332"}],"version-history":[{"count":1,"href":"https:\/\/www.enerjigazetesi.ist\/en\/wp-json\/wp\/v2\/posts\/19332\/revisions"}],"predecessor-version":[{"id":19334,"href":"https:\/\/www.enerjigazetesi.ist\/en\/wp-json\/wp\/v2\/posts\/19332\/revisions\/19334"}],"wp:featuredmedia":[{"embeddable":true,"href":"https:\/\/www.enerjigazetesi.ist\/en\/wp-json\/wp\/v2\/media\/19333"}],"wp:attachment":[{"href":"https:\/\/www.enerjigazetesi.ist\/en\/wp-json\/wp\/v2\/media?parent=19332"}],"wp:term":[{"taxonomy":"category","embeddable":true,"href":"https:\/\/www.enerjigazetesi.ist\/en\/wp-json\/wp\/v2\/categories?post=19332"},{"taxonomy":"post_tag","embeddable":true,"href":"https:\/\/www.enerjigazetesi.ist\/en\/wp-json\/wp\/v2\/tags?post=19332"}],"curies":[{"name":"wp","href":"https:\/\/api.w.org\/{rel}","templated":true}]}}