{"id":193298,"date":"2024-12-13T22:44:58","date_gmt":"2024-12-13T19:44:58","guid":{"rendered":"https:\/\/www.enerjigazetesi.ist\/?p=193298"},"modified":"2024-12-13T22:44:58","modified_gmt":"2024-12-13T19:44:58","slug":"gunes-panelleri-icin-esnek-montaj-sistemi-gelistirildi","status":"publish","type":"post","link":"https:\/\/www.enerjigazetesi.ist\/en\/gunes-panelleri-icin-esnek-montaj-sistemi-gelistirildi\/","title":{"rendered":"(Turkish) G\u00fcne\u015f Panelleri \u0130\u00e7in Esnek Montaj Sistemi Geli\u015ftirildi"},"content":{"rendered":"<p class=\"qtranxs-available-languages-message qtranxs-available-languages-message-en\">Sorry, this entry is only available in <a href=\"https:\/\/www.enerjigazetesi.ist\/tr\/wp-json\/wp\/v2\/posts\/193298\" class=\"qtranxs-available-language-link qtranxs-available-language-link-tr\" title=\"Turkish\">Turkish<\/a>. For the sake of viewer convenience, the content is shown below in the alternative language. You may click the link to switch the active language.<\/p><p><\/p>\n<h2>\u00c7in merkezli DAS Solar taraf\u0131ndan geli\u015ftirilen g\u00fcne\u015f panelleri i\u00e7in esnek montaj sistemi, GES tesisi konstr\u00fcksiyonunun dayan\u0131kl\u0131l\u0131\u011f\u0131n\u0131 kayda de\u011fer bi\u00e7imde artt\u0131rarak zorlu \u015fartlara kar\u015f\u0131 ayakta kalmas\u0131n\u0131 sa\u011fl\u0131yor.<\/h2>\n<p><img loading=\"lazy\" class=\"aligncenter wp-image-193299\" src=\"https:\/\/www.enerjigazetesi.ist\/wp-content\/uploads\/2024\/12\/dassolar-esnek-konstruksiyon.jpg\" alt=\"\" width=\"500\" height=\"235\" srcset=\"https:\/\/www.enerjigazetesi.ist\/wp-content\/uploads\/2024\/12\/dassolar-esnek-konstruksiyon.jpg 550w, https:\/\/www.enerjigazetesi.ist\/wp-content\/uploads\/2024\/12\/dassolar-esnek-konstruksiyon-300x141.jpg 300w, https:\/\/www.enerjigazetesi.ist\/wp-content\/uploads\/2024\/12\/dassolar-esnek-konstruksiyon-500x235.jpg 500w, https:\/\/www.enerjigazetesi.ist\/wp-content\/uploads\/2024\/12\/dassolar-esnek-konstruksiyon-80x38.jpg 80w\" sizes=\"(max-width: 500px) 100vw, 500px\" \/><\/p>\n<p>\u00c7in&#8217;de g\u00fcne\u015f enerjisi alan\u0131nda faaliyet g\u00f6steren ba\u015fl\u0131ca \u015firketlerden biri olan DAS Solar, g\u00fcne\u015f panelleri i\u00e7in geli\u015ftirdi\u011fi esnek montaj sistemleriyle bu panellerin hem kurulum alanlar\u0131n\u0131 geni\u015fletmeye, hem de kurulum sonras\u0131 dayan\u0131kl\u0131l\u0131klar\u0131n\u0131 artt\u0131rmaya devam ediyor.<\/p>\n<p>DAS Solar yeni nesil esnek montaj sistemiyle, bu panellerin kurulum alanlar\u0131n\u0131 geni\u015fletmeye ve sonras\u0131nda dayan\u0131kl\u0131l\u0131klar\u0131n\u0131 artt\u0131rmaya devam ediyor. Bu sistemde boru \u015feklindeki geleneksel ba\u011flant\u0131 par\u00e7alar\u0131n\u0131n yerine \u015firket b\u00fcnyesinde geli\u015ftirilen \u00f6ngerilmeli \u00e7elik kablolar\u0131 kullan\u0131yor. Do\u011fu-bat\u0131 y\u00f6n\u00fc bu t\u00fcr \u00f6ngerilmeli iki kabloyla desteklenirken, kuzey-g\u00fcney y\u00f6n\u00fc ise yatay \u015fekilde yerle\u015ftirilmi\u015f bir dizi stabil kabloyla yap\u0131y\u0131 g\u00fc\u00e7lendiriyor. Bu \u00f6zg\u00fcn tasar\u0131mla, do\u011fu-bat\u0131 ve kuzey-g\u00fcney y\u00f6nleri boyunca uzanan bir kablo a\u011f\u0131 olu\u015fturuluyor. Bu kablo a\u011f\u0131yla monte edilen g\u00fcne\u015f panelleri, d\u0131\u015far\u0131dan gelen kuvvetlere etkili bir \u015fekilde kar\u015f\u0131 koyuyor ve r\u00fczgar direnci performans\u0131n\u0131 \u00f6nemli \u00f6l\u00e7\u00fcde art\u0131rarak enerji santralinin uzun vadede istikrarl\u0131 bir \u015fekilde \u00e7al\u0131\u015fmas\u0131n\u0131 sa\u011fl\u0131yor.<\/p>\n<h3>Az Say\u0131da \u00d6zel C\u0131vatalar Kullan\u0131l\u0131yor<\/h3>\n<p>Bu montaj sisteminin standart y\u00f6ntemlere k\u0131yasla bir di\u011fer avantaj\u0131 da \u00e7ok daha az say\u0131da c\u0131vata kullan\u0131yor olmas\u0131 denebilir. Standart bir montaj sisteminde ortalama \u00e7ok fazla c\u0131vata kullan\u0131l\u0131rken, bu sistemde daha az c\u0131vata ihtiyac\u0131 duyuluyor. Ayr\u0131ca bu c\u0131vatalarda da \u00f6zel bir tasar\u0131m tercih edilmesi sebebiyle \u015fiddetli r\u00fczgar alt\u0131nda bile bu c\u0131vatalar\u0131n gev\u015femesi \u00f6nleniyor. Yap\u0131n\u0131n b\u00fct\u00fcnl\u00fc\u011f\u00fcn\u00fc tehlikeye atan mikro \u00e7atlaklar\u0131n olu\u015fmas\u0131n\u0131 da bu bi\u00e7imde engelliyor.<\/p>\n<h3>En B\u00fcy\u00fck Tayfunda Bile Dayand\u0131<\/h3>\n<p>\u00c7in&#8217;in Hainan b\u00f6lgesindeki bir bal\u0131k \u00e7iftli\u011finin \u00fczerine kurulan 70 MW kapasiteye sahip tesiste \u00f6rnek olarak kullan\u0131lan bu montaj sistemi, \u015fu ana kadar t\u00fcm dayan\u0131kl\u0131l\u0131k testlerinden ba\u015far\u0131yla ge\u00e7ti. G\u00fcney Do\u011fu Asya&#8217;da ger\u00e7ekle\u015fen Yagi ad\u0131 verilen 5. kategori (saatte 155 mil ve \u00fcst\u00fc) tayfunda bile ayakta kalmay\u0131 ba\u015fard\u0131. DAS Solar&#8217;\u0131n montaj sisteminin bu tayfuna bile dayanm\u0131\u015f olmas\u0131, dayan\u0131kl\u0131l\u0131\u011f\u0131 konusundaki t\u00fcm \u015f\u00fcpheleri gidermi\u015f oldu.<\/p>\n<p>DAS Solar&#8217;\u0131n ge\u00e7ti\u011fimiz g\u00fcnlerde sergiledi\u011fi d\u00f6rd\u00fcnc\u00fc nesil esnek montaj sistemi, 9 metre y\u00fckseli\u011fe kadar \u00e7\u0131k\u0131yor. Bu sistem, 20 ve 40 metre olmak \u00fczere iki farkl\u0131 panel uzunlu\u011funu destekliyor.<\/p>\n<p><strong>Yay\u0131na Alan:\u00a0<\/strong>Emrecan Y\u00dcCEL \u2013 Enerji Sistemleri M\u00fchendisi \u2013\u00a0<strong><a href=\"mailto:emrecan.yucel@enerjigazetesi.ist\">emrecan.yucel@enerjigazetesi.ist<\/a><\/strong><\/p>","protected":false},"excerpt":{"rendered":"<p>Sorry, this entry is only available in Turkish. For the sake of viewer convenience, the content is shown below in the alternative language. You may click the link to switch the active language. \u00c7in merkezli DAS Solar taraf\u0131ndan geli\u015ftirilen g\u00fcne\u015f panelleri i\u00e7in esnek montaj sistemi, GES tesisi konstr\u00fcksiyonunun dayan\u0131kl\u0131l\u0131\u011f\u0131n\u0131 kayda de\u011fer bi\u00e7imde artt\u0131rarak zorlu \u015fartlara [&hellip;]<\/p>\n","protected":false},"author":21,"featured_media":193299,"comment_status":"open","ping_status":"open","sticky":false,"template":"","format":"standard","meta":[],"categories":[53,49],"tags":[886,115570,63,67,1009,165,2326,6014,13,102353,105],"views":33,"_links":{"self":[{"href":"https:\/\/www.enerjigazetesi.ist\/en\/wp-json\/wp\/v2\/posts\/193298"}],"collection":[{"href":"https:\/\/www.enerjigazetesi.ist\/en\/wp-json\/wp\/v2\/posts"}],"about":[{"href":"https:\/\/www.enerjigazetesi.ist\/en\/wp-json\/wp\/v2\/types\/post"}],"author":[{"embeddable":true,"href":"https:\/\/www.enerjigazetesi.ist\/en\/wp-json\/wp\/v2\/users\/21"}],"replies":[{"embeddable":true,"href":"https:\/\/www.enerjigazetesi.ist\/en\/wp-json\/wp\/v2\/comments?post=193298"}],"version-history":[{"count":0,"href":"https:\/\/www.enerjigazetesi.ist\/en\/wp-json\/wp\/v2\/posts\/193298\/revisions"}],"wp:featuredmedia":[{"embeddable":true,"href":"https:\/\/www.enerjigazetesi.ist\/en\/wp-json\/wp\/v2\/media\/193299"}],"wp:attachment":[{"href":"https:\/\/www.enerjigazetesi.ist\/en\/wp-json\/wp\/v2\/media?parent=193298"}],"wp:term":[{"taxonomy":"category","embeddable":true,"href":"https:\/\/www.enerjigazetesi.ist\/en\/wp-json\/wp\/v2\/categories?post=193298"},{"taxonomy":"post_tag","embeddable":true,"href":"https:\/\/www.enerjigazetesi.ist\/en\/wp-json\/wp\/v2\/tags?post=193298"}],"curies":[{"name":"wp","href":"https:\/\/api.w.org\/{rel}","templated":true}]}}