{"id":19326,"date":"2013-12-13T17:48:11","date_gmt":"2013-12-13T14:48:11","guid":{"rendered":"https:\/\/www.enerjigazetesi.ist\/?p=19326"},"modified":"2013-12-13T17:48:11","modified_gmt":"2013-12-13T14:48:11","slug":"ruzgarda-2014-sonlarinda-3-800-mwi-gorebiliriz","status":"publish","type":"post","link":"https:\/\/www.enerjigazetesi.ist\/en\/ruzgarda-2014-sonlarinda-3-800-mwi-gorebiliriz\/","title":{"rendered":"(Turkish) R\u00fczgarda 2014 Sonlar\u0131nda 3.800 MW\u2019\u0131 G\u00f6rebiliriz&#8230;"},"content":{"rendered":"<p class=\"qtranxs-available-languages-message qtranxs-available-languages-message-en\">Sorry, this entry is only available in <a href=\"https:\/\/www.enerjigazetesi.ist\/tr\/wp-json\/wp\/v2\/posts\/19326\" class=\"qtranxs-available-language-link qtranxs-available-language-link-tr\" title=\"Turkish\">Turkish<\/a>. For the sake of viewer convenience, the content is shown below in the alternative language. You may click the link to switch the active language.<\/p><p><strong>TUREB taraf\u0131ndan yay\u0131mlanan bas\u0131n bildirisinde Sn. Ataseven 2014 y\u0131l\u0131 sonunda r\u00fczgarda 3.800 MW kurulu g\u00fcce ula\u015f\u0131labilece\u011fi \u00f6ng\u00f6r\u00fcs\u00fcnde bulundu.<\/strong><\/p>\n<p><strong>R\u00dcZGARDAK\u0130 SON GEL\u0130\u015eMELER SEKT\u00d6R\u00dc CANLANDIRIR<\/strong><\/p>\n<p>2013 y\u0131l\u0131nda iyi geli\u015fmeler kaydettik. 2014 y\u0131l\u0131nda da bunun artarak devam edece\u011fini d\u00fc\u015f\u00fcn\u00fcyoruz. \u00d6n\u00fcm\u00fczdeki y\u0131l\u0131n ilk \u00e7eyre\u011finin, yeni m\u00fcracaatlara haz\u0131rl\u0131k i\u00e7in \u00f6l\u00e7\u00fcmlerle ge\u00e7ece\u011fini \u00f6ng\u00f6r\u00fcyoruz.<\/p>\n<p>Her y\u0131l bir hafta boyunca r\u00fczgar m\u00fcracaatlar\u0131n\u0131n al\u0131nacak olmas\u0131 \u00fclkemizde s\u00fcrd\u00fcr\u00fclebilir r\u00fczgar sekt\u00f6r\u00fc oldu\u011funun alt\u0131n\u0131 \u00e7izdi. Ard\u0131ndan T\u00fcrkiye genelinde r\u00fczgar kapasiteleri a\u00e7\u0131kland\u0131. TE\u0130A\u015e\u2019\u0131n 3000 MW kapasite a\u00e7\u0131klamas\u0131 sekt\u00f6r\u00fcn y\u00fcz\u00fcn\u00fc g\u00fcld\u00fcrd\u00fc.<\/p>\n<p>R\u00fczgar ve g\u00fcne\u015fte enerji potansiyelimiz Av<a href=\"https:\/\/www.enerjigazetesi.ist\/wp-content\/uploads\/2013\/04\/ruzgar-enerjisi-RES-eczacibasi.jpg\"><img loading=\"lazy\" class=\"alignleft size-medium wp-image-9063\" title=\"ruzgar-enerjisi-RES\" src=\"https:\/\/www.enerjigazetesi.ist\/wp-content\/uploads\/2013\/04\/ruzgar-enerjisi-RES-eczacibasi-300x195.jpg\" alt=\"\" width=\"300\" height=\"195\" srcset=\"https:\/\/www.enerjigazetesi.ist\/wp-content\/uploads\/2013\/04\/ruzgar-enerjisi-RES-eczacibasi-300x195.jpg 300w, https:\/\/www.enerjigazetesi.ist\/wp-content\/uploads\/2013\/04\/ruzgar-enerjisi-RES-eczacibasi-500x326.jpg 500w, https:\/\/www.enerjigazetesi.ist\/wp-content\/uploads\/2013\/04\/ruzgar-enerjisi-RES-eczacibasi-76x50.jpg 76w, https:\/\/www.enerjigazetesi.ist\/wp-content\/uploads\/2013\/04\/ruzgar-enerjisi-RES-eczacibasi.jpg 574w\" sizes=\"(max-width: 300px) 100vw, 300px\" \/><\/a>rupa\u2019ya g\u00f6re %25 daha fazla. Jeotermal, biyogaz gibi enerji alanlar\u0131 daha yeni yeni k\u0131p\u0131rdan\u0131yor. Hidro konusunda deneyimliyiz.<\/p>\n<p>Karbon emisyonu, k\u00fcresel \u0131s\u0131nma ve enerjide ba\u011f\u0131ms\u0131z olmak i\u00e7in yenilenebilir enerji politikalar\u0131 destekleniyor. Bu nedenle yenilenebilir enerjinin hem k\u0131sa vadede hem uzun vadede g\u00fcndemde \u00e7ok yer tutaca\u011f\u0131n\u0131 s\u00f6yleyebiliriz.<\/p>\n<p>B\u00fct\u00fcn d\u00fcnyada siyasi ve stratejik a\u00e7\u0131dan ba\u011f\u0131ms\u0131z kaynaklara y\u00f6nelim var. Hi\u00e7 kimse enerji konusunda ba\u015fka birine ba\u011f\u0131ml\u0131 olmak istemiyor. Bu a\u015famada yerli kaynaklar \u00f6nem kazan\u0131yor. Biz de \u00fclke olarak yenilenebilir enerji kaynaklar\u0131n\u0131n faydalar\u0131n\u0131 anlamaya ba\u015flad\u0131k. \u00c7evreci, ba\u011f\u0131ms\u0131z ve kayna\u011f\u0131na para \u00f6demedi\u011fimiz ucuz bir enerji olan r\u00fczgar\u0131n fark\u0131na vard\u0131k. K\u0131sa zamanda bir iki konuda daha r\u00fczgar\u0131n \u00f6n\u00fcn\u00fc a\u00e7acak d\u00fczenlemelere imza atabilirsek bu sekt\u00f6r olduk\u00e7a canlan\u0131r.<\/p>\n<p>T\u00fcrkiye olarak yenilenebilir enerjideki ad\u0131mlar\u0131m\u0131z\u0131 b\u00fcy\u00fctmemiz, teknolojimizi, sanayimizi geli\u015ftirip, Orta Do\u011fu, Uzakdo\u011fu ve G\u00fcney Afrika\u2019ya teknoloji ve hizmet satabilir konuma gelmemiz bizim i\u00e7in ula\u015f\u0131lamayacak hedefler de\u011fil.<\/p>\n<p>Avrupa\u2019daki karasal r\u00fczgar yat\u0131r\u0131mlar\u0131 neredeyse durmu\u015f durumda. Almanya r\u00fczgar fiyatlar\u0131n\u0131 a\u015fa\u011f\u0131ya \u00e7ekiyor. Avrupa\u2019n\u0131n genel anlamda ekonomisi k\u00f6t\u00fc gidiyor. Bu nedenle yat\u0131r\u0131mc\u0131lar temkinli yakla\u015f\u0131yor. Di\u011fer taraftan T\u00fcrkiye, r\u00fczgar enerjisinde h\u0131zla d\u00fczenlemelerini tamaml\u0131yor. Hedefleri belli. R\u00fczgar potansiyeli g\u00fc\u00e7l\u00fc. Ekonomisi iyi. Yerli te\u015fvik sistemi uygulanabilir hale gelmi\u015f. Her y\u0131l r\u00fczgar ba\u015fvurular\u0131n\u0131n al\u0131nmas\u0131 karara ba\u011flanm\u0131\u015f. K\u0131sacas\u0131 s\u00fcrd\u00fcr\u00fclebilir bir r\u00fczgar sekt\u00f6r\u00fc oldu\u011funu ispatlam\u0131\u015f. Yabanc\u0131 yat\u0131r\u0131mc\u0131 bu geli\u015fmeleri yak\u0131ndan takip ediyor. Bu nedenle yeni pazar aray\u0131\u015flar\u0131 i\u00e7inde lokasyon olarak iyi, r\u00fczgar potansiyeli g\u00fc\u00e7l\u00fc ve yolun \u00e7ok ba\u015f\u0131nda olan T\u00fcrkiye g\u00f6zde \u00fclkeler s\u0131ralamas\u0131nda ba\u015f\u0131 \u00e7ekiyor.<\/p>\n<p>2013 y\u0131l\u0131nda iyi geli\u015fmeler kaydettik. 2014 y\u0131l\u0131nda da bunun artarak devam edece\u011fini d\u00fc\u015f\u00fcn\u00fcyoruz. \u00d6n\u00fcm\u00fczdeki y\u0131l\u0131n ilk \u00e7eyre\u011finin, yeni m\u00fcracaatlara haz\u0131rl\u0131k i\u00e7in \u00f6l\u00e7\u00fcmlerle ge\u00e7ece\u011fini \u00f6ng\u00f6r\u00fcyoruz. Lisans sahibi olanlar izin s\u00fcre\u00e7lerini tamamlamaya \u00e7al\u0131\u015facaklar. Bir taraftan in\u015faa halinde olan santraller i\u015fletmeye al\u0131nacak. E\u011fer izin s\u00fcre\u00e7leri a\u015f\u0131l\u0131rsa 700-800 MW civar\u0131nda santralin hayata ge\u00e7mesini bekliyoruz. 2014 sonlar\u0131nda 3.800 MW\u2019\u0131 g\u00f6rebiliriz.<\/p>\n<p>Kaynak: <a href=\"http:\/\/enerjienstitusu.com\/2013\/12\/13\/ruzgarda-2014-sonlarinda-3-800-mwi-gorebiliriz\/\" target=\"_blank\">Enerji Enstit\u00fcs\u00fc<\/a><\/p>","protected":false},"excerpt":{"rendered":"<p>Sorry, this entry is only available in Turkish. For the sake of viewer convenience, the content is shown below in the alternative language. You may click the link to switch the active language.TUREB taraf\u0131ndan yay\u0131mlanan bas\u0131n bildirisinde Sn. Ataseven 2014 y\u0131l\u0131 sonunda r\u00fczgarda 3.800 MW kurulu g\u00fcce ula\u015f\u0131labilece\u011fi \u00f6ng\u00f6r\u00fcs\u00fcnde bulundu. R\u00dcZGARDAK\u0130 SON GEL\u0130\u015eMELER SEKT\u00d6R\u00dc CANLANDIRIR [&hellip;]<\/p>\n","protected":false},"author":1,"featured_media":9063,"comment_status":"open","ping_status":"open","sticky":false,"template":"","format":"standard","meta":[],"categories":[53,50],"tags":[63,67,1009,165,474,69,16,231,62,1682,105],"views":782,"_links":{"self":[{"href":"https:\/\/www.enerjigazetesi.ist\/en\/wp-json\/wp\/v2\/posts\/19326"}],"collection":[{"href":"https:\/\/www.enerjigazetesi.ist\/en\/wp-json\/wp\/v2\/posts"}],"about":[{"href":"https:\/\/www.enerjigazetesi.ist\/en\/wp-json\/wp\/v2\/types\/post"}],"author":[{"embeddable":true,"href":"https:\/\/www.enerjigazetesi.ist\/en\/wp-json\/wp\/v2\/users\/1"}],"replies":[{"embeddable":true,"href":"https:\/\/www.enerjigazetesi.ist\/en\/wp-json\/wp\/v2\/comments?post=19326"}],"version-history":[{"count":2,"href":"https:\/\/www.enerjigazetesi.ist\/en\/wp-json\/wp\/v2\/posts\/19326\/revisions"}],"predecessor-version":[{"id":19328,"href":"https:\/\/www.enerjigazetesi.ist\/en\/wp-json\/wp\/v2\/posts\/19326\/revisions\/19328"}],"wp:featuredmedia":[{"embeddable":true,"href":"https:\/\/www.enerjigazetesi.ist\/en\/wp-json\/wp\/v2\/media\/9063"}],"wp:attachment":[{"href":"https:\/\/www.enerjigazetesi.ist\/en\/wp-json\/wp\/v2\/media?parent=19326"}],"wp:term":[{"taxonomy":"category","embeddable":true,"href":"https:\/\/www.enerjigazetesi.ist\/en\/wp-json\/wp\/v2\/categories?post=19326"},{"taxonomy":"post_tag","embeddable":true,"href":"https:\/\/www.enerjigazetesi.ist\/en\/wp-json\/wp\/v2\/tags?post=19326"}],"curies":[{"name":"wp","href":"https:\/\/api.w.org\/{rel}","templated":true}]}}