{"id":193256,"date":"2024-12-11T16:57:31","date_gmt":"2024-12-11T13:57:31","guid":{"rendered":"https:\/\/www.enerjigazetesi.ist\/?p=193256"},"modified":"2024-12-11T17:00:16","modified_gmt":"2024-12-11T14:00:16","slug":"enerjinin-gelecegi-ve-depolama-kongresi-25-aralikta-ankara-da","status":"publish","type":"post","link":"https:\/\/www.enerjigazetesi.ist\/en\/enerjinin-gelecegi-ve-depolama-kongresi-25-aralikta-ankara-da\/","title":{"rendered":"(Turkish) Enerjinin Gelece\u011fi ve Depolama Kongresi 25 Aral\u0131k&#8217;ta Ankara&#8217;da&#8230;"},"content":{"rendered":"<p class=\"qtranxs-available-languages-message qtranxs-available-languages-message-en\">Sorry, this entry is only available in <a href=\"https:\/\/www.enerjigazetesi.ist\/tr\/wp-json\/wp\/v2\/posts\/193256\" class=\"qtranxs-available-language-link qtranxs-available-language-link-tr\" title=\"Turkish\">Turkish<\/a>. For the sake of viewer convenience, the content is shown below in the alternative language. You may click the link to switch the active language.<\/p><p><\/p>\n<h2>T\u00fcrkiye yenilenebilir enerji piyasas\u0131 ve depolama sekt\u00f6r\u00fcyle ilgili de\u011ferlendirmelerde bulunan EDEDER Ba\u015fkan\u0131 Can Tokcan, T\u00fcrk yat\u0131r\u0131mc\u0131s\u0131n\u0131n depolamada dikkatli ama h\u0131zl\u0131 bir \u015fekilde yat\u0131r\u0131m yapma iste\u011finin \u00e7ok y\u00fcksek oldu\u011funu hat\u0131rlatarak, sekt\u00f6r STK\u2019lar\u0131n\u0131n bu alandaki \u00e7abalar\u0131 yo\u011funla\u015ft\u0131rd\u0131\u011f\u0131n\u0131 belirtti. EDEDER olarak 25 Aral\u0131k\u2019ta Ankara\u2019da d\u00fczenleyecekleri Enerjinin Gelece\u011fi ve Depolama Kongresi i\u00e7in \u201cB\u00f6lgenin Batarya \u00dcss\u00fc T\u00fcrkiye\u201d mesaj\u0131n\u0131 bu nedenle se\u00e7tiklerini s\u00f6yleyen Tokcan, \u201cYenilenebilir Enerji yat\u0131r\u0131mlar\u0131n\u0131n h\u0131zlanmas\u0131 ile birlikte \u015febekeyi y\u00f6netebilmemiz i\u00e7in T\u00fcrkiye\u2019de de depolama yat\u0131r\u0131mlar\u0131n\u0131n h\u0131zlanmas\u0131 gerekiyor.\u201d mesaj\u0131 da verdi. Tokcan\u2019\u0131n a\u00e7\u0131klamalar\u0131ndan sat\u0131r ba\u015flar\u0131 \u015f\u00f6yle:<\/h2>\n<p style=\"text-align: center;\"><img loading=\"lazy\" class=\"aligncenter wp-image-193260\" src=\"https:\/\/www.enerjigazetesi.ist\/wp-content\/uploads\/2024\/12\/EnerjininGelecegiVeDepolamaKongresi_25Aralik2024_090732110.jpg\" alt=\"\" width=\"500\" height=\"206\" srcset=\"https:\/\/www.enerjigazetesi.ist\/wp-content\/uploads\/2024\/12\/EnerjininGelecegiVeDepolamaKongresi_25Aralik2024_090732110.jpg 550w, https:\/\/www.enerjigazetesi.ist\/wp-content\/uploads\/2024\/12\/EnerjininGelecegiVeDepolamaKongresi_25Aralik2024_090732110-300x124.jpg 300w, https:\/\/www.enerjigazetesi.ist\/wp-content\/uploads\/2024\/12\/EnerjininGelecegiVeDepolamaKongresi_25Aralik2024_090732110-500x206.jpg 500w, https:\/\/www.enerjigazetesi.ist\/wp-content\/uploads\/2024\/12\/EnerjininGelecegiVeDepolamaKongresi_25Aralik2024_090732110-80x33.jpg 80w\" sizes=\"(max-width: 500px) 100vw, 500px\" \/><\/p>\n<h3><strong>\u201cYenilenebiliri yayg\u0131nla\u015ft\u0131rman\u0131n yolu \u2018depolama\u2019dan ge\u00e7iyor\u201d<\/strong><\/h3>\n<p>Hem T\u00fcrkiye\u2019de hem k\u00fcresel \u00f6l\u00e7ekte \u2018yenilenebilir&#8217;i yayg\u0131nla\u015ft\u0131rmaya \u00e7al\u0131\u015f\u0131yoruz. Bunun i\u00e7in kapasite ve teknik altyap\u0131 problemlerini \u00e7\u00f6zerek depolama sistemleri kurmak zorunday\u0131z. Depolama yoksa yenilenebiliri daha fazla yayg\u0131nla\u015ft\u0131ramay\u0131z.<\/p>\n<h3><strong>\u201cT\u00fcrkiye depolamada h\u0131zlan\u0131yor, \u015febekeyi y\u00f6netmeliyiz\u201d<\/strong><\/h3>\n<div id=\"attachment_193258\" style=\"width: 510px\" class=\"wp-caption aligncenter\"><img aria-describedby=\"caption-attachment-193258\" loading=\"lazy\" class=\"wp-image-193258\" src=\"https:\/\/www.enerjigazetesi.ist\/wp-content\/uploads\/2024\/12\/EDEDER-Baskan_Can-Tokcan-3222.jpg\" alt=\"\" width=\"500\" height=\"374\" srcset=\"https:\/\/www.enerjigazetesi.ist\/wp-content\/uploads\/2024\/12\/EDEDER-Baskan_Can-Tokcan-3222.jpg 550w, https:\/\/www.enerjigazetesi.ist\/wp-content\/uploads\/2024\/12\/EDEDER-Baskan_Can-Tokcan-3222-300x224.jpg 300w, https:\/\/www.enerjigazetesi.ist\/wp-content\/uploads\/2024\/12\/EDEDER-Baskan_Can-Tokcan-3222-500x374.jpg 500w, https:\/\/www.enerjigazetesi.ist\/wp-content\/uploads\/2024\/12\/EDEDER-Baskan_Can-Tokcan-3222-67x50.jpg 67w\" sizes=\"(max-width: 500px) 100vw, 500px\" \/><p id=\"caption-attachment-193258\" class=\"wp-caption-text\">EDEDER Ba\u015fkan\u0131 Can Tokcan<\/p><\/div>\n<p>Enerji Depolama yat\u0131r\u0131mlar\u0131 \u00e7ok h\u0131zland\u0131, k\u00fcresel \u00f6l\u00e7ekte 150 Gigawattsaatin \u00fczerinde kurulum yap\u0131lm\u0131\u015f durumda, T\u00fcrkiye de bu alanda h\u0131zlan\u0131yor. Bu, \u015febekeyi y\u00f6netmeyi gerektiren stratejik bir konu oldu\u011fu i\u00e7in hem y\u00f6netimi hem de geli\u015ftirmesinin yerli \u015firketler taraf\u0131ndan \u00fcstleniliyor olmas\u0131 \u015fart. Aksi halde temelde yurt d\u0131\u015f\u0131ndaki firmalar\u0131n kontrol\u00fc alt\u0131nda bir enerji \u015febekesi sorunu ortaya \u00e7\u0131kacakt\u0131r.<\/p>\n<h3><strong>\u201cKatma de\u011feri T\u00fcrkiye\u2019de yaratal\u0131m\u201d<\/strong><\/h3>\n<p>Biz \u2018katma de\u011feri T\u00fcrkiye&#8217;de yaratal\u0131m, yurt d\u0131\u015f\u0131na ihracat yapal\u0131m\u2019 diyoruz. Hem do\u011falgaz ithalat\u0131n\u0131 azaltarak cari a\u00e7\u0131\u011f\u0131n azalt\u0131lmas\u0131na katk\u0131m\u0131z olsun, hem de teknoloji ithalat\u0131n\u0131 b\u0131rak\u0131p ihracat\u0131na ba\u015flayal\u0131m istiyoruz. Bu alanda faaliyet g\u00f6steren \u015firketler olarak ciddi bir know-how geli\u015ftiriyoruz.<\/p>\n<h3><strong>\u201cM\u00fchendislik becerileri ve i\u015f yap\u0131\u015f bi\u00e7imlerimiz nedeniyle avantajl\u0131y\u0131z\u201d<\/strong><\/h3>\n<p>T\u00fcrkiye Avrupa&#8217;ya \u00e7ok yak\u0131n ve m\u00fchendislik ve i\u015f yap\u0131m \u015fekli a\u00e7\u0131s\u0131ndan Avrupa&#8217;n\u0131n i\u015f yap\u0131\u015f \u015fekillerine de hakim. Ciddi bir m\u00fchendislik avantaj\u0131m\u0131z var. Sekt\u00f6r \u00c7in\u2019den haz\u0131r paket batarya ithal etmek yerine T\u00fcrkiye\u2019de yapmak ve d\u00fcnyaya ihra\u00e7 etmek istiyor.<\/p>\n<h3><strong>\u201cSekt\u00f6r \u2018Y\u00f6netmeliklerin nihai haline ula\u015fmas\u0131n\u0131\u2019 bekliyor\u201d<\/strong><\/h3>\n<p>Hali haz\u0131rda depolama y\u00f6netmeli\u011finin tasla\u011f\u0131 EPDK taraf\u0131ndan yay\u0131nlanm\u0131\u015f durumda. \u00c7ok ciddi yol al\u0131nm\u0131\u015f olsa dahi Y\u00f6netmeliklerin son hali hen\u00fcz Resmi Gazete\u2019de yay\u0131nlanmad\u0131. Sekt\u00f6r bunu bekliyor \u00e7\u00fcnk\u00fc bu, toplam sahaya yans\u0131yacak yat\u0131r\u0131m\u0131 etkileyen kritik bir\u00e7ok parametre i\u00e7eriyor. Enerji Depolama End\u00fcstrileri Derne\u011fi olarak, Kamunun bak\u0131\u015f a\u00e7\u0131s\u0131na paralel \u015fekilde, y\u00f6netmeliklerin katma de\u011ferin T\u00fcrkiye\u2019de \u00fcretilmesi, kaliteli sistemlerin \u00dclkemizde kullan\u0131lmas\u0131 ve yat\u0131r\u0131mc\u0131lar\u0131n korunaca\u011f\u0131 \u015fekilde tamamlanmas\u0131 ad\u0131na s\u00fcrece katk\u0131 sa\u011flamaya \u00e7al\u0131\u015f\u0131yoruz. Sekt\u00f6r olarak Avrupa&#8217;da i\u015f yapmaya ba\u015flad\u0131k bile. Macaristan, Bulgaristan, \u0130spanya gibi \u00fclkelere \u00fcr\u00fcn teslimleri ve kurulumlar\u0131 yap\u0131yoruz. \u015eirketlerimiz yurt d\u0131\u015f\u0131na sistem, hizmet ve yaz\u0131l\u0131m ihracat\u0131 yap\u0131yor olman\u0131n yan\u0131 s\u0131ra farkl\u0131 \u00fclkelerde yat\u0131r\u0131m yapmaya dahi ba\u015flad\u0131lar.<\/p>\n<h3><strong>\u201cAvrupa i\u00e7in \u00e7ok iyi bir partner olma potansiyelimiz var\u201d<\/strong><\/h3>\n<p>Normalde baz\u0131 \u015feyler d\u00fcnyada geli\u015fir, sonra T\u00fcrkiye bir \u015fekilde bunu adapte eder, kaslar\u0131n\u0131 ona g\u00f6re geli\u015ftirmeye \u00e7al\u0131\u015f\u0131r. Biz sekt\u00f6r olarak \u015fu anda bunun tam tersini yapmaya \u00e7al\u0131\u015f\u0131yoruz. T\u00fcm d\u00fcnyada bu i\u015f b\u00fcy\u00fcyor. Avrupa\u2019n\u0131n tamam\u0131 depolama yat\u0131r\u0131mlar\u0131nda \u00e7ok h\u0131zl\u0131 ilerliyor. Avrupa ile uyumlu i\u015f yap\u0131\u015f \u015fekli, teknik yakla\u015f\u0131m, destek, yaz\u0131l\u0131m gibi konular\u0131 hesaba kat\u0131nca \u00f6zellikle Avrupa i\u00e7in \u00e7ok iyi bir partner olma potansiyelimiz var ve onlar da bunun fark\u0131nda oldu\u011fundan \u015fu an T\u00fcrkiye&#8217;deki \u015firketlerle depolama alan\u0131nda i\u015f birliklerinin temelini olu\u015fturuyorlar.<\/p>\n<h3><strong>\u201cKamu Stratejisi Do\u011fru\u201d<\/strong><\/h3>\n<p>D\u00fcnyada depolama sistemlerinde mevcut kurulmu\u015f olan ve \u015febekeye hizmet veren kapasite 130 gigawatsaate yak\u0131n. Bu alanda projeksiyonlar ise 2035&#8217;in sonuna kadar 2 terawatt saat! Yani d\u00fcnya genelinde 2.000 gigawattsaatlik bir kurulum ger\u00e7ekle\u015fmesi hedefleniyor. Bunun nedeni her yerde yenilenebiliri yayg\u0131nla\u015ft\u0131rma ve olu\u015fan kapasite sorunlar\u0131n\u0131n y\u00f6netilmesi ihtiyac\u0131n\u0131n olmas\u0131. Bizde de ayn\u0131 durum s\u00f6z konusu. Stratejik olarak kamunun bu alanda \u00e7ok do\u011fru bir strateji belirledi\u011fini d\u00fc\u015f\u00fcn\u00fcyoruz.<\/p>\n<h3><strong>\u201cFinans ko\u015fullar\u0131 ve izin s\u00fcre\u00e7leri iyile\u015fmeli\u201d<\/strong><\/h3>\n<p>Finans ko\u015fullar\u0131n\u0131n iyile\u015fmesi laz\u0131m \u00e7\u00fcnk\u00fc T\u00fcrkiye&#8217;de yat\u0131r\u0131m yapmak \u015fu an pahal\u0131 bir noktada. Ama bu bir d\u00f6ng\u00fc oldu\u011fu i\u00e7in zaman i\u00e7inde bu durumun de\u011fi\u015fece\u011fine inan\u0131yoruz. Art\u0131k hemen her \u015fey depolamada bitiyor ve T\u00fcrk \u015firketleri yurt d\u0131\u015f\u0131ndan bu alanda finansman getiriyor. Avrupa bankalar\u0131 da ye\u015fil bono gibi mekanizmalarla bu tip yat\u0131r\u0131mlar\u0131 fonlamay\u0131 tercih ediyor.<\/p>","protected":false},"excerpt":{"rendered":"<p>Sorry, this entry is only available in Turkish. For the sake of viewer convenience, the content is shown below in the alternative language. You may click the link to switch the active language. T\u00fcrkiye yenilenebilir enerji piyasas\u0131 ve depolama sekt\u00f6r\u00fcyle ilgili de\u011ferlendirmelerde bulunan EDEDER Ba\u015fkan\u0131 Can Tokcan, T\u00fcrk yat\u0131r\u0131mc\u0131s\u0131n\u0131n depolamada dikkatli ama h\u0131zl\u0131 bir \u015fekilde [&hellip;]<\/p>\n","protected":false},"author":1,"featured_media":193259,"comment_status":"open","ping_status":"open","sticky":false,"template":"","format":"standard","meta":[],"categories":[51,53],"tags":[2258,42218],"views":38,"_links":{"self":[{"href":"https:\/\/www.enerjigazetesi.ist\/en\/wp-json\/wp\/v2\/posts\/193256"}],"collection":[{"href":"https:\/\/www.enerjigazetesi.ist\/en\/wp-json\/wp\/v2\/posts"}],"about":[{"href":"https:\/\/www.enerjigazetesi.ist\/en\/wp-json\/wp\/v2\/types\/post"}],"author":[{"embeddable":true,"href":"https:\/\/www.enerjigazetesi.ist\/en\/wp-json\/wp\/v2\/users\/1"}],"replies":[{"embeddable":true,"href":"https:\/\/www.enerjigazetesi.ist\/en\/wp-json\/wp\/v2\/comments?post=193256"}],"version-history":[{"count":0,"href":"https:\/\/www.enerjigazetesi.ist\/en\/wp-json\/wp\/v2\/posts\/193256\/revisions"}],"wp:featuredmedia":[{"embeddable":true,"href":"https:\/\/www.enerjigazetesi.ist\/en\/wp-json\/wp\/v2\/media\/193259"}],"wp:attachment":[{"href":"https:\/\/www.enerjigazetesi.ist\/en\/wp-json\/wp\/v2\/media?parent=193256"}],"wp:term":[{"taxonomy":"category","embeddable":true,"href":"https:\/\/www.enerjigazetesi.ist\/en\/wp-json\/wp\/v2\/categories?post=193256"},{"taxonomy":"post_tag","embeddable":true,"href":"https:\/\/www.enerjigazetesi.ist\/en\/wp-json\/wp\/v2\/tags?post=193256"}],"curies":[{"name":"wp","href":"https:\/\/api.w.org\/{rel}","templated":true}]}}