{"id":193237,"date":"2024-12-11T16:03:23","date_gmt":"2024-12-11T13:03:23","guid":{"rendered":"https:\/\/www.enerjigazetesi.ist\/?p=193237"},"modified":"2024-12-11T16:03:23","modified_gmt":"2024-12-11T13:03:23","slug":"eksim-holding-yeteri-kadar-en-dogru-karar-kampanyasini-tanitti","status":"publish","type":"post","link":"https:\/\/www.enerjigazetesi.ist\/en\/eksim-holding-yeteri-kadar-en-dogru-karar-kampanyasini-tanitti\/","title":{"rendered":"(Turkish) Eksim Holding &#8220;Yeteri Kadar En Do\u011fru Karar&#8221; Kampanyas\u0131n\u0131 Tan\u0131tt\u0131"},"content":{"rendered":"<p class=\"qtranxs-available-languages-message qtranxs-available-languages-message-en\">Sorry, this entry is only available in <a href=\"https:\/\/www.enerjigazetesi.ist\/tr\/wp-json\/wp\/v2\/posts\/193237\" class=\"qtranxs-available-language-link qtranxs-available-language-link-tr\" title=\"Turkish\">Turkish<\/a>. For the sake of viewer convenience, the content is shown below in the alternative language. You may click the link to switch the active language.<\/p><p><\/p>\n<h2><strong>Eksim Holding, \u00e7a\u011f\u0131m\u0131z\u0131n en b\u00fcy\u00fck k\u00fcresel problemlerinden biri olan israfla m\u00fccadele kapsam\u0131nda hayata ge\u00e7irdi\u011fi \u2018Yeteri Kadar En Do\u011fru Karar\u2019 kampanyas\u0131n\u0131n detaylar\u0131n\u0131 kamuoyuyla payla\u015ft\u0131.<\/strong> <strong>Konuyla ilgili konu\u015fan Eksim Holding Y\u00f6netim Kurulu Ba\u015fkan\u0131 Ebubekir Tivnikli, <em>\u201cGer\u00e7ekle\u015ftirdi\u011fimiz yat\u0131r\u0131mlar\u0131n ticari getirisi yan\u0131nda, toplumun refah\u0131 ve \u00e7evrenin menfaatine olup olmad\u0131\u011f\u0131n\u0131 da her zaman sorguluyoruz. \u2018Yeteri Kadar\u2019 hayata bakt\u0131\u011f\u0131m\u0131z perspektifi, \u00e7al\u0131\u015fma \u015fekillerimizi ve gelecek vizyonumuzu yeniden d\u00fc\u015f\u00fcnmeye \u00e7a\u011f\u0131ran bir davet niteli\u011fi ta\u015f\u0131yor\u201d<\/em> dedi.<\/strong><\/h2>\n<p style=\"text-align: center;\"><img loading=\"lazy\" class=\"aligncenter wp-image-193241\" src=\"https:\/\/www.enerjigazetesi.ist\/wp-content\/uploads\/2024\/12\/eksim-holding-yeteri-kadar-en-dogru-karar-kampanyasini-tanitti.jpg\" alt=\"\" width=\"500\" height=\"291\" srcset=\"https:\/\/www.enerjigazetesi.ist\/wp-content\/uploads\/2024\/12\/eksim-holding-yeteri-kadar-en-dogru-karar-kampanyasini-tanitti.jpg 550w, https:\/\/www.enerjigazetesi.ist\/wp-content\/uploads\/2024\/12\/eksim-holding-yeteri-kadar-en-dogru-karar-kampanyasini-tanitti-300x175.jpg 300w, https:\/\/www.enerjigazetesi.ist\/wp-content\/uploads\/2024\/12\/eksim-holding-yeteri-kadar-en-dogru-karar-kampanyasini-tanitti-500x291.jpg 500w, https:\/\/www.enerjigazetesi.ist\/wp-content\/uploads\/2024\/12\/eksim-holding-yeteri-kadar-en-dogru-karar-kampanyasini-tanitti-80x47.jpg 80w\" sizes=\"(max-width: 500px) 100vw, 500px\" \/><\/p>\n<p>\u00dclkemizin \u00f6nde gelen \u015firketler topluluklar\u0131ndan Eksim Holding, s\u00fcrd\u00fcr\u00fclebilir bir ya\u015fam\u0131n kar\u015f\u0131s\u0131ndaki en b\u00fcy\u00fck tehdit olan israfa dikkat \u00e7ekmek amac\u0131yla \u2018Yeteri Kadar En Do\u011fru Karar\u2019 kampanyas\u0131n\u0131 devreye ald\u0131. G\u0131da, su ve enerji ba\u015fta olmak \u00fczere israf\u0131n \u00e7evresel s\u00fcrd\u00fcr\u00fclebilirli\u011fe, toplum hayat\u0131na ve ekonomiye olumsuz etkilerine odaklanan kampanya kapsam\u0131nda; e\u011fitim, tar\u0131m, at\u0131k y\u00f6netimi gibi alanlarda kamu ve sivil toplum kurulu\u015flar\u0131 i\u015f birli\u011finde projeler hayata ge\u00e7irilecek.<\/p>\n<h3><strong>\u0130srafa Kar\u015f\u0131 Birlikte M\u00fccadele \u00c7a\u011fr\u0131s\u0131<\/strong><\/h3>\n<div id=\"attachment_193239\" style=\"width: 510px\" class=\"wp-caption aligncenter\"><img aria-describedby=\"caption-attachment-193239\" loading=\"lazy\" class=\"wp-image-193239\" src=\"https:\/\/www.enerjigazetesi.ist\/wp-content\/uploads\/2024\/12\/Ebubekir-Tivnikli.jpg\" alt=\"\" width=\"500\" height=\"334\" srcset=\"https:\/\/www.enerjigazetesi.ist\/wp-content\/uploads\/2024\/12\/Ebubekir-Tivnikli.jpg 550w, https:\/\/www.enerjigazetesi.ist\/wp-content\/uploads\/2024\/12\/Ebubekir-Tivnikli-300x200.jpg 300w, https:\/\/www.enerjigazetesi.ist\/wp-content\/uploads\/2024\/12\/Ebubekir-Tivnikli-500x334.jpg 500w, https:\/\/www.enerjigazetesi.ist\/wp-content\/uploads\/2024\/12\/Ebubekir-Tivnikli-75x50.jpg 75w, https:\/\/www.enerjigazetesi.ist\/wp-content\/uploads\/2024\/12\/Ebubekir-Tivnikli-450x300.jpg 450w\" sizes=\"(max-width: 500px) 100vw, 500px\" \/><p id=\"caption-attachment-193239\" class=\"wp-caption-text\">Eksim Holding Y\u00f6netim Kurulu Ba\u015fkan\u0131 Ebubekir Tivnikli<\/p><\/div>\n<p>Konuyla ilgili a\u00e7\u0131klamalarda bulunan <strong>Eksim Holding Y\u00f6netim Kurulu Ba\u015fkan\u0131 Ebubekir Tivnikli,<\/strong> \u2018Yeteri Kadar En Do\u011fru Karar\u2019\u0131n bir sosyal sorumluluk hareketi olmas\u0131n\u0131n yan\u0131 s\u0131ra hayatlar\u0131m\u0131z\u0131 ve i\u015f yap\u0131\u015f \u015fekillerimizi yeniden d\u00fc\u015f\u00fcnmeyen \u00e7a\u011f\u0131ran bir davet niteli\u011fi ta\u015f\u0131d\u0131\u011f\u0131n\u0131 vurgulad\u0131. Tivnikli, <em>\u201cBug\u00fcn, enerji ve g\u0131da sekt\u00f6rleri olmak \u00fczere iki stratejik i\u015f kolunda yer al\u0131yoruz. Holding olarak ger\u00e7ekle\u015ftirdi\u011fimiz yat\u0131r\u0131mlar\u0131n ticari getirisinin yan\u0131nda, toplumun refah\u0131 ve \u00e7evrenin menfaatine olup olmad\u0131\u011f\u0131n\u0131 da her zaman sorguluyoruz. Holdingimizi var eden ve ailemizden bize miras kalan de\u011ferlerin temelinde, b\u00fcy\u00fcklerimizin yeteri kadar\u0131n\u0131 kullanmaya ve israf etmemeye dayal\u0131 anlay\u0131\u015f\u0131 yer al\u0131yor. Biz de bu anlay\u0131\u015f\u0131 kurum k\u00fclt\u00fcr\u00fcm\u00fcz\u00fcn temeline yerle\u015ftirdik, yayg\u0131nla\u015ft\u0131rmay\u0131 da g\u00f6rev biliyoruz\u201d<\/em> dedi.<\/p>\n<h3><strong>G\u0131dada \u0130sraf\u0131n Boyutu: Her G\u00fcn 12 Milyon Ekmek \u00c7\u00f6pe Gidiyor<\/strong><\/h3>\n<p>K\u00fcresel iklim de\u011fi\u015fikli\u011finin verdi\u011fi zararlar\u0131n yan\u0131 s\u0131ra bilin\u00e7siz tar\u0131m ve sulama uygulamalar\u0131n\u0131n israfa sebep oldu\u011funu belirten Tivnikli; \u201cYeralt\u0131 sular\u0131n\u0131n kullan\u0131m\u0131, modern sulaman\u0131n yayg\u0131n olmay\u0131\u015f\u0131 ve kurakl\u0131k, hem topraklar\u0131m\u0131z\u0131n hem de su kaynaklar\u0131m\u0131z\u0131n t\u00fckenmesine yol a\u00e7\u0131yor. Bu duruma duyars\u0131z kalamayarak topra\u011f\u0131n ve suyun de\u011ferini hat\u0131rlatacak bir seferberlik hareketi ba\u015flatmak i\u00e7in yola \u00e7\u0131kt\u0131k\u201d ifadelerini kulland\u0131.<\/p>\n<p>G\u0131da israf\u0131na rakamlarla de\u011finen Tivnikli, \u201cMaalesef \u00fclkemizde y\u0131ll\u0131k g\u0131da israf\u0131n\u0131n boyutu 43 milyar dolar ve her g\u00fcn 12 milyon ekmek \u00e7\u00f6pe gidiyor. Bu devasa israf tablosunu de\u011fi\u015ftirmek i\u00e7in t\u00fcm kurumlara g\u00f6rev d\u00fc\u015f\u00fcyor. Bug\u00fcn kar\u015f\u0131 kar\u015f\u0131ya oldu\u011fumuz iklim de\u011fi\u015fikli\u011fi, kurakl\u0131k ve do\u011fal kaynaklar\u0131n t\u00fckenmesi gibi k\u00fcresel sorunlar, israfa kar\u015f\u0131 toplumun her kesimini sorumlu k\u0131l\u0131yor. Bu nedenle, \u2018Yeteri Kadar\u2019 \u015femsiyesi alt\u0131ndaki projelerimize payda\u015f olmak ve bizimle birlikte \u00e7\u00f6z\u00fcm \u00fcretmek isteyen herkesi israf kar\u015f\u0131t\u0131 bu seferberli\u011fe davet ediyoruz\u201d dedi.<\/p>\n<h3><strong>Tiyatro Oyunuyla 10 Bin, E\u011fitim Kitiyle 40 Bin \u00c7ocu\u011fun Fark\u0131ndal\u0131\u011f\u0131n\u0131 Art\u0131rmak Hedefleniyor<\/strong><\/h3>\n<div id=\"attachment_193240\" style=\"width: 510px\" class=\"wp-caption aligncenter\"><img aria-describedby=\"caption-attachment-193240\" loading=\"lazy\" class=\"wp-image-193240\" src=\"https:\/\/www.enerjigazetesi.ist\/wp-content\/uploads\/2024\/12\/Yusuf-Ekiz.jpg\" alt=\"\" width=\"500\" height=\"410\" srcset=\"https:\/\/www.enerjigazetesi.ist\/wp-content\/uploads\/2024\/12\/Yusuf-Ekiz.jpg 550w, https:\/\/www.enerjigazetesi.ist\/wp-content\/uploads\/2024\/12\/Yusuf-Ekiz-300x246.jpg 300w, https:\/\/www.enerjigazetesi.ist\/wp-content\/uploads\/2024\/12\/Yusuf-Ekiz-488x400.jpg 488w, https:\/\/www.enerjigazetesi.ist\/wp-content\/uploads\/2024\/12\/Yusuf-Ekiz-61x50.jpg 61w, https:\/\/www.enerjigazetesi.ist\/wp-content\/uploads\/2024\/12\/Yusuf-Ekiz-500x410.jpg 500w\" sizes=\"(max-width: 500px) 100vw, 500px\" \/><p id=\"caption-attachment-193240\" class=\"wp-caption-text\">Eksim Holding Kurumsal \u0130leti\u015fim Direkt\u00f6r\u00fc Yusuf Ekiz<\/p><\/div>\n<p>\u2018Yeteri Kadar En Do\u011fru Karar\u2019 alt\u0131ndaki \u00e7al\u0131\u015fmalar\u0131 ve hedeflenenleri aktaran <strong>Eksim Holding Kurumsal \u0130leti\u015fim Direkt\u00f6r\u00fc Yusuf Ekiz<\/strong> ise \u00f6ncelikli olarak \u00e7ocuklar, gen\u00e7ler ve \u00e7ift\u00e7ileri hedeflediklerinin alt\u0131n\u0131 \u00e7izdi. Bu kapsamda Dicle Elektrik\u2019in Diyarbak\u0131r Milli E\u011fitim M\u00fcd\u00fcrl\u00fc\u011f\u00fc ile i\u015f birliklerine imza att\u0131\u011f\u0131n\u0131 ifade eden Ekiz, \u2018Dicle\u2019nin R\u00fcyas\u0131\u2019 isimli tiyatro oyununu, Dicle Elektrik\u2019in g\u00f6n\u00fcll\u00fc \u00e7al\u0131\u015fanlar\u0131ndan olu\u015fan tiyatro kul\u00fcb\u00fc \u00fcyeleriyle 4 ay s\u00fcren hummal\u0131 bir \u00e7al\u0131\u015fman\u0131n ard\u0131ndan devreye ald\u0131klar\u0131n\u0131 kaydetti. Ekiz, tiyatro oyunuyla Dicle Elektrik\u2019in hizmet b\u00f6lgesindeki 6 ilde 5 bin \u00f6\u011frenciye ula\u015fmay\u0131 planlad\u0131klar\u0131n\u0131 belirterek, \u201cKampanyam\u0131z s\u00fcresi boyunca di\u011fer grup \u015firketlerimizin faaliyet g\u00f6sterdi\u011fi 10 farkl\u0131 ilde, 10 bin ilk ve ortaokul \u00f6\u011frencisine ula\u015fmay\u0131 hedefliyoruz\u201d dedi. Ekiz, tiyatro oyununun yan\u0131 s\u0131ra do\u011fa dostu etkinlik kitab\u0131 ve tar\u0131m kitini de \u00e7ocuklarla bulu\u015fturarak ilk etapta 20 bin, orta vadede 15 farkl\u0131 ilde 80 bin \u00f6\u011frenciye ula\u015fmay\u0131 hedefliyoruz. Ayr\u0131ca projenin etkinli\u011fini art\u0131rmak i\u00e7in yakla\u015f\u0131k 2 bin \u00f6\u011fretmene e\u011fitmen e\u011fitimi vermeyi planl\u0131yoruz\u201d dedi.<\/p>\n<h3><strong>Bir Destek Bin Bereket \u00c7ift\u00e7i E\u011fitim Program\u0131 10 Bin \u00c7ift\u00e7iye Ula\u015facak<\/strong><\/h3>\n<p>Konu\u015fmas\u0131nda T\u00fcrkiye\u2019de i\u00e7me sular\u0131n\u0131n y\u00fczde 70\u2019lik k\u0131sm\u0131n\u0131n tar\u0131msal sulama amac\u0131yla kullan\u0131ld\u0131\u011f\u0131n\u0131n alt\u0131n\u0131 \u00e7izen Yusuf Ekiz, sulama verimlili\u011finin artmas\u0131 i\u00e7in \u2018Bir Destek, Bin Bereket E\u011fitim Program\u0131\u2019n\u0131 devreye ald\u0131klar\u0131n\u0131 a\u00e7\u0131klad\u0131. Ama\u00e7lar\u0131n\u0131n \u00e7ift\u00e7ileri destekleyerek tar\u0131msal \u00fcretimin s\u00fcrd\u00fcr\u00fclebilir bir temele oturmas\u0131na katk\u0131 sa\u011flamak oldu\u011funu belirten Ekiz, \u201cBu programla \u00e7ift\u00e7ilerimize kapsaml\u0131 teorik ve uygulamal\u0131 e\u011fitimler veriyoruz. Program\u0131n ilk etab\u0131n\u0131 Batman \u00dcniversitesi i\u015f birli\u011fiyle, 250 \u00e7ift\u00e7in kat\u0131l\u0131m\u0131yla ger\u00e7ekle\u015ftirdik. Projenin ikinci etab\u0131nda Harran \u00dcniversitesi i\u015f birli\u011fiyle ve 50 gen\u00e7 \u00e7ift\u00e7imizle, 1 y\u0131l s\u00fcrecek e\u011fitim ve ment\u00f6rl\u00fck program\u0131n\u0131 hayata ge\u00e7irece\u011fiz. \u0130ki y\u0131lda, do\u011frudan ve dolayl\u0131 olarak toplam 10 bin \u00e7ift\u00e7iye ula\u015fmay\u0131 hedefliyoruz.\u201d \u015feklinde konu\u015ftu. Ekiz su krizi ve kurakl\u0131\u011fa kar\u015f\u0131 m\u00fccadele kapsam\u0131nda gen\u00e7lerin yenilik\u00e7i fikirlerine odaklanan \u201cAk\u0131ll\u0131 Tar\u0131m Fikir Yar\u0131\u015fmas\u0131\u201d ile kaynak israf\u0131n\u0131 azaltmay\u0131 hedeflediklerini de s\u00f6zlerine ekledi.<\/p>\n<h3><strong>G\u0131da At\u0131klar\u0131 G\u00fcbre Olup Ekosistemi Destekleyecek<\/strong><\/h3>\n<p>KORU Derne\u011fi\u2019nin \u2018Yeteri Kadar\u2019 kampanyas\u0131n\u0131n en \u00f6nemli payda\u015flar\u0131ndan biri oldu\u011funu vurgulayan Yusuf Ekiz, israfa kar\u015f\u0131 g\u0131da at\u0131klar\u0131n\u0131n geri d\u00f6n\u00fc\u015f\u00fcm\u00fc projesine de de\u011findi. Ekiz, \u201cZincir f\u0131r\u0131n-kafe ma\u011fazam\u0131z Asl\u0131\u2019n\u0131n \u00fcretim tesislerinden \u00e7\u0131kan g\u0131da at\u0131klar\u0131n\u0131, KORU\u2019nun kompost fabrikas\u0131nda geri d\u00f6n\u00fc\u015ft\u00fcrerek do\u011faya kazand\u0131r\u0131yoruz. Kompost g\u00fcbrelerin bir k\u0131sm\u0131n\u0131 ise korunakl\u0131 paketler halinde Asl\u0131 \u015fubelerinde m\u00fc\u015fterilerimize ula\u015ft\u0131raca\u011f\u0131z. Bunun yan\u0131nda at\u0131ks\u0131z al\u0131\u015fveri\u015fi te\u015fvik etmek i\u00e7in kahve termosu indirimleri, geri d\u00f6n\u00fc\u015ft\u00fcr\u00fclebilir paket kullan\u0131m\u0131 ve israfs\u0131z men\u00fc gibi pek \u00e7ok yenilik\u00e7i uygulamay\u0131 da devreye ald\u0131k\u201d dedi.<\/p>\n<h3><strong>2025 \u201cSu Y\u0131l\u0131\u201d Olacak<\/strong><\/h3>\n<p>Eksim Holding olarak israf\u0131 \u00f6nlemek ve kaynaklar\u0131n do\u011fru y\u00f6netilmesi i\u00e7in uzun bir yola \u00e7\u0131kt\u0131klar\u0131n\u0131 ifade eden Kurumsal \u0130leti\u015fim Direkt\u00f6r\u00fc Yusuf Ekiz, \u2018Yeteri Kadar En Do\u011fru Karar\u2019 kampanyas\u0131 alt\u0131nda belirlenen konseptlerle her y\u0131l bir odak alan\u0131 belirlediklerini ifade etti. Bu do\u011frultuda 2025\u2019i \u2018Su Y\u0131l\u0131\u2019 ilan edeceklerini, 2026\u2019y\u0131 \u2018Enerji\u2019 ve 2027\u2019yi ise \u2018G\u0131da\u2019 oda\u011f\u0131nda ele alacaklar\u0131n\u0131 belirtti.<\/p>\n<p>\u2018Yeteri Kadar En Do\u011fru Karar Platformu\u2019 ise kampanyan\u0131n t\u00fcm projeleri ve duyurular\u0131 ile s\u00fcrd\u00fcr\u00fclebilirlik konseptindeki blog yaz\u0131lar\u0131na yer veriyor.\u00a0 Platform <a href=\"http:\/\/www.yeterikadar.org\" target=\"_blank\" rel=\"noopener\">www.yeterikadar.org<\/a> adresinden ziyaret edilebiliyor.<\/p>","protected":false},"excerpt":{"rendered":"<p>Sorry, this entry is only available in Turkish. For the sake of viewer convenience, the content is shown below in the alternative language. You may click the link to switch the active language. Eksim Holding, \u00e7a\u011f\u0131m\u0131z\u0131n en b\u00fcy\u00fck k\u00fcresel problemlerinden biri olan israfla m\u00fccadele kapsam\u0131nda hayata ge\u00e7irdi\u011fi \u2018Yeteri Kadar En Do\u011fru Karar\u2019 kampanyas\u0131n\u0131n detaylar\u0131n\u0131 kamuoyuyla [&hellip;]<\/p>\n","protected":false},"author":1,"featured_media":193241,"comment_status":"open","ping_status":"open","sticky":false,"template":"","format":"standard","meta":[],"categories":[53],"tags":[20664,85896,111078,115563],"views":18,"_links":{"self":[{"href":"https:\/\/www.enerjigazetesi.ist\/en\/wp-json\/wp\/v2\/posts\/193237"}],"collection":[{"href":"https:\/\/www.enerjigazetesi.ist\/en\/wp-json\/wp\/v2\/posts"}],"about":[{"href":"https:\/\/www.enerjigazetesi.ist\/en\/wp-json\/wp\/v2\/types\/post"}],"author":[{"embeddable":true,"href":"https:\/\/www.enerjigazetesi.ist\/en\/wp-json\/wp\/v2\/users\/1"}],"replies":[{"embeddable":true,"href":"https:\/\/www.enerjigazetesi.ist\/en\/wp-json\/wp\/v2\/comments?post=193237"}],"version-history":[{"count":0,"href":"https:\/\/www.enerjigazetesi.ist\/en\/wp-json\/wp\/v2\/posts\/193237\/revisions"}],"wp:featuredmedia":[{"embeddable":true,"href":"https:\/\/www.enerjigazetesi.ist\/en\/wp-json\/wp\/v2\/media\/193241"}],"wp:attachment":[{"href":"https:\/\/www.enerjigazetesi.ist\/en\/wp-json\/wp\/v2\/media?parent=193237"}],"wp:term":[{"taxonomy":"category","embeddable":true,"href":"https:\/\/www.enerjigazetesi.ist\/en\/wp-json\/wp\/v2\/categories?post=193237"},{"taxonomy":"post_tag","embeddable":true,"href":"https:\/\/www.enerjigazetesi.ist\/en\/wp-json\/wp\/v2\/tags?post=193237"}],"curies":[{"name":"wp","href":"https:\/\/api.w.org\/{rel}","templated":true}]}}