{"id":193211,"date":"2024-12-09T18:52:59","date_gmt":"2024-12-09T15:52:59","guid":{"rendered":"https:\/\/www.enerjigazetesi.ist\/?p=193211"},"modified":"2024-12-09T18:54:05","modified_gmt":"2024-12-09T15:54:05","slug":"turkiye-yuzyilini-temiz-enerji-yatirim-yuzyili-yapmak-icin-kararliyiz","status":"publish","type":"post","link":"https:\/\/www.enerjigazetesi.ist\/en\/turkiye-yuzyilini-temiz-enerji-yatirim-yuzyili-yapmak-icin-kararliyiz\/","title":{"rendered":"(Turkish) T\u00fcrkiye Y\u00fczy\u0131l\u0131\u2019n\u0131 &#8216;Temiz Enerji Yat\u0131r\u0131m Y\u00fczy\u0131l\u0131&#8217; Yapmak \u0130\u00e7in Kararl\u0131y\u0131z"},"content":{"rendered":"<p class=\"qtranxs-available-languages-message qtranxs-available-languages-message-en\">Sorry, this entry is only available in <a href=\"https:\/\/www.enerjigazetesi.ist\/tr\/wp-json\/wp\/v2\/posts\/193211\" class=\"qtranxs-available-language-link qtranxs-available-language-link-tr\" title=\"Turkish\">Turkish<\/a>. For the sake of viewer convenience, the content is shown below in the alternative language. You may click the link to switch the active language.<\/p><p><\/p>\n<h2>Enerji ve Tabii Kaynaklar Bakan\u0131 Alparslan Bayraktar, \u201cT\u00fcrkiye Y\u00fczy\u0131l\u0131\u2019n\u0131, \u2018Temiz Enerji Yat\u0131r\u0131m Y\u00fczy\u0131l\u0131\u2019 yapmak i\u00e7in kararl\u0131y\u0131z.\u201d dedi.<\/h2>\n<div id=\"attachment_193213\" style=\"width: 510px\" class=\"wp-caption aligncenter\"><img aria-describedby=\"caption-attachment-193213\" loading=\"lazy\" class=\"wp-image-193213\" src=\"https:\/\/www.enerjigazetesi.ist\/wp-content\/uploads\/2024\/12\/turkiye-yuzyilini-temiz-enerji-yatirim-yuzyili-yapmak-icin-kararliyiz.jpg\" alt=\"\" width=\"500\" height=\"329\" srcset=\"https:\/\/www.enerjigazetesi.ist\/wp-content\/uploads\/2024\/12\/turkiye-yuzyilini-temiz-enerji-yatirim-yuzyili-yapmak-icin-kararliyiz.jpg 550w, https:\/\/www.enerjigazetesi.ist\/wp-content\/uploads\/2024\/12\/turkiye-yuzyilini-temiz-enerji-yatirim-yuzyili-yapmak-icin-kararliyiz-300x197.jpg 300w, https:\/\/www.enerjigazetesi.ist\/wp-content\/uploads\/2024\/12\/turkiye-yuzyilini-temiz-enerji-yatirim-yuzyili-yapmak-icin-kararliyiz-500x329.jpg 500w, https:\/\/www.enerjigazetesi.ist\/wp-content\/uploads\/2024\/12\/turkiye-yuzyilini-temiz-enerji-yatirim-yuzyili-yapmak-icin-kararliyiz-76x50.jpg 76w\" sizes=\"(max-width: 500px) 100vw, 500px\" \/><p id=\"caption-attachment-193213\" class=\"wp-caption-text\">Enerji ve Tabii Kaynaklar Bakan\u0131 Alparslan Bayraktar<\/p><\/div>\n<h3><strong>Ak\u0131ll\u0131 Enerji D\u00f6n\u00fc\u015f\u00fcm\u00fc<\/strong><\/h3>\n<p>Bakan Bayraktar, dijitalde \u0130ngilizce yay\u0131n yapan T\u00fcrkiye Today\u2019de \u201c2035 Net S\u0131f\u0131r Hedefine Bir Ad\u0131m Daha Yak\u0131n\u201d ba\u015fl\u0131\u011f\u0131yla bir yaz\u0131 kaleme ald\u0131. Bakan Bayraktar yaz\u0131s\u0131nda, bu y\u0131l Bak\u00fc\u2019de d\u00fczenlenen COP29\u2019un enerji d\u00f6n\u00fc\u015f\u00fcm\u00fc i\u00e7in ak\u0131ll\u0131, yani pratik, esnek, rasyonel ve duyarl\u0131 hedefler ortaya koyulmas\u0131 gerekti\u011fini bir kez daha g\u00f6sterdi\u011fini s\u00f6yledi.<\/p>\n<h3><strong>120 Gigavatl\u0131k Hedef<\/strong><\/h3>\n<p>Bayraktar, Yenilenebilir Enerjide 2035 Yol Haritas\u0131\u2019n\u0131 a\u00e7\u0131klad\u0131klar\u0131n\u0131 ifade ederek bu do\u011frultuda g\u00fcne\u015f ve r\u00fczgar enerjisinde kurulu g\u00fcc\u00fc 4 kat\u0131na \u00e7\u0131kartarak toplam 120 gigavata ula\u015fmay\u0131 hedeflediklerini kaydetti.<\/p>\n<h3><strong>N\u00fckleer Enerji Deklarasyonu\u00a0<\/strong><\/h3>\n<p>N\u00fckleer enerjinin yenilenebilir enerji kaynaklar\u0131n\u0131 desteklemede \u00f6nemli bir rol \u00fcstlenece\u011fini vurgulayan Bayraktar, \u201cGe\u00e7en y\u0131l Dubai\u2019de d\u00fczenlenen COP28\u2019de ABD liderli\u011finde 25 \u00fclke \u2018N\u00fckleer Enerjiyi \u00dc\u00e7 Kat\u0131na \u00c7\u0131karma Deklarasyonu\u2019nu imzalam\u0131\u015ft\u0131. Bu y\u0131l COP29\u2019da T\u00fcrkiye de bu devletlere kat\u0131ld\u0131 ve imzac\u0131 say\u0131s\u0131 31\u2019e \u00e7\u0131kt\u0131. Bu deklarasyon, teknolojideki geli\u015fmeleri, kapasite art\u0131r\u0131m\u0131n\u0131 ve finansman olanaklar\u0131n\u0131 da destekleyecek.\u201d dedi.<\/p>\n<h3><strong>Kurul G\u00fc\u00e7 Hedefi<\/strong><\/h3>\n<p>Bayraktar, Uluslararas\u0131 Yenilenebilir Enerji Ajans\u0131 verilerine g\u00f6re; T\u00fcrkiye\u2019nin toplam yenilenebilir enerji kurulu g\u00fcc\u00fcnde Avrupa\u2019da 5\u2019inci, d\u00fcnyada ise 11\u2019inci s\u0131rada yer ald\u0131\u011f\u0131n\u0131 belirterek <em>\u201cAvrupa\u2019da ilk 3\u2019e, d\u00fcnyada ise ilk 9\u2019a girmeyi hedefliyoruz.\u201d<\/em> diye konu\u015ftu.<\/p>\n<h3><strong>Yat\u0131r\u0131m Planlar\u0131<\/strong><\/h3>\n<p>T\u00fcrkiye\u2019nin 2005-2024 aras\u0131nda yenilenebilir enerji kapasitesini 13 GW\u2019dan 67,5 GW\u2019a \u00e7\u0131kararak 892 milyon ton CO2 emisyonunu engelledi\u011fini kaydeden Bayraktar, yaz\u0131s\u0131nda temiz enerjinin artmas\u0131na destek olacak stratejik altyap\u0131 ve yat\u0131r\u0131m planlar\u0131n\u0131 da anlatt\u0131.<\/p>\n<h3><strong>YEKA ihaleleri<\/strong><\/h3>\n<p>Bayraktar, T\u00fcrkiye\u2019de \u00f6n\u00fcm\u00fczdeki 10 y\u0131lda y\u00fczde 54\u2019l\u00fck bir elektrik talebi art\u0131\u015f\u0131 \u00f6ng\u00f6r\u00fcld\u00fc\u011f\u00fcn\u00fc aktararak bu talebi karbon n\u00f6tr ekonomiyi desteleyen politikalarla kar\u015f\u0131lamak i\u00e7in r\u00fczg\u00e2r ve g\u00fcne\u015fte Yenilenebilir Enerji Kaynak Alanlar\u0131 (YEKA) ihaleleri yapacaklar\u0131n\u0131 bildirdi.<\/p>\n<h3><strong>Uluslararas\u0131 Tahkim Hakk\u0131<\/strong><\/h3>\n<p>YEKA ihaleleri i\u00e7in s\u00f6zle\u015fme \u015fartlar\u0131n\u0131n uluslararas\u0131 yat\u0131r\u0131m standartlar\u0131na uygun olarak yeniden tasarlad\u0131klar\u0131n\u0131 vurgulayan Bayraktar,<em> \u201cYeni d\u00fczenlemeler, dolar \u00fczerinden teklif verilebilmesi ve uluslararas\u0131 tahkim hakk\u0131 bulunmas\u0131 gibi kurallar i\u00e7eriyor. Ayr\u0131ca maliyetler ve \u00fccretler daha uygun hale getirilirken Piyasa Takas Fiyat\u0131 (MCP) ile \u00f6zel sekt\u00f6re daha h\u0131zl\u0131 giri\u015f imk\u00e2n\u0131 sa\u011flanacak.\u201d<\/em> de\u011ferlendirmesini yapt\u0131.<\/p>\n<h3><strong>\u015eebeke Altyap\u0131s\u0131na Yat\u0131r\u0131m<\/strong><\/h3>\n<p>Yenilenebilir enerji kapasitesinin \u015febekeye d\u00fczenli olarak eklenmesinin de \u00f6nemine i\u015faret eden Bayraktar, <em>\u201c2035 y\u0131l\u0131na kadar enterkonneksiyon kapasitemizi ihracatta 6 bin 750 megavata ve ithalatta 6 bin 600 megavata y\u00fckseltecek \u00fclkemizin bir ucundan bir ucuna 90 bin 500 kilometrelik yeni AC hatlar\u0131 planl\u0131yoruz. Bu kapasite 40 GW\u2019l\u0131k y\u00fcksek gerilim do\u011fru ak\u0131m (HVDC) koridoruyla desteklenecek.\u201d<\/em> ifadelerini kulland\u0131.<\/p>\n<p>Bakan Bayraktar, yaz\u0131s\u0131n\u0131 \u201cT\u00fcrkiye Y\u00fczy\u0131l\u0131\u2019n\u0131, \u201cTemiz Enerji Yat\u0131r\u0131m Y\u00fczy\u0131l\u0131\u201d yapmak i\u00e7in kararl\u0131y\u0131z.\u201d s\u00f6zleriyle tamamlad\u0131.<\/p>\n<p>Kaynak: <a href=\"https:\/\/enerji.gov.tr\/haber-detay?id=21411\" target=\"_blank\" rel=\"noopener\">ETKB<\/a><\/p>","protected":false},"excerpt":{"rendered":"<p>Sorry, this entry is only available in Turkish. For the sake of viewer convenience, the content is shown below in the alternative language. You may click the link to switch the active language. Enerji ve Tabii Kaynaklar Bakan\u0131 Alparslan Bayraktar, \u201cT\u00fcrkiye Y\u00fczy\u0131l\u0131\u2019n\u0131, \u2018Temiz Enerji Yat\u0131r\u0131m Y\u00fczy\u0131l\u0131\u2019 yapmak i\u00e7in kararl\u0131y\u0131z.\u201d dedi. Ak\u0131ll\u0131 Enerji D\u00f6n\u00fc\u015f\u00fcm\u00fc Bakan Bayraktar, [&hellip;]<\/p>\n","protected":false},"author":1,"featured_media":193214,"comment_status":"open","ping_status":"open","sticky":false,"template":"","format":"standard","meta":[],"categories":[51,53,49,50],"tags":[431,3646,430,842,115559,115558,115560,32142,105,29074,58674,115525],"views":27,"_links":{"self":[{"href":"https:\/\/www.enerjigazetesi.ist\/en\/wp-json\/wp\/v2\/posts\/193211"}],"collection":[{"href":"https:\/\/www.enerjigazetesi.ist\/en\/wp-json\/wp\/v2\/posts"}],"about":[{"href":"https:\/\/www.enerjigazetesi.ist\/en\/wp-json\/wp\/v2\/types\/post"}],"author":[{"embeddable":true,"href":"https:\/\/www.enerjigazetesi.ist\/en\/wp-json\/wp\/v2\/users\/1"}],"replies":[{"embeddable":true,"href":"https:\/\/www.enerjigazetesi.ist\/en\/wp-json\/wp\/v2\/comments?post=193211"}],"version-history":[{"count":0,"href":"https:\/\/www.enerjigazetesi.ist\/en\/wp-json\/wp\/v2\/posts\/193211\/revisions"}],"wp:featuredmedia":[{"embeddable":true,"href":"https:\/\/www.enerjigazetesi.ist\/en\/wp-json\/wp\/v2\/media\/193214"}],"wp:attachment":[{"href":"https:\/\/www.enerjigazetesi.ist\/en\/wp-json\/wp\/v2\/media?parent=193211"}],"wp:term":[{"taxonomy":"category","embeddable":true,"href":"https:\/\/www.enerjigazetesi.ist\/en\/wp-json\/wp\/v2\/categories?post=193211"},{"taxonomy":"post_tag","embeddable":true,"href":"https:\/\/www.enerjigazetesi.ist\/en\/wp-json\/wp\/v2\/tags?post=193211"}],"curies":[{"name":"wp","href":"https:\/\/api.w.org\/{rel}","templated":true}]}}