{"id":193178,"date":"2024-12-09T16:52:45","date_gmt":"2024-12-09T13:52:45","guid":{"rendered":"https:\/\/www.enerjigazetesi.ist\/?p=193178"},"modified":"2024-12-09T16:52:45","modified_gmt":"2024-12-09T13:52:45","slug":"sedas-usulsuz-ve-kacak-enerji-kullanimina-dikkat-cekti-2","status":"publish","type":"post","link":"https:\/\/www.enerjigazetesi.ist\/en\/sedas-usulsuz-ve-kacak-enerji-kullanimina-dikkat-cekti-2\/","title":{"rendered":"(Turkish) &#8217;SEDA\u015e&#8217; Usuls\u00fcz ve Ka\u00e7ak Enerji Kullan\u0131m\u0131na Dikkat \u00c7ekti"},"content":{"rendered":"<p class=\"qtranxs-available-languages-message qtranxs-available-languages-message-en\">Sorry, this entry is only available in <a href=\"https:\/\/www.enerjigazetesi.ist\/tr\/wp-json\/wp\/v2\/posts\/193178\" class=\"qtranxs-available-language-link qtranxs-available-language-link-tr\" title=\"Turkish\">Turkish<\/a>. For the sake of viewer convenience, the content is shown below in the alternative language. You may click the link to switch the active language.<\/p><p><\/p>\n<h2>Sakarya Elektrik Da\u011f\u0131t\u0131m A.\u015e. (SEDA\u015e), Sakarya, Kocaeli, Bolu ve D\u00fczce faaliyet b\u00f6lgesindeki m\u00fc\u015fterilerini enerjinin usuls\u00fcz\/ka\u00e7ak kullan\u0131m\u0131 konular\u0131nda bilgilendirdi. Yeni konut\/i\u015fyeri alanlar\u0131n, yeni ev veya i\u015fyeri kiralayanlar\u0131n, G\u00f6revli Tedarik \u015eirketi ile kendi \u015fahsi veya t\u00fczel ki\u015filikleri ad\u0131na perakende sat\u0131\u015f s\u00f6zle\u015fmesi (PSS) imzalamadan ve kendi adlar\u0131na abone kay\u0131tlar\u0131n\u0131 yapt\u0131rmadan, kesinlikle elektrik kullanmamalar\u0131 gerekti\u011fine dikkat \u00e7ekti.<\/h2>\n<p style=\"text-align: center;\"><img loading=\"lazy\" class=\"aligncenter wp-image-193181\" src=\"https:\/\/www.enerjigazetesi.ist\/wp-content\/uploads\/2024\/12\/sedas-usulsuz-ve-kacak-enerji-kullanimina-dikkat-cekti-3.jpg\" alt=\"\" width=\"500\" height=\"334\" srcset=\"https:\/\/www.enerjigazetesi.ist\/wp-content\/uploads\/2024\/12\/sedas-usulsuz-ve-kacak-enerji-kullanimina-dikkat-cekti-3.jpg 550w, https:\/\/www.enerjigazetesi.ist\/wp-content\/uploads\/2024\/12\/sedas-usulsuz-ve-kacak-enerji-kullanimina-dikkat-cekti-3-300x200.jpg 300w, https:\/\/www.enerjigazetesi.ist\/wp-content\/uploads\/2024\/12\/sedas-usulsuz-ve-kacak-enerji-kullanimina-dikkat-cekti-3-500x334.jpg 500w, https:\/\/www.enerjigazetesi.ist\/wp-content\/uploads\/2024\/12\/sedas-usulsuz-ve-kacak-enerji-kullanimina-dikkat-cekti-3-75x50.jpg 75w, https:\/\/www.enerjigazetesi.ist\/wp-content\/uploads\/2024\/12\/sedas-usulsuz-ve-kacak-enerji-kullanimina-dikkat-cekti-3-450x300.jpg 450w\" sizes=\"(max-width: 500px) 100vw, 500px\" \/><\/p>\n<p>SEDA\u015e taraf\u0131ndan yap\u0131lan a\u00e7\u0131klamada; <em>\u201c\u0130lk kez kullan\u0131lacak ve abonelik i\u015flemleri daha \u00f6nce yap\u0131lmam\u0131\u015f olan bina\/i\u015fyeri vb. yerlerin \u015firketimiz ile da\u011f\u0131t\u0131m ba\u011flant\u0131 anla\u015fmalar\u0131n\u0131n yap\u0131lmas\u0131 ve bu anla\u015fmalar yap\u0131lmadan \u00f6nce elektrik ba\u011flant\u0131s\u0131n\u0131n da yap\u0131lmam\u0131\u015f olmas\u0131 gerekti\u011fi\u201d <\/em>ifade edildi.<\/p>\n<p>Bununla birlikte <em>\u201cT\u00fcketici Hizmetleri Y\u00f6netmeli\u011fi h\u00fck\u00fcmleri do\u011frultusunda perakende sat\u0131\u015f s\u00f6zle\u015fmesi veya ikili anla\u015fma olmaks\u0131z\u0131n da\u011f\u0131t\u0131m sistemine m\u00fcdahale ederek elektrik enerjisi t\u00fcketilmesi, perakende sat\u0131\u015f s\u00f6zle\u015fmesi veya ikili anla\u015fmas\u0131 mevcutken ayr\u0131 bir hat \u00e7ekmek suretiyle da\u011f\u0131t\u0131m sistemine m\u00fcdahale ederek saya\u00e7tan ge\u00e7irilmeksizin elektrik enerjisi t\u00fcketilmesi, saya\u00e7lara veya \u00f6l\u00e7\u00fc sistemine m\u00fcdahale ederek, t\u00fcketimin do\u011fru tespit edilmesini engellemek suretiyle, eksik veya hatal\u0131 \u00f6l\u00e7\u00fcm yap\u0131lmas\u0131 veya hi\u00e7 \u00f6l\u00e7\u00fclmeden veya yasal \u015fekilde tesis edilmemi\u015f saya\u00e7tan ge\u00e7irilerek, mevzuata ayk\u0131r\u0131 bir \u015fekilde elektrik enerjisi t\u00fcketilmesi, da\u011f\u0131t\u0131m \u015firketi taraf\u0131ndan ilgili mevzuata uygun olarak kesti\u011fi elektrik enerjisinin m\u00fccbir sebep halleri d\u0131\u015f\u0131nda a\u00e7\u0131lmas\u0131 ka\u00e7ak elektrik kullan\u0131m\u0131 olarak de\u011ferlendirilmektedir.\u201d<\/em> ifadelerine yer verildi.<\/p>\n<p>Ka\u00e7ak elektrik kullan\u0131m\u0131yla birlikte usuls\u00fcz elektrik kullan\u0131m\u0131 kaynakl\u0131 sonu\u00e7lar hakk\u0131nda da detayl\u0131 bilgiler aktaran SEDA\u015e yetkilileri; <em>\u201cT\u00fcketici Hizmetleri Y\u00f6netmeli\u011fi h\u00fck\u00fcmleri do\u011frultusunda usuls\u00fcz elektrik enerjisi kullan\u0131mlar\u0131na ili\u015fkin tespitlerde, t\u00fcketicinin y\u00fck\u00fcml\u00fcl\u00fcklerini yerine getirmesi i\u00e7in 15 g\u00fcn s\u00fcre verildi\u011fini belirten kesme ihbar\u0131 b\u0131rak\u0131lmaktad\u0131r. Y\u00fck\u00fcml\u00fcl\u00fcklerini yerine getirmeyen t\u00fcketicilerde ise t\u00fcketicilerin d\u00e2hil oldu\u011fu t\u00fcketici grubundan ait oldu\u011fu y\u0131la ili\u015fkin, Enerji Piyasas\u0131 D\u00fczenleme Kurumu Kurul Karar\u0131 ile belirtilen kesme-ba\u011flama bedelinin 5 kat\u0131 \u00fccret tahsil edilmektedir. Ka\u00e7ak elektrik kullan\u0131m\u0131n\u0131n tespit edilmesi halinde ise Cumhuriyet Savc\u0131l\u0131\u011f\u0131na su\u00e7 duyurusunda bulunuyoruz. Ka\u00e7ak elektrik enerjisi t\u00fcketti\u011fi tespit edilen t\u00fcketicinin, T\u00fcketici Hizmetleri Y\u00f6netmeli\u011finin 44\u2019\u00fcnc\u00fc maddesi \u00e7er\u00e7evesinde hesaplanan t\u00fcketimi, dahil oldu\u011fu t\u00fcketici grubuna ka\u00e7ak elektrik enerjisi t\u00fcketti\u011fi d\u00f6nemde uygulanmakta olan ilgili tarifenin 1,5 kat\u0131 ile \u00e7arp\u0131larak, ka\u00e7ak enerji t\u00fcketim bedeli hesaplanmakta ve bu bedel fatura edilmektedir. T\u00fcketicinin ayn\u0131 veya ba\u015fka bir kullan\u0131m yerinde m\u00fckerrer ka\u00e7ak elektrik enerjisi t\u00fcketti\u011finin tespiti edilmesi durumunda da ka\u00e7ak elektrik enerjisi t\u00fcketiminin tespit edildi\u011fi tarihte y\u00fcr\u00fcrl\u00fckte olan ilgili tarifenin 2 kat\u0131 g\u00f6z \u00f6n\u00fcne al\u0131narak hesaplama yap\u0131lmaktad\u0131r.\u201d \u015feklinde konu\u015ftu.<\/em><\/p>","protected":false},"excerpt":{"rendered":"<p>Sorry, this entry is only available in Turkish. For the sake of viewer convenience, the content is shown below in the alternative language. You may click the link to switch the active language. Sakarya Elektrik Da\u011f\u0131t\u0131m A.\u015e. (SEDA\u015e), Sakarya, Kocaeli, Bolu ve D\u00fczce faaliyet b\u00f6lgesindeki m\u00fc\u015fterilerini enerjinin usuls\u00fcz\/ka\u00e7ak kullan\u0131m\u0131 konular\u0131nda bilgilendirdi. Yeni konut\/i\u015fyeri alanlar\u0131n, yeni [&hellip;]<\/p>\n","protected":false},"author":1,"featured_media":193180,"comment_status":"open","ping_status":"open","sticky":false,"template":"","format":"standard","meta":[],"categories":[51,53],"tags":[115547,115545,115546,115548],"views":14,"_links":{"self":[{"href":"https:\/\/www.enerjigazetesi.ist\/en\/wp-json\/wp\/v2\/posts\/193178"}],"collection":[{"href":"https:\/\/www.enerjigazetesi.ist\/en\/wp-json\/wp\/v2\/posts"}],"about":[{"href":"https:\/\/www.enerjigazetesi.ist\/en\/wp-json\/wp\/v2\/types\/post"}],"author":[{"embeddable":true,"href":"https:\/\/www.enerjigazetesi.ist\/en\/wp-json\/wp\/v2\/users\/1"}],"replies":[{"embeddable":true,"href":"https:\/\/www.enerjigazetesi.ist\/en\/wp-json\/wp\/v2\/comments?post=193178"}],"version-history":[{"count":0,"href":"https:\/\/www.enerjigazetesi.ist\/en\/wp-json\/wp\/v2\/posts\/193178\/revisions"}],"wp:featuredmedia":[{"embeddable":true,"href":"https:\/\/www.enerjigazetesi.ist\/en\/wp-json\/wp\/v2\/media\/193180"}],"wp:attachment":[{"href":"https:\/\/www.enerjigazetesi.ist\/en\/wp-json\/wp\/v2\/media?parent=193178"}],"wp:term":[{"taxonomy":"category","embeddable":true,"href":"https:\/\/www.enerjigazetesi.ist\/en\/wp-json\/wp\/v2\/categories?post=193178"},{"taxonomy":"post_tag","embeddable":true,"href":"https:\/\/www.enerjigazetesi.ist\/en\/wp-json\/wp\/v2\/tags?post=193178"}],"curies":[{"name":"wp","href":"https:\/\/api.w.org\/{rel}","templated":true}]}}