{"id":193163,"date":"2024-12-09T15:56:52","date_gmt":"2024-12-09T12:56:52","guid":{"rendered":"https:\/\/www.enerjigazetesi.ist\/?p=193163"},"modified":"2024-12-09T15:57:07","modified_gmt":"2024-12-09T12:57:07","slug":"oedas-acev-in-baba-destek-programi-na-katildi","status":"publish","type":"post","link":"https:\/\/www.enerjigazetesi.ist\/en\/oedas-acev-in-baba-destek-programi-na-katildi\/","title":{"rendered":"(Turkish) &#8217;OEDA\u015e&#8217; A\u00c7EV\u2019in &#8216;Baba Destek  Program\u0131&#8217;na Kat\u0131ld\u0131"},"content":{"rendered":"<p class=\"qtranxs-available-languages-message qtranxs-available-languages-message-en\">Sorry, this entry is only available in <a href=\"https:\/\/www.enerjigazetesi.ist\/tr\/wp-json\/wp\/v2\/posts\/193163\" class=\"qtranxs-available-language-link qtranxs-available-language-link-tr\" title=\"Turkish\">Turkish<\/a>. For the sake of viewer convenience, the content is shown below in the alternative language. You may click the link to switch the active language.<\/p><p><\/p>\n<h2><strong>Elektrik da\u011f\u0131t\u0131m \u015firketi OEDA\u015e, Anne \u00c7ocuk E\u011fitim Vakf\u0131 (A\u00c7EV) taraf\u0131ndan d\u00fczenlenen \u2018Baba Destek Program\u0131\u2019na kat\u0131ld\u0131. Babalar\u0131n \u00e7ocuklar\u0131n\u0131n geli\u015fiminde daha fazla sorumluluk \u00fcstlenmesini, \u00e7ocuklar\u0131yla kaliteli ve sa\u011fl\u0131k zaman ge\u00e7irmesini hedefleyen program kapsam\u0131nda OEDA\u015e\u2019\u0131n 3-11 ya\u015f aral\u0131\u011f\u0131nda \u00e7ocu\u011fu olan mavi yaka erkek \u00e7al\u0131\u015fanlar\u0131 farkl\u0131 konularda e\u011fitim alacak.<\/strong><\/h2>\n<p style=\"text-align: center;\"><img loading=\"lazy\" class=\"aligncenter wp-image-193167\" src=\"https:\/\/www.enerjigazetesi.ist\/wp-content\/uploads\/2024\/12\/oedas-acev-in-baba-destek-programi-na-katildi-1.jpg\" alt=\"\" width=\"500\" height=\"430\" srcset=\"https:\/\/www.enerjigazetesi.ist\/wp-content\/uploads\/2024\/12\/oedas-acev-in-baba-destek-programi-na-katildi-1.jpg 550w, https:\/\/www.enerjigazetesi.ist\/wp-content\/uploads\/2024\/12\/oedas-acev-in-baba-destek-programi-na-katildi-1-300x258.jpg 300w, https:\/\/www.enerjigazetesi.ist\/wp-content\/uploads\/2024\/12\/oedas-acev-in-baba-destek-programi-na-katildi-1-465x400.jpg 465w, https:\/\/www.enerjigazetesi.ist\/wp-content\/uploads\/2024\/12\/oedas-acev-in-baba-destek-programi-na-katildi-1-58x50.jpg 58w, https:\/\/www.enerjigazetesi.ist\/wp-content\/uploads\/2024\/12\/oedas-acev-in-baba-destek-programi-na-katildi-1-500x430.jpg 500w\" sizes=\"(max-width: 500px) 100vw, 500px\" \/><\/p>\n<p>Afyonkarahisar, Bilecik, Eski\u015fehir, K\u00fctahya ve U\u015fak\u2019ta elektrik da\u011f\u0131t\u0131m hizmeti sa\u011flayan <strong>Osmangazi Elektrik Da\u011f\u0131t\u0131m A\u015e (OEDA\u015e), <\/strong>Anne \u00c7ocuk E\u011fitim Vakf\u0131 (A\u00c7EV) taraf\u0131ndan d\u00fczenlenen \u2018Baba Destek Program\u0131\u2019na kat\u0131ld\u0131. Program ile 3-11 ya\u015f aras\u0131 \u00e7ocu\u011fu olan babalara destek verilerek \u00e7ocu\u011fun \u00e7ok y\u00f6nl\u00fc geli\u015fimine katk\u0131 sa\u011flanmas\u0131 ama\u00e7lan\u0131yor.<\/p>\n<p>Babalar\u0131n \u00e7ocuklar\u0131n\u0131n geli\u015fiminde daha fazla sorumluluk \u00fcstlenmesi, \u00e7ocuklar\u0131yla kaliteli zaman ge\u00e7irmesi, sa\u011fl\u0131kl\u0131, do\u011fru ileti\u015fim kurabilmesi, \u00e7ocuklar\u0131n\u0131n ihtiya\u00e7lar\u0131 konusunda bilgilenmeleri gibi konular\u0131 kapsayan \u00fc\u00e7 ayl\u0131k programda her hafta farkl\u0131 bir konu uzmanlar taraf\u0131ndan ele al\u0131nacak.<\/p>\n<h3><strong>Muzaffer Yal\u00e7\u0131n: \u201c\u00c7al\u0131\u015fanlar\u0131m\u0131z\u0131n Ki\u015fisel ve Sosyal Geli\u015fimlerini \u00d6nemsiyoruz\u201d<\/strong><\/h3>\n<p style=\"text-align: center;\"><img loading=\"lazy\" class=\"aligncenter wp-image-193166\" src=\"https:\/\/www.enerjigazetesi.ist\/wp-content\/uploads\/2024\/12\/oedas-acev-in-baba-destek-programi-na-katildi-2.jpg\" alt=\"\" width=\"500\" height=\"331\" srcset=\"https:\/\/www.enerjigazetesi.ist\/wp-content\/uploads\/2024\/12\/oedas-acev-in-baba-destek-programi-na-katildi-2.jpg 550w, https:\/\/www.enerjigazetesi.ist\/wp-content\/uploads\/2024\/12\/oedas-acev-in-baba-destek-programi-na-katildi-2-300x199.jpg 300w, https:\/\/www.enerjigazetesi.ist\/wp-content\/uploads\/2024\/12\/oedas-acev-in-baba-destek-programi-na-katildi-2-500x331.jpg 500w, https:\/\/www.enerjigazetesi.ist\/wp-content\/uploads\/2024\/12\/oedas-acev-in-baba-destek-programi-na-katildi-2-76x50.jpg 76w\" sizes=\"(max-width: 500px) 100vw, 500px\" \/><\/p>\n<p>\u0130\u015fveren markas\u0131 yakla\u015f\u0131mlar\u0131 kapsam\u0131nda \u00e7al\u0131\u015fanlar\u0131n\u0131n mesleki hayatlar\u0131 kadar ki\u015fisel ve sosyal geli\u015fimlerine de \u00f6nem verdiklerini s\u00f6yleyen <strong>OEDA\u015e Direkt\u00f6r\u00fc Muzaffer Yal\u00e7\u0131n,<\/strong> <em>\u201c\u00c7ocuklar\u0131n bak\u0131m\u0131 ve sorumlulu\u011fu genellikle annelere atfediliyor ve bu durum, babalar ile \u00e7ocuklar aras\u0131ndaki ba\u011f\u0131 zay\u0131flatabiliyor. A\u00c7EV\u2019in bu de\u011ferli program\u0131 hem daha sa\u011fl\u0131kl\u0131 aile ortamlar\u0131n\u0131n olu\u015fturulmas\u0131na hem de topluma duyarl\u0131 nesiller yeti\u015ftirilmesine \u00f6nemli katk\u0131lar sa\u011fl\u0131yor. \u00d6te yandan \u00e7al\u0131\u015fanlar\u0131m\u0131z\u0131n programa g\u00f6sterdi\u011fi ilgi, onlar\u0131n yaln\u0131zca i\u015f hayatlar\u0131nda de\u011fil, \u00f6zel hayatlar\u0131nda da fark yaratma arzusunu ortaya koyuyor.\u201d<\/em> diye konu\u015ftu.<\/p>","protected":false},"excerpt":{"rendered":"<p>Sorry, this entry is only available in Turkish. For the sake of viewer convenience, the content is shown below in the alternative language. You may click the link to switch the active language. Elektrik da\u011f\u0131t\u0131m \u015firketi OEDA\u015e, Anne \u00c7ocuk E\u011fitim Vakf\u0131 (A\u00c7EV) taraf\u0131ndan d\u00fczenlenen \u2018Baba Destek Program\u0131\u2019na kat\u0131ld\u0131. Babalar\u0131n \u00e7ocuklar\u0131n\u0131n geli\u015fiminde daha fazla sorumluluk \u00fcstlenmesini, [&hellip;]<\/p>\n","protected":false},"author":1,"featured_media":193165,"comment_status":"open","ping_status":"open","sticky":false,"template":"","format":"standard","meta":[],"categories":[51,53],"tags":[115540,115541,9749,7471],"views":25,"_links":{"self":[{"href":"https:\/\/www.enerjigazetesi.ist\/en\/wp-json\/wp\/v2\/posts\/193163"}],"collection":[{"href":"https:\/\/www.enerjigazetesi.ist\/en\/wp-json\/wp\/v2\/posts"}],"about":[{"href":"https:\/\/www.enerjigazetesi.ist\/en\/wp-json\/wp\/v2\/types\/post"}],"author":[{"embeddable":true,"href":"https:\/\/www.enerjigazetesi.ist\/en\/wp-json\/wp\/v2\/users\/1"}],"replies":[{"embeddable":true,"href":"https:\/\/www.enerjigazetesi.ist\/en\/wp-json\/wp\/v2\/comments?post=193163"}],"version-history":[{"count":0,"href":"https:\/\/www.enerjigazetesi.ist\/en\/wp-json\/wp\/v2\/posts\/193163\/revisions"}],"wp:featuredmedia":[{"embeddable":true,"href":"https:\/\/www.enerjigazetesi.ist\/en\/wp-json\/wp\/v2\/media\/193165"}],"wp:attachment":[{"href":"https:\/\/www.enerjigazetesi.ist\/en\/wp-json\/wp\/v2\/media?parent=193163"}],"wp:term":[{"taxonomy":"category","embeddable":true,"href":"https:\/\/www.enerjigazetesi.ist\/en\/wp-json\/wp\/v2\/categories?post=193163"},{"taxonomy":"post_tag","embeddable":true,"href":"https:\/\/www.enerjigazetesi.ist\/en\/wp-json\/wp\/v2\/tags?post=193163"}],"curies":[{"name":"wp","href":"https:\/\/api.w.org\/{rel}","templated":true}]}}