{"id":193146,"date":"2024-12-09T17:57:56","date_gmt":"2024-12-09T14:57:56","guid":{"rendered":"https:\/\/www.enerjigazetesi.ist\/?p=193146"},"modified":"2024-12-09T18:15:11","modified_gmt":"2024-12-09T15:15:11","slug":"elektrikte-daha-fazla-fatura-odememek-icin-cozum-gunes-santrali-yatirimlari","status":"publish","type":"post","link":"https:\/\/www.enerjigazetesi.ist\/en\/elektrikte-daha-fazla-fatura-odememek-icin-cozum-gunes-santrali-yatirimlari\/","title":{"rendered":"(Turkish) Elektrikte Daha Fazla Fatura \u00d6dememek \u0130\u00e7in \u00c7\u00f6z\u00fcm &#8216;G\u00fcne\u015f Santrali Yat\u0131r\u0131mlar\u0131'"},"content":{"rendered":"<p class=\"qtranxs-available-languages-message qtranxs-available-languages-message-en\">Sorry, this entry is only available in <a href=\"https:\/\/www.enerjigazetesi.ist\/tr\/wp-json\/wp\/v2\/posts\/193146\" class=\"qtranxs-available-language-link qtranxs-available-language-link-tr\" title=\"Turkish\">Turkish<\/a>. For the sake of viewer convenience, the content is shown below in the alternative language. You may click the link to switch the active language.<\/p><p><\/p>\n<h2>Elektrik enerjisinin devlet deste\u011fiyle maliyetlerin azalt\u0131larak t\u00fcketiciye daha d\u00fc\u015f\u00fck fiyattan sunulmas\u0131yla ger\u00e7ekle\u015ftirilen s\u00fcbvansiyonlar, 1 Ocak 2025 tarihinden itibaren y\u0131ll\u0131k 5.000 kWh \u00fczeri enerji t\u00fcketimi yapan mesken ve 15.000 kWh \u00fczeri enerji t\u00fcketimi yapan ticari aboneleri i\u00e7in kald\u0131r\u0131lacak.<\/h2>\n<p><img loading=\"lazy\" class=\"size-full wp-image-193147 aligncenter\" src=\"https:\/\/www.enerjigazetesi.ist\/wp-content\/uploads\/2024\/12\/enerji-gazetesi-5-1-h-500x331-1.jpg\" alt=\"\" width=\"500\" height=\"331\" srcset=\"https:\/\/www.enerjigazetesi.ist\/wp-content\/uploads\/2024\/12\/enerji-gazetesi-5-1-h-500x331-1.jpg 500w, https:\/\/www.enerjigazetesi.ist\/wp-content\/uploads\/2024\/12\/enerji-gazetesi-5-1-h-500x331-1-300x199.jpg 300w, https:\/\/www.enerjigazetesi.ist\/wp-content\/uploads\/2024\/12\/enerji-gazetesi-5-1-h-500x331-1-76x50.jpg 76w\" sizes=\"(max-width: 500px) 100vw, 500px\" \/><\/p>\n<p>\u00d6zellikle sanayi abonelerinin \u00f6demeleri gereken kWh ba\u015f\u0131na elektrik enerjisi birim fiyat\u0131 \u015fu an 4,5 &#8211; 5 TL\u2019dir. Yukar\u0131da belirtilen s\u00fcbvansiyonlar\u0131n da kald\u0131r\u0131lmas\u0131 ile daha fazla enerji maliyeti bu abonelerin kar\u015f\u0131s\u0131na \u00e7\u0131kacak. Bu maliyetlere gerek kalmadan bir abone, GES kurulumunu yapt\u0131\u011f\u0131 takdirde \u00fcretti\u011fi enerjiyi kullan\u0131p, ayr\u0131ca ayl\u0131k mahsupla\u015fma ile fazla enerjinin \u015febekeye sat\u0131\u015f\u0131n\u0131 da sa\u011flayabilecek.<\/p>\n<p>Do\u011fal kaynaklar arac\u0131l\u0131\u011f\u0131yla enerji \u00fcretimi, kullan\u0131m\u0131 ve fazlas\u0131n\u0131n sat\u0131\u015f\u0131n\u0131n yap\u0131lmas\u0131 i\u00e7in y\u00fcr\u00fcrl\u00fc\u011fe getirilen Lisanss\u0131z Elektrik \u00dcretim Y\u00f6netmeli\u011fi\u2019nde yap\u0131lan birtak\u0131m de\u011fi\u015fiklikler ile birlikte ger\u00e7ek ve t\u00fczel yat\u0131r\u0131mc\u0131lar\u0131n 5.1.h maddesi kapsam\u0131nda arazi ve \u00e7at\u0131 \u00fczerine G\u00fcne\u015f Enerji Santrali (GES) kurmalar\u0131n\u0131n \u00f6n\u00fc a\u00e7\u0131lm\u0131\u015f oldu.<\/p>\n<p>Tar\u0131ma elveri\u015fli olmayan alanlarda yap\u0131lan GES\u2019ler ile ki\u015filerin elektrik ihtiya\u00e7lar\u0131n\u0131n tamam\u0131n\u0131n kar\u015f\u0131lanmas\u0131 sa\u011flanabilmektedir. 2021 y\u0131l\u0131nda ayn\u0131 da\u011f\u0131t\u0131m b\u00f6lgesinde olmak \u015fart\u0131 ile ba\u015fvuru sahibi ki\u015fi veya kurumlar\u0131n ayn\u0131 tarife grubundaki abonelikleri tek bir noktada kurulacak GES ile kar\u015f\u0131lanabiliyorken, 2022 y\u0131l\u0131nda gelen bir de\u011fi\u015fiklikle ayn\u0131 da\u011f\u0131t\u0131m b\u00f6lgesinde olma \u015fart\u0131 aranm\u0131yor.<\/p>\n<p>Bu de\u011fi\u015fiklik ile yat\u0131r\u0131mc\u0131lar, s\u00f6zle\u015fme g\u00fcc\u00fcn\u00fcn iki kat\u0131 kadar t\u00fcketim noktas\u0131ndan farkl\u0131 yerde olan arazilerine GES kurabilecek. Bu durum, yat\u0131r\u0131mc\u0131lara co\u011frafi olarak daha fazla esneklik sunmakla beraber kendilerine projelerini daha geni\u015f b\u00f6lgelere yayma imkan\u0131 sa\u011flamaktad\u0131r.<\/p>\n<p>Ayr\u0131ca <span style=\"text-decoration: underline;\">yat\u0131r\u0131mc\u0131lar;<\/span><\/p>\n<p>&#8211; \u00dcretim fazlas\u0131 olan enerjiyi tedarik \u015firketine satabilir,<\/p>\n<p>&#8211; Saatlik yerine ayl\u0131k mahsupla\u015fma imkan\u0131 sa\u011flayabilir,<\/p>\n<p>&#8211; T\u00fcketim birle\u015ftirme konusunda, farkl\u0131 noktalarda yer alan \u00e7at\u0131 GES projeleri i\u00e7in de y\u00f6netmeli\u011fin bu maddesinden yararlanabilmektedir.<\/p>\n<p>Genellikle 4-5 y\u0131lda kendini amorti eden Arazi GES\u2019lerde kullan\u0131lan panellerin \u00fcr\u00fcn garantisi 10 y\u0131l, performans garantisi ise 25 y\u0131ld\u0131r.<\/p>\n<p>Ayr\u0131ca yerli \u00fcretim \u00fcr\u00fcnler kullan\u0131ld\u0131\u011f\u0131nda ise tesisin devreye al\u0131m\u0131 sonras\u0131 devlet taraf\u0131ndan yat\u0131r\u0131mc\u0131lar\u0131n kendilerine verilen belirli te\u015fviklerden (Yat\u0131r\u0131m Te\u015fvik Belgesi vs.) de yararlanma imkan\u0131 mevcuttur.<\/p>\n<p>Finans kurulu\u015flar\u0131 arazi \/ \u00e7at\u0131 GES kurulumu i\u00e7in uygun geri \u00f6deme taksit imkanlar\u0131 ve \u00e7e\u015fitli banka avantajlar\u0131 gibi konularda yat\u0131r\u0131mc\u0131lara ve s\u00fcrd\u00fcr\u00fclebilir enerjiye katk\u0131 sa\u011flamaktad\u0131r.<\/p>\n<p>T\u00fcrkiye \u00e7ap\u0131nda hizmet sunmakta olan anla\u015fmal\u0131 EPC firmalar\u0131; arazi GES\u2019lerde projelendirme, teklif, kurulum ve devreye alma s\u00fcre\u00e7lerinde siz de\u011ferli yat\u0131r\u0131mc\u0131lara en uygun \u00e7\u00f6z\u00fcm\u00fc sunmaktad\u0131r.<\/p>\n<p><strong>Daha Detayl\u0131 Bilgi ve Sorular\u0131n\u0131z \u0130\u00e7in\u2013&gt;<\/strong> M\u00fch. Emrecan Y\u00dcCEL \u2013 <a href=\"mailto:emrecan.yucel@enerjigazetesi.ist\">emrecan.yucel@enerjigazetesi.ist<\/a>\u00a0\u2013\u00a0<strong>Whatsapp\/Gsm:<\/strong> +90 534 606 40 36<\/p>","protected":false},"excerpt":{"rendered":"<p>Sorry, this entry is only available in Turkish. For the sake of viewer convenience, the content is shown below in the alternative language. You may click the link to switch the active language. Elektrik enerjisinin devlet deste\u011fiyle maliyetlerin azalt\u0131larak t\u00fcketiciye daha d\u00fc\u015f\u00fck fiyattan sunulmas\u0131yla ger\u00e7ekle\u015ftirilen s\u00fcbvansiyonlar, 1 Ocak 2025 tarihinden itibaren y\u0131ll\u0131k 5.000 kWh \u00fczeri [&hellip;]<\/p>\n","protected":false},"author":21,"featured_media":193147,"comment_status":"open","ping_status":"open","sticky":false,"template":"","format":"standard","meta":[],"categories":[53,49],"tags":[115556,36606,34990,29013,2569,842,105],"views":36,"_links":{"self":[{"href":"https:\/\/www.enerjigazetesi.ist\/en\/wp-json\/wp\/v2\/posts\/193146"}],"collection":[{"href":"https:\/\/www.enerjigazetesi.ist\/en\/wp-json\/wp\/v2\/posts"}],"about":[{"href":"https:\/\/www.enerjigazetesi.ist\/en\/wp-json\/wp\/v2\/types\/post"}],"author":[{"embeddable":true,"href":"https:\/\/www.enerjigazetesi.ist\/en\/wp-json\/wp\/v2\/users\/21"}],"replies":[{"embeddable":true,"href":"https:\/\/www.enerjigazetesi.ist\/en\/wp-json\/wp\/v2\/comments?post=193146"}],"version-history":[{"count":0,"href":"https:\/\/www.enerjigazetesi.ist\/en\/wp-json\/wp\/v2\/posts\/193146\/revisions"}],"wp:featuredmedia":[{"embeddable":true,"href":"https:\/\/www.enerjigazetesi.ist\/en\/wp-json\/wp\/v2\/media\/193147"}],"wp:attachment":[{"href":"https:\/\/www.enerjigazetesi.ist\/en\/wp-json\/wp\/v2\/media?parent=193146"}],"wp:term":[{"taxonomy":"category","embeddable":true,"href":"https:\/\/www.enerjigazetesi.ist\/en\/wp-json\/wp\/v2\/categories?post=193146"},{"taxonomy":"post_tag","embeddable":true,"href":"https:\/\/www.enerjigazetesi.ist\/en\/wp-json\/wp\/v2\/tags?post=193146"}],"curies":[{"name":"wp","href":"https:\/\/api.w.org\/{rel}","templated":true}]}}