{"id":193143,"date":"2024-12-07T17:43:09","date_gmt":"2024-12-07T14:43:09","guid":{"rendered":"https:\/\/www.enerjigazetesi.ist\/?p=193143"},"modified":"2025-05-19T12:23:39","modified_gmt":"2025-05-19T09:23:39","slug":"turkiyenin-ilk-yuzer-ges-zirvesi-adiyamanda-yapildi","status":"publish","type":"post","link":"https:\/\/www.enerjigazetesi.ist\/en\/turkiyenin-ilk-yuzer-ges-zirvesi-adiyamanda-yapildi\/","title":{"rendered":"(Turkish) T\u00fcrkiye&#8217;nin \u0130lk Y\u00fczer GES Zirvesi Ad\u0131yaman&#8217;da Yap\u0131ld\u0131"},"content":{"rendered":"<p class=\"qtranxs-available-languages-message qtranxs-available-languages-message-en\">Sorry, this entry is only available in <a href=\"https:\/\/www.enerjigazetesi.ist\/tr\/wp-json\/wp\/v2\/posts\/193143\" class=\"qtranxs-available-language-link qtranxs-available-language-link-tr\" title=\"Turkish\">Turkish<\/a>. For the sake of viewer convenience, the content is shown below in the alternative language. You may click the link to switch the active language.<\/p><p><\/p>\n<h2>Ad\u0131yaman \u00dcniversitesi taraf\u0131ndan SANKO Enerji&#8217;nin ana sponsorlu\u011funda d\u00fczenlenen T\u00fcrkiye&#8217;nin ilk tematik &#8220;Y\u00fczer G\u00fcne\u015f Enerjisi Sistemleri Zirvesi&#8217; 5 Aral\u0131k&#8217;ta Ad\u0131yaman&#8217;da ger\u00e7ekle\u015ftirildi.<\/h2>\n<p><img loading=\"lazy\" class=\"aligncenter wp-image-193144\" src=\"https:\/\/www.enerjigazetesi.ist\/wp-content\/uploads\/2024\/12\/turkiye-nin-ilk-tematik-yuzer-ges-zirvesi-adiyaman-da-duzenlendi-93695-1.webp\" alt=\"\" width=\"500\" height=\"333\" srcset=\"https:\/\/www.enerjigazetesi.ist\/wp-content\/uploads\/2024\/12\/turkiye-nin-ilk-tematik-yuzer-ges-zirvesi-adiyaman-da-duzenlendi-93695-1.webp 1280w, https:\/\/www.enerjigazetesi.ist\/wp-content\/uploads\/2024\/12\/turkiye-nin-ilk-tematik-yuzer-ges-zirvesi-adiyaman-da-duzenlendi-93695-1-300x200.webp 300w, https:\/\/www.enerjigazetesi.ist\/wp-content\/uploads\/2024\/12\/turkiye-nin-ilk-tematik-yuzer-ges-zirvesi-adiyaman-da-duzenlendi-93695-1-1024x682.webp 1024w, https:\/\/www.enerjigazetesi.ist\/wp-content\/uploads\/2024\/12\/turkiye-nin-ilk-tematik-yuzer-ges-zirvesi-adiyaman-da-duzenlendi-93695-1-768x511.webp 768w, https:\/\/www.enerjigazetesi.ist\/wp-content\/uploads\/2024\/12\/turkiye-nin-ilk-tematik-yuzer-ges-zirvesi-adiyaman-da-duzenlendi-93695-1-500x333.webp 500w, https:\/\/www.enerjigazetesi.ist\/wp-content\/uploads\/2024\/12\/turkiye-nin-ilk-tematik-yuzer-ges-zirvesi-adiyaman-da-duzenlendi-93695-1-75x50.webp 75w, https:\/\/www.enerjigazetesi.ist\/wp-content\/uploads\/2024\/12\/turkiye-nin-ilk-tematik-yuzer-ges-zirvesi-adiyaman-da-duzenlendi-93695-1-450x300.webp 450w\" sizes=\"(max-width: 500px) 100vw, 500px\" \/><\/p>\n<p>G\u00fcneydo\u011fu Enerji Ara\u015ft\u0131rmalar\u0131 Derne\u011fi (GEADER) i\u015f birli\u011fiyle ger\u00e7ekle\u015ftirilen zirvede, Ad\u0131yaman \u00dcniversitesi Rekt\u00f6r\u00fc Prof. Dr. Mehmet Kele\u015f, kamu ve \u00f6zel sekt\u00f6r temsilcileri, akademisyenler ve yenilenebilir enerji alan\u0131nda uzman isimler yer ald\u0131.<\/p>\n<p>Zirve, Gebze Teknik \u00dcniversitesi \u00d6\u011fretim \u00dcyesi ve TENMAK Kurucu Ba\u015fkan\u0131 Prof. Dr. Abdulkadir Bal\u0131k\u00e7\u0131&#8217;n\u0131n moderat\u00f6rl\u00fc\u011f\u00fcnde d\u00fczenlenen &#8220;Mevzuat Oturumu&#8221; ile ba\u015flad\u0131. Ard\u0131ndan, GEADER Genel Ba\u015fkan\u0131 ve R\u00fb Enerji CEO&#8217;su \u00d6mer \u00c7elebi moderat\u00f6rl\u00fc\u011f\u00fcnde &#8220;Mevcut Kullan\u0131m ve Potansiyel \u0130htiya\u00e7lar Oturumu&#8221; ile devam etti. En son &#8220;Ar-Ge ve \u00c7evresel Etki Oturumu&#8221; ise Gaziantep Elektrik M\u00fchendisleri Odas\u0131 \u015eube Ba\u015fkan\u0131 \u0130slim Ar\u0131kan&#8217;\u0131n moderat\u00f6rl\u00fc\u011f\u00fcnde yap\u0131ld\u0131.<\/p>\n<p>Yenilenebilir enerji sistemleri alan\u0131nda uzman akademisyenlerin ve sekt\u00f6r temsilcilerinin sunumlar\u0131n\u0131 ger\u00e7ekle\u015ftirdi\u011fi oturumlarda; <strong>Y\u00fczer GES uygulamalar\u0131n\u0131n mevcut durumlar\u0131, yasal d\u00fczenlemeler, \u00e7evresel etkiler ve sekt\u00f6rel ihtiya\u00e7lar<\/strong> konular\u0131 konu\u015fuldu. Ayr\u0131ca, yenilenebilir enerji kaynaklar\u0131n\u0131n s\u00fcrd\u00fcr\u00fclebilir ve verimli kullan\u0131m\u0131 ile yenilik\u00e7i teknolojiler ve politikalar\u0131n geli\u015ftirilmesi konular\u0131nda d\u00fc\u015f\u00fcnceler belirtildi. Sekt\u00f6rdeki payda\u015flar\u0131 bir araya getirerek ulusal d\u00fczeyde i\u015f birli\u011finin art\u0131r\u0131lmas\u0131na ve \u00f6zellikle Y\u00fczer GES konusunda fark\u0131ndal\u0131k olu\u015fturulmas\u0131na \u00f6nemli katk\u0131 sa\u011flayan zirve, genel de\u011ferlendirme ve kapan\u0131\u015f t\u00f6reniyle sona erdi.<\/p>\n<p>GEADER Genel Ba\u015fkan\u0131 \u00c7elebi,\u00a0 Y\u00fczer GES&#8217;lerin \u00f6nemini vurgulayarak karasal GES&#8217;lere g\u00f6re daha verimli oldu\u011funu ve Ad\u0131yaman gibi g\u00fcne\u015flenme s\u00fcresi uzun olan b\u00f6lgelerde \u00f6zellikle avantajl\u0131 oldu\u011funu belirtti. \u00d6zellikle Atat\u00fcrk Baraj\u0131 gibi b\u00fcy\u00fck su kaynaklar\u0131 \u00fczerinde kurulabilecek y\u00fczer GES&#8217;lerin T\u00fcrkiye&#8217;nin enerji ihtiyac\u0131na ve politikalar\u0131na \u00f6nemli katk\u0131lar sa\u011flayabilece\u011fini ifade etti. Bu zirvede y\u00fczer GES&#8217;lerin g\u00fcvenli\u011fi, \u00e7evresel etkileri ve enerji \u00fcretim verimlili\u011fi gibi konular\u0131n detayl\u0131 olarak ele al\u0131nd\u0131\u011f\u0131n\u0131 ve elde edilen sonu\u00e7lar\u0131n ilgili kurumlara sunulaca\u011f\u0131n\u0131 s\u00f6yledi.<\/p>\n<p>Ad\u0131yaman \u00dcniversitesi Rekt\u00f6r\u00fc Prof. Dr. Mehmet Kele\u015f, y\u00fczer GES&#8217;lerin baraj g\u00f6llerinde g\u00fcne\u015f enerjisinden elektrik \u00fcretimi i\u00e7in kullan\u0131lan bir sistem oldu\u011funu ve Ad\u0131yaman&#8217;\u0131n bu konuda b\u00fcy\u00fck bir potansiyele sahip oldu\u011funu vurgulam\u0131\u015ft\u0131r. Avrupa&#8217;n\u0131n en b\u00fcy\u00fck baraj g\u00f6l\u00fcn\u00fcn yer ald\u0131\u011f\u0131 Ad\u0131yaman&#8217;\u0131n, y\u00fczer GES&#8217;lerden maksimum fayda sa\u011flamas\u0131 gerekti\u011fini belirtmi\u015ftir. \u00d6zellikle, y\u00fczer GES&#8217;lerden \u00fcretilen enerjinin sulu tar\u0131ma ge\u00e7i\u015f i\u00e7in kullan\u0131lmas\u0131yla tar\u0131m \u00fcr\u00fcnlerinde art\u0131\u015f olaca\u011f\u0131 ve bu sayede hem ilin hem de \u00fclkenin ekonomisine katk\u0131 sa\u011flayaca\u011f\u0131 \u00fczerinde durmu\u015ftur. Rekt\u00f6r, bu zirvenin Ad\u0131yaman&#8217;\u0131n y\u00fczer GES&#8217;ler konusunda bir merkez haline gelmesi i\u00e7in \u00f6nemli bir ad\u0131m oldu\u011funu ifade etti.<\/p>\n<p><strong>Yay\u0131na Alan:<\/strong>\u00a0Emrecan Y\u00dcCEL \u2013 Enerji Sistemleri M\u00fchendisi \u2013\u00a0<a href=\"mailto:emrecan.yucel@enerjigazetesi.ist\">emrecan.yucel@enerjigazetesi.ist<\/a><\/p>","protected":false},"excerpt":{"rendered":"<p>Sorry, this entry is only available in Turkish. For the sake of viewer convenience, the content is shown below in the alternative language. You may click the link to switch the active language. Ad\u0131yaman \u00dcniversitesi taraf\u0131ndan SANKO Enerji&#8217;nin ana sponsorlu\u011funda d\u00fczenlenen T\u00fcrkiye&#8217;nin ilk tematik &#8220;Y\u00fczer G\u00fcne\u015f Enerjisi Sistemleri Zirvesi&#8217; 5 Aral\u0131k&#8217;ta Ad\u0131yaman&#8217;da ger\u00e7ekle\u015ftirildi. G\u00fcneydo\u011fu Enerji [&hellip;]<\/p>\n","protected":false},"author":21,"featured_media":193144,"comment_status":"open","ping_status":"open","sticky":false,"template":"","format":"standard","meta":[],"categories":[53,49],"tags":[3115,63,67,1009,165,2326,227,115538,105,23002],"views":34,"_links":{"self":[{"href":"https:\/\/www.enerjigazetesi.ist\/en\/wp-json\/wp\/v2\/posts\/193143"}],"collection":[{"href":"https:\/\/www.enerjigazetesi.ist\/en\/wp-json\/wp\/v2\/posts"}],"about":[{"href":"https:\/\/www.enerjigazetesi.ist\/en\/wp-json\/wp\/v2\/types\/post"}],"author":[{"embeddable":true,"href":"https:\/\/www.enerjigazetesi.ist\/en\/wp-json\/wp\/v2\/users\/21"}],"replies":[{"embeddable":true,"href":"https:\/\/www.enerjigazetesi.ist\/en\/wp-json\/wp\/v2\/comments?post=193143"}],"version-history":[{"count":0,"href":"https:\/\/www.enerjigazetesi.ist\/en\/wp-json\/wp\/v2\/posts\/193143\/revisions"}],"wp:featuredmedia":[{"embeddable":true,"href":"https:\/\/www.enerjigazetesi.ist\/en\/wp-json\/wp\/v2\/media\/193144"}],"wp:attachment":[{"href":"https:\/\/www.enerjigazetesi.ist\/en\/wp-json\/wp\/v2\/media?parent=193143"}],"wp:term":[{"taxonomy":"category","embeddable":true,"href":"https:\/\/www.enerjigazetesi.ist\/en\/wp-json\/wp\/v2\/categories?post=193143"},{"taxonomy":"post_tag","embeddable":true,"href":"https:\/\/www.enerjigazetesi.ist\/en\/wp-json\/wp\/v2\/tags?post=193143"}],"curies":[{"name":"wp","href":"https:\/\/api.w.org\/{rel}","templated":true}]}}