{"id":193047,"date":"2024-12-02T17:57:49","date_gmt":"2024-12-02T14:57:49","guid":{"rendered":"https:\/\/www.enerjigazetesi.ist\/?p=193047"},"modified":"2024-12-02T18:01:02","modified_gmt":"2024-12-02T15:01:02","slug":"balikciligi-ve-bolge-kadinlarini-guclendiren-projenin-ilk-yili-tamamlandi","status":"publish","type":"post","link":"https:\/\/www.enerjigazetesi.ist\/en\/balikciligi-ve-bolge-kadinlarini-guclendiren-projenin-ilk-yili-tamamlandi\/","title":{"rendered":"(Turkish) Bal\u0131k\u00e7\u0131l\u0131\u011f\u0131 ve B\u00f6lge Kad\u0131nlar\u0131n\u0131 G\u00fc\u00e7lendiren Projenin \u0130lk Y\u0131l\u0131 Tamamland\u0131"},"content":{"rendered":"<p class=\"qtranxs-available-languages-message qtranxs-available-languages-message-en\">Sorry, this entry is only available in <a href=\"https:\/\/www.enerjigazetesi.ist\/tr\/wp-json\/wp\/v2\/posts\/193047\" class=\"qtranxs-available-language-link qtranxs-available-language-link-tr\" title=\"Turkish\">Turkish<\/a>. For the sake of viewer convenience, the content is shown below in the alternative language. You may click the link to switch the active language.<\/p><p><\/p>\n<h2><strong>Herkes \u0130\u00e7in Daha \u0130yi Bir Gelecek vizyonu ile s\u00fcrd\u00fcr\u00fclebilirlik ve insan oda\u011f\u0131nda toplumsal yat\u0131r\u0131mlar\u0131n\u0131 hayata ge\u00e7irmeye devam eden Enerjisa Enerji, Adana Karata\u015f Belediyesi ve Karata\u015f Su \u00dcr\u00fcnleri Kooperatifi ile yapt\u0131\u011f\u0131 i\u015f birli\u011finin birinci y\u0131l\u0131nda b\u00f6lge halk\u0131ylayd\u0131.<\/strong><\/h2>\n<p style=\"text-align: center;\"><img loading=\"lazy\" class=\"aligncenter wp-image-193051\" src=\"https:\/\/www.enerjigazetesi.ist\/wp-content\/uploads\/2024\/12\/balikciligi-ve-bolge-kadinlarini-guclendiren-projenin-ilk-yili-tamamlandi-1.jpg\" alt=\"\" width=\"500\" height=\"334\" srcset=\"https:\/\/www.enerjigazetesi.ist\/wp-content\/uploads\/2024\/12\/balikciligi-ve-bolge-kadinlarini-guclendiren-projenin-ilk-yili-tamamlandi-1.jpg 550w, https:\/\/www.enerjigazetesi.ist\/wp-content\/uploads\/2024\/12\/balikciligi-ve-bolge-kadinlarini-guclendiren-projenin-ilk-yili-tamamlandi-1-300x200.jpg 300w, https:\/\/www.enerjigazetesi.ist\/wp-content\/uploads\/2024\/12\/balikciligi-ve-bolge-kadinlarini-guclendiren-projenin-ilk-yili-tamamlandi-1-500x334.jpg 500w, https:\/\/www.enerjigazetesi.ist\/wp-content\/uploads\/2024\/12\/balikciligi-ve-bolge-kadinlarini-guclendiren-projenin-ilk-yili-tamamlandi-1-75x50.jpg 75w, https:\/\/www.enerjigazetesi.ist\/wp-content\/uploads\/2024\/12\/balikciligi-ve-bolge-kadinlarini-guclendiren-projenin-ilk-yili-tamamlandi-1-450x300.jpg 450w\" sizes=\"(max-width: 500px) 100vw, 500px\" \/><\/p>\n<p>Liderlik etti\u011fi elektrik da\u011f\u0131t\u0131m, perakende sat\u0131\u015f ve m\u00fc\u015fteri \u00e7\u00f6z\u00fcmleri sekt\u00f6rlerinde hem i\u015f kolunda hem de toplumsal fayda alanlar\u0131nda \u2018Herkes i\u00e7in daha iyi bir gelecek\u2019 vizyonuyla \u00f6nc\u00fcl\u00fck eden Enerjisa Enerji, bu kapsamda ger\u00e7ekle\u015ftirdi\u011fi S\u00fcrd\u00fcr\u00fclebilir Bal\u0131k\u00e7\u0131l\u0131\u011fa Destek Projesi\u2019ni Adana Karata\u015f\u2019ta hayata ge\u00e7irmi\u015fti. Karata\u015f Belediyesi ve Karata\u015f Su \u00dcr\u00fcnleri Kooperatifi ile i\u015f birli\u011fi yapan Enerjisa Enerji, b\u00f6lge halk\u0131n\u0131n y\u00fczde 60\u2019\u0131n\u0131n bal\u0131k\u00e7\u0131l\u0131k sekt\u00f6r\u00fcnden ge\u00e7imini sa\u011flad\u0131\u011f\u0131 il\u00e7ede hayata ge\u00e7irdi\u011fi \u00e7evre ve insan odakl\u0131 projenin ilk y\u0131l\u0131n\u0131 ba\u015far\u0131yla tamamlad\u0131.<\/p>\n<p>Halk\u0131n ana ge\u00e7im kayna\u011f\u0131n\u0131n bal\u0131k\u00e7\u0131l\u0131k oldu\u011fu ve Akdeniz\u2019in en geni\u015f bal\u0131k\u00e7\u0131l\u0131k filosuna sahip olan Karata\u015f, denizel kirlilik ve plastik at\u0131klar\u0131n \u00e7evresel bir tehlike yaratmas\u0131 sebebiyle proje b\u00f6lgesi olarak se\u00e7ilmi\u015fti. B\u00f6lgede riske giren bal\u0131k\u00e7\u0131l\u0131\u011f\u0131 s\u00fcrd\u00fcr\u00fclebilir hale getirmek, yerel kalk\u0131nman\u0131n desteklenmesi ve iklim de\u011fi\u015fikli\u011finin olumsuz etkilerini azaltmak i\u00e7in yat\u0131r\u0131mlar planland\u0131.<\/p>\n<h3><strong>Bal\u0131k\u00e7\u0131lar \u0130\u00e7in Gerekli Enerjinin Tamam\u0131na Yak\u0131n\u0131 Yenilenebilir Enerjiden\u00a0<\/strong><\/h3>\n<p>Kooperatif b\u00fcnyesinde Enerjisa taraf\u0131ndan faaliyete ge\u00e7irilen G\u00fcne\u015f Enerji Santrali sayesinde enerji ihtiyac\u0131n\u0131n b\u00fcy\u00fck oran\u0131n\u0131 s\u00fcrd\u00fcr\u00fclebilir kaynaklardan kar\u015f\u0131layan kooperatif, y\u0131lda 23 ton Co2 sal\u0131m\u0131n\u0131n \u00f6n\u00fcne ge\u00e7erken, yarat\u0131lan tasarruf ile bal\u0131k\u00e7\u0131l\u0131k ekosistemine katk\u0131da bulunuyor.<\/p>\n<p>Ger\u00e7ekle\u015fen bu tasarruf sayesinde\u00a0bal\u0131k\u00e7\u0131lar i\u00e7in en b\u00fcy\u00fck harcama kalemlerinden biri olan buz, kooperatif taraf\u0131ndan bal\u0131k\u00e7\u0131lara daha ucuza sat\u0131l\u0131yor.<\/p>\n<h3><strong>9 Ayda 15 Ton Bal\u0131k A\u011f\u0131 Topland\u0131\u00a0<\/strong><\/h3>\n<p>Proje ile bal\u0131k\u00e7\u0131lar kullanamaz hale gelen bal\u0131k a\u011flar\u0131n\u0131, Karata\u015f Liman\u0131nda bulunan At\u0131k Toplama ve Geri Kazan\u0131m Merkezi\u2019ne getirerek Belediye\u2019ye teslim ediyorlar. Hem hayalet a\u011flar\u0131n ve plastik at\u0131klar\u0131n denize b\u0131rak\u0131lmas\u0131n\u0131 \u00f6nleyen hem de bal\u0131k\u00e7\u0131lara gelir yaratmas\u0131 planlanan bu sistemin bir \u00e7\u0131kt\u0131s\u0131 da a\u011flar\u0131n Karata\u015f Belediyesi taraf\u0131ndan limandaki merkezde toplanarak ayr\u0131\u015ft\u0131r\u0131lmas\u0131 ve hammadde olarak kazand\u0131r\u0131lan bal\u0131k a\u011flar\u0131n\u0131n kad\u0131nlar\u0131n elinde ileri d\u00f6n\u00fc\u015f\u00fcm\u00fc oluyor. \u015eimdiye kadar tesise plastik at\u0131k ve a\u011f getirilmesinde g\u00f6zlemlenen art\u0131\u015fla 9 ayda\u00a015 tondan fazla bal\u0131k a\u011f\u0131 topland\u0131.<\/p>\n<p>Enerjisa Enerji\u2019nin b\u00f6lgedeki kad\u0131nlara verdi\u011fi renk, tasar\u0131m, markalama alanlar\u0131ndaki e\u011fitimlerle kad\u0131nlar, \u00fcrettikleri ileri d\u00f6n\u00fc\u015f\u00fcm \u00fcr\u00fcnleriyle gelir elde etme f\u0131rsat\u0131 yakal\u0131yorlar. At\u0131k kot kuma\u015flardan ve at\u0131k a\u011flardan s\u0131f\u0131r at\u0131k \u00e7anta \u00fcretimi gibi \u00e7\u0131kt\u0131lar\u0131 olan bu proje sayesinde kad\u0131nlara yeni bir gelir modeli imk\u00e2n\u0131 sunuluyor. Ayr\u0131ca b\u00f6lgede d\u00fczenlenen a\u011f \u00f6rme at\u00f6lyeleri ile daha fazla kad\u0131n bal\u0131k\u00e7\u0131l\u0131k ekosistemine dahil olarak g\u00f6r\u00fclmeyen i\u015f g\u00fc\u00e7leri g\u00f6r\u00fcn\u00fcr k\u0131l\u0131n\u0131yor. Hayata ge\u00e7irilen a\u011f tamiri uygulamalar\u0131yla yeniden kullan\u0131m te\u015fvik edilerek b\u00f6lgede daha az at\u0131k hareketine ge\u00e7i\u015f ba\u015flat\u0131l\u0131yor. Kad\u0131nlara verilen e\u011fitimlerle de desteklenecek \u015fekilde \u00e7e\u015fitli at\u00f6lyelerle finansal e\u015fitsizlik ve toplumsal cinsiyet e\u015fitsizli\u011fi kar\u015f\u0131s\u0131nda anlaml\u0131 bir ad\u0131m at\u0131yor.<\/p>\n<h3><strong>D\u00fcnyada ilk: Yeni \u00dcretim Stand\u0131 ile Kad\u0131nlar Ergonomik \u00dcretim \u0130mkanlar\u0131na Kavu\u015ftu<\/strong><\/h3>\n<p>Projenin birinci y\u0131l\u0131nda bir araya gelen payda\u015flar, Karata\u015f Belediyesi\u2019nin ev sahipli\u011finde ger\u00e7ekle\u015fen etkinlikte \u0130zmir Ekonomi \u00dcniversitesi\u2019nin yenilik\u00e7i katk\u0131lar\u0131yla geli\u015ftirilen ve tescillenen ergonomik a\u011f \u00f6rme stand\u0131 prototipini, b\u00f6lgedeki kad\u0131nlara tan\u0131tt\u0131.<\/p>\n<p>\u0130zmir Ekonomi \u00dcniversitesi i\u015f birli\u011fiyle geli\u015ftirilen ve d\u00fcnyada tek olan ta\u015f\u0131nabilir a\u011f \u00f6rme stand\u0131, kad\u0131nlar\u0131n a\u011f \u00f6rme i\u015fini daha ergonomik ve verimli bir \u015fekilde yapmalar\u0131n\u0131 sa\u011fl\u0131yor. Enerjisa Enerji taraf\u0131ndan finanse edilen bu inovatif \u00fcr\u00fcn, kad\u0131nlar\u0131n v\u00fccut sa\u011fl\u0131\u011f\u0131n\u0131 koruyarak i\u015flerini yapmalar\u0131n\u0131 kolayla\u015ft\u0131racak \u00f6zelliklere sahip, bel, boyun ve g\u00f6z sa\u011fl\u0131\u011f\u0131 sorunlar\u0131n\u0131n \u00f6n\u00fcne ge\u00e7erken, gelecekte kad\u0131n kooperatifinin kullan\u0131m\u0131 i\u00e7in geni\u015f \u00e7apl\u0131 \u00fcretime ge\u00e7ilme potansiyeline sahip.<\/p>\n<h3><strong>\u201cToplumsal Yap\u0131ya Uzun Vadede Kal\u0131c\u0131 Katk\u0131lar Sunmay\u0131 Hedefliyoruz\u201d<\/strong><\/h3>\n<p>Projenin ulusal \u00f6l\u00e7ekte duyurulmas\u0131n\u0131n, \u00fclkemizin s\u00fcrd\u00fcr\u00fclebilir kalk\u0131nma hedeflerine ula\u015fmas\u0131nda b\u00fcy\u00fck bir ad\u0131m oldu\u011funu vurgulayan<strong>\u00a0Enerjisa Enerji S\u00fcrd\u00fcr\u00fclebilirlik ve Kurumsal Yetkinlikler B\u00f6l\u00fcm Ba\u015fkan\u0131 Ebru Ta\u015fc\u0131o\u011flu,\u00a0<\/strong><em>\u201cKarata\u015f projesinde bir y\u0131l\u0131 geride b\u0131rak\u0131rken, Karata\u015f Belediyesi ile el ele vererek t\u00fcm hedeflerimizi ba\u015far\u0131yla ger\u00e7ekle\u015ftirdik ve s\u00fcrd\u00fcr\u00fclebilir bir model olu\u015fturduk. Enerjisa Enerji olarak, enerji verimlili\u011fi e\u011fitimleriyle yerel halk\u0131n \u00e7evre bilincini art\u0131rmaya ve toplumsal katk\u0131lar sa\u011flamaya devam ediyoruz. Karata\u015f\u2019ta kad\u0131nlar\u0131n g\u00fc\u00e7lenmesini, denizel kirlili\u011fin azalmas\u0131n\u0131 ve \u00e7evresel s\u00fcrd\u00fcr\u00fclebilirli\u011fin sa\u011flanmas\u0131n\u0131 ama\u00e7layan bu \u00e7ok boyutlu proje ile b\u00f6lgedeki toplumsal yap\u0131ya uzun vadede kal\u0131c\u0131 katk\u0131lar sunmay\u0131 hedefliyoruz.<\/em><\/p>\n<p><em>Karata\u015f liman\u0131nda kurdu\u011fumuz at\u0131k toplama ve geri kazan\u0131m merkezimizle denizlerdeki hayalet a\u011flar\u0131 toplayarak ileri d\u00f6n\u00fc\u015f\u00fcme kazand\u0131rarak \u00e7evre dostu bir ekonomi modeli olu\u015fturuyoruz. Projemizle, denizel kirlili\u011fin \u00f6nlenmesi ve s\u00fcrd\u00fcr\u00fclebilir bal\u0131k\u00e7\u0131l\u0131\u011f\u0131 te\u015fvik ederken, \u00f6zellikle iklim de\u011fi\u015fikli\u011finden en fazla etkilenen kad\u0131nlar\u0131n ekonomik g\u00fcc\u00fcn\u00fc art\u0131rmay\u0131 ve toplumsal cinsiyet e\u015fitli\u011fine katk\u0131 sa\u011flamay\u0131 hedeflemi\u015ftik. Karata\u015f\u2019taki ba\u015far\u0131 hikayemizi \u015fimdi ulusal \u00e7apta payla\u015fmay\u0131 ama\u00e7l\u0131yoruz. Enerjisa Enerji olarak daha iyi bir gelecek i\u00e7in do\u011faya ve topluma kar\u015f\u0131 sorumluluklar\u0131m\u0131z\u0131 yerine getirirken, bu yolda g\u00fc\u00e7lerimizi birle\u015ftirdi\u011fimiz proje ortaklar\u0131m\u0131za da te\u015fekk\u00fcr ederiz. Birle\u015fmi\u015f Milletler\u2019in \u2018Ama\u00e7lar i\u00e7in Ortakl\u0131klar\u2019 ilkesine ba\u011fl\u0131 kalarak s\u00fcrd\u00fcr\u00fclebilir kalk\u0131nma ama\u00e7lar\u0131 do\u011frultusunda \u00fclkemizin enerji d\u00f6n\u00fc\u015f\u00fcm\u00fcne \u00f6nc\u00fcl\u00fck etmeye ve \u00e7evreye duyarl\u0131 ekonomik modeller geli\u015ftirmeye devam edece\u011fiz.\u201d<\/em><\/p>\n<h3><strong>\u201cKad\u0131nlar\u0131n ve Bal\u0131k\u00e7\u0131lar\u0131n S\u00fcrd\u00fcr\u00fclebilirlik Prensibi ile Mesleklerini Devam Ettirebilmelerine Olanak Sa\u011flayaca\u011f\u0131z\u201d<\/strong><\/h3>\n<p>\u2018S\u00fcrd\u00fcr\u00fclebilir Bal\u0131k\u00e7\u0131l\u0131\u011fa Destek\u2019 projesinin ilk y\u0131l\u0131n\u0131 geride b\u0131rakman\u0131n gurur ve mutlulu\u011funu ya\u015fad\u0131\u011f\u0131n\u0131 belirten <strong>Karata\u015f Belediye Ba\u015fkan\u0131 Ali Bedrettin Karata\u015f<\/strong>, <em>\u201cBu projenin geli\u015ftirilmesine y\u00f6nelik olarak yap\u0131lan \u00e7al\u0131\u015fmalar kapsam\u0131nda, kad\u0131nlar\u0131n bal\u0131k\u00e7\u0131l\u0131ktaki varl\u0131\u011f\u0131 ve desteklenmelerinin \u00f6nemini benimseyerek, kad\u0131n bal\u0131k\u00e7\u0131lar\u0131m\u0131za y\u00f6nelik \u00e7e\u015fitli giri\u015fimler ger\u00e7ekle\u015ftirdik. Bu kapsamda geleneksel k\u0131y\u0131 bal\u0131k\u00e7\u0131l\u0131\u011f\u0131n\u0131n temelinde yer alan ve bal\u0131k\u00e7\u0131n\u0131n kulland\u0131\u011f\u0131 a\u011flar\u0131 i\u015fleyen kad\u0131nlar\u0131n, bu faaliyetteki rollerini iyile\u015ftirmek \u00fczere harekete ge\u00e7tik. \u00a0Bu sekt\u00f6rdeki kad\u0131nlar i\u00e7in ortaya \u00e7\u0131kan sorunlar\u0131 de\u011ferlendirerek i\u015fin geli\u015ftirilmesi ve kaybolmaya y\u00fcz tutmu\u015f bu mesle\u011fin yeniden canland\u0131r\u0131lmas\u0131n\u0131 hedefledik.<\/em><\/p>\n<p><em>Yap\u0131lan \u00e7al\u0131\u015fmalar do\u011frultusunda yeni ergonomik masalar\u0131n tasar\u0131m\u0131n\u0131 tamamlayarak kad\u0131nlar\u0131 bir \u00e7at\u0131 alt\u0131nda bulu\u015fturacak Magarsus Kad\u0131n Kooperatifimizi harekete ge\u00e7irdik. \u0130nan\u0131yoruz ki ba\u015flatt\u0131\u011f\u0131m\u0131z bu i\u015f birli\u011fi ve \u00e7al\u0131\u015fmalar\u0131 beraber daha da ileriye ta\u015f\u0131yarak, kad\u0131nlar\u0131n ve bal\u0131k\u00e7\u0131lar\u0131n s\u00fcrd\u00fcr\u00fclebilirlik prensibi ile mesleklerini devam ettirebilmelerine olanak sa\u011flayacak alt yap\u0131y\u0131 el birli\u011fi ile kurarak geli\u015ftirece\u011fiz.\u00a0<\/em><\/p>\n<p><em>Projeyi birlikte y\u00fcr\u00fctt\u00fc\u011f\u00fcm\u00fcz Enerjisa Enerji ailesine ve Karata\u015f Su \u00dcr\u00fcnleri Kooperatifi temsilcilerimize te\u015fekk\u00fcrlerimi sunar\u0131m.\u201d<\/em> dedi.<\/p>","protected":false},"excerpt":{"rendered":"<p>Sorry, this entry is only available in Turkish. For the sake of viewer convenience, the content is shown below in the alternative language. You may click the link to switch the active language. Herkes \u0130\u00e7in Daha \u0130yi Bir Gelecek vizyonu ile s\u00fcrd\u00fcr\u00fclebilirlik ve insan oda\u011f\u0131nda toplumsal yat\u0131r\u0131mlar\u0131n\u0131 hayata ge\u00e7irmeye devam eden Enerjisa Enerji, Adana Karata\u015f [&hellip;]<\/p>\n","protected":false},"author":1,"featured_media":193050,"comment_status":"open","ping_status":"open","sticky":false,"template":"","format":"standard","meta":[],"categories":[51,53],"tags":[113796,115526,10195,37825],"views":27,"_links":{"self":[{"href":"https:\/\/www.enerjigazetesi.ist\/en\/wp-json\/wp\/v2\/posts\/193047"}],"collection":[{"href":"https:\/\/www.enerjigazetesi.ist\/en\/wp-json\/wp\/v2\/posts"}],"about":[{"href":"https:\/\/www.enerjigazetesi.ist\/en\/wp-json\/wp\/v2\/types\/post"}],"author":[{"embeddable":true,"href":"https:\/\/www.enerjigazetesi.ist\/en\/wp-json\/wp\/v2\/users\/1"}],"replies":[{"embeddable":true,"href":"https:\/\/www.enerjigazetesi.ist\/en\/wp-json\/wp\/v2\/comments?post=193047"}],"version-history":[{"count":0,"href":"https:\/\/www.enerjigazetesi.ist\/en\/wp-json\/wp\/v2\/posts\/193047\/revisions"}],"wp:featuredmedia":[{"embeddable":true,"href":"https:\/\/www.enerjigazetesi.ist\/en\/wp-json\/wp\/v2\/media\/193050"}],"wp:attachment":[{"href":"https:\/\/www.enerjigazetesi.ist\/en\/wp-json\/wp\/v2\/media?parent=193047"}],"wp:term":[{"taxonomy":"category","embeddable":true,"href":"https:\/\/www.enerjigazetesi.ist\/en\/wp-json\/wp\/v2\/categories?post=193047"},{"taxonomy":"post_tag","embeddable":true,"href":"https:\/\/www.enerjigazetesi.ist\/en\/wp-json\/wp\/v2\/tags?post=193047"}],"curies":[{"name":"wp","href":"https:\/\/api.w.org\/{rel}","templated":true}]}}