{"id":193024,"date":"2024-12-02T16:31:33","date_gmt":"2024-12-02T13:31:33","guid":{"rendered":"https:\/\/www.enerjigazetesi.ist\/?p=193024"},"modified":"2024-12-02T16:55:06","modified_gmt":"2024-12-02T13:55:06","slug":"supracap-enerji-aliagada-kurduklari-depolama-sistemini-inceledi","status":"publish","type":"post","link":"https:\/\/www.enerjigazetesi.ist\/en\/supracap-enerji-aliagada-kurduklari-depolama-sistemini-inceledi\/","title":{"rendered":"(Turkish) &#8217;Supracap Enerji&#8217; Alia\u011fa&#8217;da Kurdu\u011fu Depolama Sistemini \u0130nceledi"},"content":{"rendered":"<p class=\"qtranxs-available-languages-message qtranxs-available-languages-message-en\">Sorry, this entry is only available in <a href=\"https:\/\/www.enerjigazetesi.ist\/tr\/wp-json\/wp\/v2\/posts\/193024\" class=\"qtranxs-available-language-link qtranxs-available-language-link-tr\" title=\"Turkish\">Turkish<\/a>. For the sake of viewer convenience, the content is shown below in the alternative language. You may click the link to switch the active language.<\/p><p><\/p>\n<h2>Enerji depolamada s\u00fcperkapasit\u00f6r teknolojisini T\u00fcrkiye\u2019ye getiren Supracap Enerji, iki ay \u00f6nce kurdu\u011fu s\u00fcperkapasit\u00f6r enerji depolama sisteminin sahadaki performans\u0131n\u0131 incelemek \u00fczere bakanl\u0131k ve i\u015f ortaklar\u0131yla birlikte Alia\u011fa&#8217;da toplant\u0131 d\u00fczenleyip hedeflerini payla\u015ft\u0131.<\/h2>\n<p><img loading=\"lazy\" class=\"wp-image-193030 aligncenter\" src=\"https:\/\/www.enerjigazetesi.ist\/wp-content\/uploads\/2024\/12\/674cbab30e175e36031e5b40.webp\" alt=\"\" width=\"500\" height=\"274\" srcset=\"https:\/\/www.enerjigazetesi.ist\/wp-content\/uploads\/2024\/12\/674cbab30e175e36031e5b40.webp 869w, https:\/\/www.enerjigazetesi.ist\/wp-content\/uploads\/2024\/12\/674cbab30e175e36031e5b40-300x165.webp 300w, https:\/\/www.enerjigazetesi.ist\/wp-content\/uploads\/2024\/12\/674cbab30e175e36031e5b40-768x422.webp 768w, https:\/\/www.enerjigazetesi.ist\/wp-content\/uploads\/2024\/12\/674cbab30e175e36031e5b40-500x274.webp 500w, https:\/\/www.enerjigazetesi.ist\/wp-content\/uploads\/2024\/12\/674cbab30e175e36031e5b40-80x44.webp 80w\" sizes=\"(max-width: 500px) 100vw, 500px\" \/><\/p>\n<p>Supracap Enerji, s\u00fcperkapasit\u00f6r teknolojisinde d\u00fcnyan\u0131n \u00f6nemli oyuncular\u0131ndan Enercap Energy ile i\u015f ortakl\u0131\u011f\u0131 \u00e7er\u00e7evesinde ilk olarak 23 Eyl\u00fcl 2024\u2019te Menderes Tekstil\u2019in Alia\u011fa\u2019daki r\u00fczgar enerji santraline 2 MWh&#8217;l\u0131k s\u00fcperkapasit\u00f6r enerji depolama sistemi kurdu. Yakla\u015f\u0131k iki ay \u00f6nce kurulan bu sistemin saha ko\u015fullar\u0131ndaki performans\u0131n\u0131 ve T\u00fcrkiye enerji altyap\u0131s\u0131na getirece\u011fi faydalar\u0131 payla\u015fmak amac\u0131yla bakanl\u0131k ile bir toplant\u0131 d\u00fczenlendi.<\/p>\n<p>Toplant\u0131ya Enerji ve Tabii Kaynaklar Bakan Yard\u0131mc\u0131s\u0131 Abdullah Tancan ba\u015fta olmak \u00fczere enerji b\u00fcrokrasisi, yerel y\u00f6netim, i\u015f d\u00fcnyas\u0131 ve sekt\u00f6r temsilcilerinin kat\u0131l\u0131m\u0131yla Alia\u011fa\u2019da ger\u00e7ekle\u015fen toplant\u0131da s\u00fcperkapasit\u00f6r teknolojisinin \u00f6zellikleri ile kurulan pilot sistemin performans\u0131n\u0131n yan\u0131 s\u0131ra \u015firketin yat\u0131r\u0131m hedefleri payla\u015f\u0131ld\u0131.<\/p>\n<h3>90 Milyon USD De\u011ferinde Fabrika Yat\u0131r\u0131m\u0131<\/h3>\n<p>Supracap Enerji Kurucu Orta\u011f\u0131 Bihter Ko\u00e7um, toplant\u0131da yapt\u0131\u011f\u0131 konu\u015fmada, enerji depolama alan\u0131nda T\u00fcrkiye\u2019de daha \u00f6nce bulunmayan s\u00fcperkapasit\u00f6r teknolojisini T\u00fcrkiye\u2019de geli\u015ftirip \u00fcretme hedefiyle yola \u00e7\u0131kt\u0131klar\u0131n\u0131 belirtti. Alternatif depolama teknolojilerinin geli\u015ftirilip yurt i\u00e7inde \u00fcretilmesinin enerji ve sanayi sekt\u00f6rleri a\u00e7\u0131s\u0131ndan stratejik bir at\u0131l\u0131m f\u0131rsat\u0131 sundu\u011funu kaydeden Bihter Ko\u00e7um 2025 y\u0131l\u0131n\u0131n son \u00e7eyre\u011finde h\u00fccre \u00fcretimi dahil 1.500 MWh kapasite hedefiyle seri \u00fcretime ba\u015flayacaklar\u0131n\u0131 ve sekt\u00f6rdeki f\u0131rsatlarla birlikte 2028 y\u0131l\u0131na kadar 5.000 MWh \u00fcretim kapasitesi hedeflerinin oldu\u011funu da c\u00fcmlelerine ekledi. Ayr\u0131ca s\u00fcperkapasit\u00f6r \u00fcretimi i\u00e7in 2028 y\u0131l\u0131na kadar toplamda 90 milyon dolar yat\u0131r\u0131m yapmay\u0131 planlad\u0131klar\u0131n\u0131 da belirtti.<\/p>\n<h3>Ar-Ge Merkezi Kurulmas\u0131 ve 2027\u2019de \u0130hracat Hedefi<\/h3>\n<p>Bihter Ko\u00e7um \u201c<em>\u0130lk olarak \u015febeke \u00f6l\u00e7ekli enerji depolama bataryalar\u0131 ile \u00fcretime ba\u015flayarak, yenilenebilir enerji kaynaklar\u0131ndan \u00fcretilen enerjinin depolanmas\u0131na odaklanaca\u011f\u0131z. Sadece bir \u00fcretim tesisi kurmakla yetinmeyece\u011fiz, ayn\u0131 zamanda Ar-Ge merkezi de kurarak, mevcut teknolojilerin geli\u015ftirilmesine ve yeni \u00fcr\u00fcnlerin ara\u015ft\u0131r\u0131lmas\u0131na a\u011f\u0131rl\u0131k verece\u011fiz<\/em>\u201d dedi. Ayr\u0131ca 2027 y\u0131l\u0131nda <strong>\u2018Made in T\u00fcrkiye\u2019<\/strong> etiketli s\u00fcperkapasit\u00f6r bataryalar\u0131 ihra\u00e7 etmeyi hedeflediklerini de a\u00e7\u0131klad\u0131 ve \u201c<em>\u00dclkemizin \u2018k\u00fcresel enerji merkezi\u2019 hedefinde, s\u0131f\u0131r karbon, k\u00fcresel \u0131s\u0131nma ve \u00e7evresel risklerin azalt\u0131lmas\u0131na y\u00f6nelik d\u00f6n\u00fc\u015f\u00fcm yolculu\u011funda biz de var\u0131z<\/em>\u201d ifadelerini kulland\u0131.<\/p>\n<h3>S\u0131n\u0131rlar\u0131 Bulunmayan ve G\u00fcvenli Depolama Sistemi<\/h3>\n<p>Supracap Enerji Kurucu Orta\u011f\u0131 Hikmet \u0130p de bu bataryalar\u0131 <strong>\u2018limit-less battery \/ s\u0131n\u0131rlar\u0131 olmayan batarya\u2019<\/strong> olarak tan\u0131mlarken \u201c<em>\u00c7\u00fcnk\u00fc s\u00fcperkapasit\u00f6r bataryalarda \u00f6m\u00fcr s\u0131n\u0131r\u0131, s\u0131cakl\u0131k s\u0131n\u0131r\u0131 ve h\u0131z s\u0131n\u0131r\u0131 ortadan kalk\u0131yor. S\u00fcperkapasit\u00f6r bataryalar kimyasal reaksiyon i\u00e7ermedikleri i\u00e7in teorik olarak s\u0131n\u0131rs\u0131z \u00f6mre sahipler ancak her malzemenin bir \u00f6mr\u00fc oldu\u011funu ve g\u00fc\u00e7 elektroni\u011fi gibi bile\u015fenleri de g\u00f6z \u00f6n\u00fcnde bulundurarak, biz bataryalar\u0131n d\u00f6ng\u00fc \u00f6mr\u00fcn\u00fc 50.000 cycle olarak tan\u0131ml\u0131yoruz<\/em>\u201d dedi. \u00dcrettikleri bataryalar\u0131n neredeyse h\u0131z s\u0131n\u0131r\u0131 da bulunmad\u0131\u011f\u0131n\u0131 ifade eden Hikmet \u0130p, \u201c<em>S\u00fcperkapasit\u00f6r bataryalar\u0131 elektri\u011fi h\u0131zl\u0131ca depolayabiliyor ve \u015febekeye verebiliyor. Bunu yaparken kapasite kayb\u0131 ya\u015fam\u0131yor ve \u0131s\u0131nma-so\u011futma olu\u015fmad\u0131\u011f\u0131ndan enerji kayb\u0131 da olu\u015fmuyor. Ayn\u0131 zamanda kimyasal reaksiyonlara ba\u011fl\u0131 olarak \u00e7al\u0131\u015fmad\u0131klar\u0131 i\u00e7in a\u015f\u0131r\u0131 \u0131s\u0131nma, yanma veya patlama riskleri de yok. \u00c7ok y\u00fcksek ve d\u00fc\u015f\u00fck s\u0131cakl\u0131klarda sorunsuz \u00e7al\u0131\u015fabiliyorlar<\/em>\u201d diye konu\u015ftu.<\/p>\n<h3>Alia\u011fa&#8217;daki Test Ba\u015far\u0131l\u0131<\/h3>\n<p>Yeni bataryalar\u0131n Menderes Tekstil\u2019in Alia\u011fa\u2019daki r\u00fczg\u00e2r enerjisi santralindeki testlerinin sonu\u00e7lar\u0131na dair bilgi de aktaran Hikmet \u0130p \u015f\u00f6yle dedi:<\/p>\n<p>\u201c<em>Alia\u011fa RES\u2019te kurdu\u011fumuz s\u00fcperkapasit\u00f6r batarya sistemimiz kusursuz \u00e7al\u0131\u015ft\u0131. 1C h\u0131z\u0131nda \u015farj ve de\u015farj etme kabiliyetini ortaya koyan teknolojimizde, bataryaya depolanan t\u00fcm enerjiyi neredeyse birebir geri ald\u0131k. Batarya \u00e7evrim verimlili\u011fi y\u00fczde 99.1 &#8211; 99.4 olarak ger\u00e7ekle\u015fti. Tam \u015farj ve de\u015farj s\u0131ras\u0131nda mod\u00fcl s\u0131cakl\u0131klar\u0131 28 &#8211; 34 derece aral\u0131\u011f\u0131nda sorunsuz bir \u015fekilde \u00e7al\u0131\u015fan bataryalar\u0131m\u0131zda s\u0131f\u0131r y\u0131pranma ger\u00e7ekle\u015fti.<\/em>\u201d<\/p>\n<p><b>Yay\u0131na Alan:\u00a0<\/b>Emrecan Y\u00dcCEL \u2013 Enerji Sistemleri M\u00fchendisi \u2013\u00a0<a href=\"mailto:emrecan.yucel@enerjigazetesi.ist\">emrecan.yucel@enerjigazetesi.ist<\/a><\/p>","protected":false},"excerpt":{"rendered":"<p>Sorry, this entry is only available in Turkish. For the sake of viewer convenience, the content is shown below in the alternative language. You may click the link to switch the active language. Enerji depolamada s\u00fcperkapasit\u00f6r teknolojisini T\u00fcrkiye\u2019ye getiren Supracap Enerji, iki ay \u00f6nce kurdu\u011fu s\u00fcperkapasit\u00f6r enerji depolama sisteminin sahadaki performans\u0131n\u0131 incelemek \u00fczere bakanl\u0131k ve [&hellip;]<\/p>\n","protected":false},"author":21,"featured_media":193030,"comment_status":"open","ping_status":"open","sticky":false,"template":"","format":"standard","meta":[],"categories":[51,53],"tags":[15900,63,2258,1009,165,474,69,115522,105],"views":49,"_links":{"self":[{"href":"https:\/\/www.enerjigazetesi.ist\/en\/wp-json\/wp\/v2\/posts\/193024"}],"collection":[{"href":"https:\/\/www.enerjigazetesi.ist\/en\/wp-json\/wp\/v2\/posts"}],"about":[{"href":"https:\/\/www.enerjigazetesi.ist\/en\/wp-json\/wp\/v2\/types\/post"}],"author":[{"embeddable":true,"href":"https:\/\/www.enerjigazetesi.ist\/en\/wp-json\/wp\/v2\/users\/21"}],"replies":[{"embeddable":true,"href":"https:\/\/www.enerjigazetesi.ist\/en\/wp-json\/wp\/v2\/comments?post=193024"}],"version-history":[{"count":0,"href":"https:\/\/www.enerjigazetesi.ist\/en\/wp-json\/wp\/v2\/posts\/193024\/revisions"}],"wp:featuredmedia":[{"embeddable":true,"href":"https:\/\/www.enerjigazetesi.ist\/en\/wp-json\/wp\/v2\/media\/193030"}],"wp:attachment":[{"href":"https:\/\/www.enerjigazetesi.ist\/en\/wp-json\/wp\/v2\/media?parent=193024"}],"wp:term":[{"taxonomy":"category","embeddable":true,"href":"https:\/\/www.enerjigazetesi.ist\/en\/wp-json\/wp\/v2\/categories?post=193024"},{"taxonomy":"post_tag","embeddable":true,"href":"https:\/\/www.enerjigazetesi.ist\/en\/wp-json\/wp\/v2\/tags?post=193024"}],"curies":[{"name":"wp","href":"https:\/\/api.w.org\/{rel}","templated":true}]}}