{"id":193021,"date":"2024-12-02T16:01:14","date_gmt":"2024-12-02T13:01:14","guid":{"rendered":"https:\/\/www.enerjigazetesi.ist\/?p=193021"},"modified":"2024-12-02T16:01:14","modified_gmt":"2024-12-02T13:01:14","slug":"elektrige-kadin-eli-enerjinin-kadinlari-emegin-cinsiyeti-olmaz","status":"publish","type":"post","link":"https:\/\/www.enerjigazetesi.ist\/en\/elektrige-kadin-eli-enerjinin-kadinlari-emegin-cinsiyeti-olmaz\/","title":{"rendered":"(Turkish) Elektri\u011fe Kad\u0131n Eli: Enerjinin Kad\u0131nlar\u0131, \u201cEme\u011fin Cinsiyeti Olmaz\u201d"},"content":{"rendered":"<p class=\"qtranxs-available-languages-message qtranxs-available-languages-message-en\">Sorry, this entry is only available in <a href=\"https:\/\/www.enerjigazetesi.ist\/tr\/wp-json\/wp\/v2\/posts\/193021\" class=\"qtranxs-available-language-link qtranxs-available-language-link-tr\" title=\"Turkish\">Turkish<\/a>. For the sake of viewer convenience, the content is shown below in the alternative language. You may click the link to switch the active language.<\/p><p><\/p>\n<h2>Bursa, Bal\u0131kesir, \u00c7anakkale ve Yalova\u2019da elektrik da\u011f\u0131t\u0131m hizmeti veren UEDA\u015e, kad\u0131n m\u00fchendisleriyle sekt\u00f6re y\u00f6n veriyor. \u00c7al\u0131\u015fan profilinin erkek a\u011f\u0131rl\u0131kl\u0131 oldu\u011fu enerji sekt\u00f6r\u00fcnde sahada aktif g\u00f6rev alan kad\u0131n m\u00fchendisleri ile \u00f6rnek te\u015fkil ediyor.<\/h2>\n<p style=\"text-align: center;\"><img loading=\"lazy\" class=\"aligncenter wp-image-193026\" src=\"https:\/\/www.enerjigazetesi.ist\/wp-content\/uploads\/2024\/12\/elektrige-kadin-eli-enerjinin-kadinlari-emegin-cinsiyeti-olmaz.jpg\" alt=\"\" width=\"500\" height=\"282\" srcset=\"https:\/\/www.enerjigazetesi.ist\/wp-content\/uploads\/2024\/12\/elektrige-kadin-eli-enerjinin-kadinlari-emegin-cinsiyeti-olmaz.jpg 550w, https:\/\/www.enerjigazetesi.ist\/wp-content\/uploads\/2024\/12\/elektrige-kadin-eli-enerjinin-kadinlari-emegin-cinsiyeti-olmaz-300x169.jpg 300w, https:\/\/www.enerjigazetesi.ist\/wp-content\/uploads\/2024\/12\/elektrige-kadin-eli-enerjinin-kadinlari-emegin-cinsiyeti-olmaz-500x282.jpg 500w, https:\/\/www.enerjigazetesi.ist\/wp-content\/uploads\/2024\/12\/elektrige-kadin-eli-enerjinin-kadinlari-emegin-cinsiyeti-olmaz-80x45.jpg 80w\" sizes=\"(max-width: 500px) 100vw, 500px\" \/><\/p>\n<h3><strong>\u201c\u0130\u015fletme Gelen Aboneler Bana M\u00fcd\u00fcr Bey\u2019le G\u00f6r\u00fc\u015fmek \u0130stediklerini S\u00f6yl\u00fcyorlar. M\u00fcd\u00fcr\u00fcn Ben Oldu\u011fumu \u00d6\u011frenince Epey \u015ea\u015f\u0131r\u0131yorlar\u201d<\/strong><\/h3>\n<p>Enerji sekt\u00f6r\u00fcnde bir kad\u0131n olarak g\u00f6rev almaya dair a\u00e7\u0131klamalarda bulunan\u00a0<strong>UEDA\u015e Mustafakemalpa\u015fa \u0130\u015fletme M\u00fcd\u00fcr\u00fc Sinem Tosuno\u011flu<\/strong>, <em>\u201cBen UEDA\u015e\u2019\u0131n ilk kad\u0131n i\u015fletme m\u00fcd\u00fcr\u00fcy\u00fcm. Ayn\u0131 zamanda ilk i\u015f yerim olan bu kurumda 13 y\u0131l\u0131 geride b\u0131rakt\u0131m. Gen\u00e7 bir m\u00fchendis olarak ba\u015flayan i\u015f ser\u00fcvenimde bug\u00fcn y\u00f6netici olarak,\u00a0 gurur ve sorumluluk bilinciyle ilerliyorum. G\u00f6rev yapt\u0131\u011f\u0131m b\u00f6lgede 216 mahallede 190 bine yak\u0131n n\u00fcfusun enerji s\u00fcreklili\u011fini sa\u011fl\u0131yoruz. Ekip arkada\u015flar\u0131m\u0131n b\u00fcy\u00fck \u00e7o\u011funlu\u011funu ise erkekler olu\u015fturuyor. Kad\u0131n erkek ayr\u0131m\u0131 g\u00f6zetmeksizin hep birlikte mesai harc\u0131yoruz ve eme\u011fin cinsiyeti olmaz diyoruz\u201d<\/em> dedi.<\/p>\n<h3><strong>\u201c\u0130\u015fletme M\u00fchendisi ile G\u00f6r\u00fc\u015fmeye Gelenler, Kad\u0131n M\u00fchendisle Kar\u015f\u0131la\u015f\u0131nca \u2018Acaba Yanl\u0131\u015f m\u0131 Geldik?\u2019 Diye K\u0131sa S\u00fcreli \u015eok Ya\u015f\u0131yor\u201d<\/strong><\/h3>\n<p><strong>UEDA\u015e Yat\u0131r\u0131m Planlama M\u00fchendisi<\/strong>\u00a0olarak g\u00f6rev yapan\u00a0<strong>Kumru Bayrak<\/strong>\u00a0ise, <em>\u201c\u00c7al\u0131\u015f\u0131rken en s\u0131k kar\u015f\u0131la\u015ft\u0131\u011f\u0131m olay; elektrik da\u011f\u0131t\u0131m sekt\u00f6r\u00fcnde stratejik b\u00fct\u00e7e y\u00f6netimi, \u015firketlerin s\u00fcrd\u00fcr\u00fclebilir b\u00fcy\u00fcme hedeflerine ula\u015fmas\u0131nda kritik bir rol oynamaktad\u0131r. Bu alanda yat\u0131r\u0131mlar\u0131n b\u00fct\u00e7esinin planlanmas\u0131ndan sorumluluk \u00fcstlenmekte ve uzun vadeli finansman ihtiya\u00e7lar\u0131n\u0131 etkin bir \u015fekilde y\u00f6netilmesi i\u00e7in gerekli \u00e7al\u0131\u015fmalar\u0131 s\u00fcrd\u00fcrmekteyim. B\u00fct\u00e7edeki art\u0131r\u0131m oranlar\u0131n\u0131 kontrol ederek kaynaklar\u0131 verimli kullanmay\u0131, \u015firketin karl\u0131l\u0131\u011f\u0131n\u0131 art\u0131r\u0131rken yeni projelerinde faaliyete ge\u00e7mesini sa\u011fl\u0131yorum. Ayr\u0131ca ekip i\u00e7indeki motivasyon ve i\u015f birli\u011fi ile birlikte\u00a0 ba\u015far\u0131l\u0131 projelere\u00a0 \u00f6nemli \u00f6l\u00e7\u00fcde destek olmaktan gurur duyuyorum\u201d<\/em> diye konu\u015ftu.<\/p>\n<p><strong>UEDA\u015e Y\u0131ld\u0131r\u0131m\u00a0 Kestel \u0130\u015fletme Koordinat\u00f6r\u00fc Buse Y\u0131lmaz<\/strong>\u00a0da <em>\u201cSahada ge\u00e7ici kabuller, b\u00f6lgede ar\u0131za, yat\u0131r\u0131m, bak\u0131m-onar\u0131m \u00e7al\u0131\u015fmalar\u0131nda \u00e7o\u011fu zaman aktif g\u00f6rev al\u0131yorum. Sorumlulu\u011fum alt\u0131nda olan il\u00e7e; 72.000\u2019in \u00fczerinde n\u00fcfuslu, k\u0131\u015f aylar\u0131nda do\u011fal \u015fartlar, Lodos kaynakl\u0131 ar\u0131za say\u0131lar\u0131nda art\u0131\u015f olan, da\u011f\u0131n\u0131k bir yerle\u015fime sahip ayn\u0131 zamanda her anlamda geli\u015fmeye a\u00e7\u0131k bir b\u00f6lgede \u00e7al\u0131\u015f\u0131yorum. Meslekte cinsiyet e\u015fitli\u011finin kabul\u00fc, fark\u0131ndal\u0131\u011f\u0131n\u00a0artt\u0131r\u0131lmas\u0131yla sa\u011flanabilir. Bu noktada sekt\u00f6r\u00fcm\u00fcze katk\u0131 sa\u011flamaktan mutluluk duyuyorum\u201d<\/em> ifadelerini kulland\u0131.<\/p>","protected":false},"excerpt":{"rendered":"<p>Sorry, this entry is only available in Turkish. For the sake of viewer convenience, the content is shown below in the alternative language. You may click the link to switch the active language. Bursa, Bal\u0131kesir, \u00c7anakkale ve Yalova\u2019da elektrik da\u011f\u0131t\u0131m hizmeti veren UEDA\u015e, kad\u0131n m\u00fchendisleriyle sekt\u00f6re y\u00f6n veriyor. \u00c7al\u0131\u015fan profilinin erkek a\u011f\u0131rl\u0131kl\u0131 oldu\u011fu enerji sekt\u00f6r\u00fcnde [&hellip;]<\/p>\n","protected":false},"author":1,"featured_media":193026,"comment_status":"open","ping_status":"open","sticky":false,"template":"","format":"standard","meta":[],"categories":[51,53],"tags":[1266,2873,49394,2227],"views":25,"_links":{"self":[{"href":"https:\/\/www.enerjigazetesi.ist\/en\/wp-json\/wp\/v2\/posts\/193021"}],"collection":[{"href":"https:\/\/www.enerjigazetesi.ist\/en\/wp-json\/wp\/v2\/posts"}],"about":[{"href":"https:\/\/www.enerjigazetesi.ist\/en\/wp-json\/wp\/v2\/types\/post"}],"author":[{"embeddable":true,"href":"https:\/\/www.enerjigazetesi.ist\/en\/wp-json\/wp\/v2\/users\/1"}],"replies":[{"embeddable":true,"href":"https:\/\/www.enerjigazetesi.ist\/en\/wp-json\/wp\/v2\/comments?post=193021"}],"version-history":[{"count":0,"href":"https:\/\/www.enerjigazetesi.ist\/en\/wp-json\/wp\/v2\/posts\/193021\/revisions"}],"wp:featuredmedia":[{"embeddable":true,"href":"https:\/\/www.enerjigazetesi.ist\/en\/wp-json\/wp\/v2\/media\/193026"}],"wp:attachment":[{"href":"https:\/\/www.enerjigazetesi.ist\/en\/wp-json\/wp\/v2\/media?parent=193021"}],"wp:term":[{"taxonomy":"category","embeddable":true,"href":"https:\/\/www.enerjigazetesi.ist\/en\/wp-json\/wp\/v2\/categories?post=193021"},{"taxonomy":"post_tag","embeddable":true,"href":"https:\/\/www.enerjigazetesi.ist\/en\/wp-json\/wp\/v2\/tags?post=193021"}],"curies":[{"name":"wp","href":"https:\/\/api.w.org\/{rel}","templated":true}]}}