{"id":193017,"date":"2024-12-02T15:50:46","date_gmt":"2024-12-02T12:50:46","guid":{"rendered":"https:\/\/www.enerjigazetesi.ist\/?p=193017"},"modified":"2025-05-19T12:26:16","modified_gmt":"2025-05-19T09:26:16","slug":"2024-yili-turkiyede-gunes-enerjisi-icin-rekor-yil-oldu","status":"publish","type":"post","link":"https:\/\/www.enerjigazetesi.ist\/en\/2024-yili-turkiyede-gunes-enerjisi-icin-rekor-yil-oldu\/","title":{"rendered":"(Turkish) 2024 Y\u0131l\u0131 T\u00fcrkiye&#8217;de G\u00fcne\u015f Enerjisi \u0130\u00e7in Rekor Y\u0131l Oldu"},"content":{"rendered":"<p class=\"qtranxs-available-languages-message qtranxs-available-languages-message-en\">Sorry, this entry is only available in <a href=\"https:\/\/www.enerjigazetesi.ist\/tr\/wp-json\/wp\/v2\/posts\/193017\" class=\"qtranxs-available-language-link qtranxs-available-language-link-tr\" title=\"Turkish\">Turkish<\/a>. For the sake of viewer convenience, the content is shown below in the alternative language. You may click the link to switch the active language.<\/p><p><\/p>\n<h2>Londra merkezli uluslararas\u0131 enerji d\u00fc\u015f\u00fcnce kurulu\u015fu Ember, puant talep olarak ifade edilen maksimum elektrik talebinin kar\u015f\u0131lanmas\u0131nda g\u00fcne\u015f enerjisinin T\u00fcrkiye\u2019nin elektrik \u00fcretimine katk\u0131s\u0131n\u0131 inceledi.<\/h2>\n<p><img loading=\"lazy\" class=\"wp-image-193020 aligncenter\" src=\"https:\/\/www.enerjigazetesi.ist\/wp-content\/uploads\/2024\/12\/karapinar-ges-a-2038184_1.jpg\" alt=\"\" width=\"500\" height=\"281\" srcset=\"https:\/\/www.enerjigazetesi.ist\/wp-content\/uploads\/2024\/12\/karapinar-ges-a-2038184_1.jpg 800w, https:\/\/www.enerjigazetesi.ist\/wp-content\/uploads\/2024\/12\/karapinar-ges-a-2038184_1-300x169.jpg 300w, https:\/\/www.enerjigazetesi.ist\/wp-content\/uploads\/2024\/12\/karapinar-ges-a-2038184_1-768x432.jpg 768w, https:\/\/www.enerjigazetesi.ist\/wp-content\/uploads\/2024\/12\/karapinar-ges-a-2038184_1-500x281.jpg 500w, https:\/\/www.enerjigazetesi.ist\/wp-content\/uploads\/2024\/12\/karapinar-ges-a-2038184_1-80x45.jpg 80w\" sizes=\"(max-width: 500px) 100vw, 500px\" \/><\/p>\n<p><a href=\"https:\/\/ember-energy.org\/tr\/\">Ember<\/a> Analisti Bahad\u0131r Sercan G\u00fcm\u00fc\u015f taraf\u0131ndan yap\u0131lan incelemeye g\u00f6re, 2024 Ocak-A\u011fustos d\u00f6neminde g\u00fcne\u015ften elektrik \u00fcretimi 2023\u2019\u00fcn ayn\u0131 d\u00f6nemine g\u00f6re <strong>%40\u2019dan fazla<\/strong> artarken, bu y\u0131l g\u00fcne\u015ften elektrik \u00fcretiminde saatlik, g\u00fcnl\u00fck ve ayl\u0131k bazda rekorlar g\u00f6r\u00fcld\u00fc. Ayr\u0131ca ge\u00e7en y\u0131l g\u00fcne\u015f enerjisinden elektrik \u00fcretimi en y\u00fcksek seviyeye Temmuz ay\u0131nda ula\u015f\u0131rken, rekor bu y\u0131l Nisan ay\u0131nda a\u015f\u0131ld\u0131. Bu rekor sonraki May\u0131s ve Haziran aylar\u0131nda \u00fcst \u00fcste tazelendi.<\/p>\n<p>Toplam elektrik \u00fcretimi i\u00e7inde g\u00fcne\u015f enerjisinin pay\u0131 Haziran ay\u0131nda<strong> %11\u2019<\/strong>e ula\u015farak tarihi y\u00fcksek seviyeye ula\u015ft\u0131.<\/p>\n<p>G\u00fcn olarak bak\u0131ld\u0131\u011f\u0131nda g\u00fcne\u015f enerjisinin 16 Haziran 2024&#8217;de T\u00fcrkiye\u2019nin genel elektrik \u00fcretimine oran\u0131 saatlik bazda <strong>%46 (2023 rekoru %36)<\/strong> ve g\u00fcnl\u00fck bazda ise <strong>%17 (2023 rekoru %13)<\/strong> ile rekor tazeledi. G\u00fcne\u015f enerjisi, puant\u0131n ger\u00e7ekle\u015fti\u011fi Temmuz 2024\u2019te 10 milyonun \u00fczerinde ki\u015fiye elektrik sa\u011flarken, puant elektrik talebindeki art\u0131\u015f\u0131n \u00fc\u00e7te ikisini kar\u015f\u0131lad\u0131.<\/p>\n<h3>So\u011futma \u0130htiyac\u0131 Puant Talebi Rekor Y\u00fckseli\u015fte<\/h3>\n<p>Bu y\u0131l a\u015f\u0131r\u0131 s\u0131cak ge\u00e7en yaz aylar\u0131nda 81 ilin 74\u2019\u00fcnde so\u011futma ihtiyac\u0131 art\u0131\u015f g\u00f6stermesi, elektrik talebinin rekor seviyelere \u00e7\u0131kmas\u0131na yol a\u00e7t\u0131. So\u011futma ihtiyac\u0131n\u0131n temel g\u00f6stergelerinden olan so\u011futma g\u00fcn dereceleri (CDD) 5 y\u0131ll\u0131k ortalamaya g\u00f6re haziranda \u00fc\u00e7 kat, temmuzda ise %50 artt\u0131. B\u00f6ylece, Temmuz 2024\u2019te puant elektrik talebinde <strong>%6,9 art\u0131\u015f<\/strong> g\u00f6r\u00fcld\u00fc ve elektrik talebi <strong>58 GWh<\/strong> ile rekor k\u0131rd\u0131.<\/p>\n<h3>G\u00fcne\u015f Enerjisi \u0130le \u00dcretim 2019\u2019dan Beri Art\u0131\u015fta<\/h3>\n<p>T\u00fcrkiye\u2019de g\u00fcne\u015f enerjisinin elektrik talebindeki pay\u0131 h\u0131zla artarken, g\u00fcne\u015f 2019\u2019dan beri puant elektrik talebindeki b\u00fcy\u00fcmenin %70\u2019ini kar\u015f\u0131larken, g\u00fcne\u015f enerjisinin <strong>2017\u2019de %2,5<\/strong> olan saatlik puant talebini kar\u015f\u0131lama oran\u0131, bu y\u0131l <strong>%18<\/strong>\u2019e y\u00fckseldi. Ayr\u0131ca\u00a0bug\u00fcne kadar yap\u0131lan g\u00fcne\u015f enerjisi yat\u0131r\u0131mlar\u0131 sayesinde, <strong>16 GW<\/strong> fosil yak\u0131t santral ihtiyac\u0131 ortadan kalkt\u0131 ve b\u00f6ylece bu durumdan kaynaklanan maliyetler de azald\u0131.<\/p>\n<p>Ember Analisti G\u00fcm\u00fc\u015f, rapora ili\u015fkin de\u011ferlendirmesinde g\u00fcne\u015f enerjisinin puant talebi kar\u015f\u0131lamadaki oran\u0131n\u0131n 2017\u2019den beri<strong> 7 kat<\/strong> artt\u0131\u011f\u0131n\u0131 ifade etti.<\/p>\n<p>G\u00fcm\u00fc\u015f, bu durumun, enerji arz g\u00fcvenli\u011finin sa\u011flanmas\u0131nda ve fosil yak\u0131tlara ba\u011f\u0131ml\u0131l\u0131\u011f\u0131n azalt\u0131lmas\u0131nda, g\u00fcne\u015f enerjisinin d\u00f6n\u00fc\u015ft\u00fcr\u00fcc\u00fc potansiyelini ortaya koydu\u011funu belirterek, \u201c<em>T\u00fcrkiye\u2019nin y\u00fcksek potansiyeli ve enerji depolama sistemlerinin entegrasyonu ile g\u00fcne\u015f enerjisi, enerji g\u00fcvenli\u011fini sa\u011flamada ve temiz enerji d\u00f6n\u00fc\u015f\u00fcm\u00fcn\u00fc h\u0131zland\u0131rmada \u00f6nc\u00fc rol oynamaya devam edecek<\/em>.\u201d dedi.<\/p>\n<p>Kaynak: <a href=\"https:\/\/www.aa.com.tr\/tr\/ekonomi\/turkiyede-2024-gunes-enerjisinde-rekorlarin-yili-oluyor\/3404440\">AA<\/a><\/p>\n<p><b>Yay\u0131na Alan:\u00a0<\/b>Emrecan Y\u00dcCEL \u2013 Enerji Sistemleri M\u00fchendisi \u2013\u00a0<a href=\"mailto:emrecan.yucel@enerjigazetesi.ist\">emrecan.yucel@enerjigazetesi.ist<\/a><\/p>","protected":false},"excerpt":{"rendered":"<p>Sorry, this entry is only available in Turkish. For the sake of viewer convenience, the content is shown below in the alternative language. You may click the link to switch the active language. Londra merkezli uluslararas\u0131 enerji d\u00fc\u015f\u00fcnce kurulu\u015fu Ember, puant talep olarak ifade edilen maksimum elektrik talebinin kar\u015f\u0131lanmas\u0131nda g\u00fcne\u015f enerjisinin T\u00fcrkiye\u2019nin elektrik \u00fcretimine katk\u0131s\u0131n\u0131 [&hellip;]<\/p>\n","protected":false},"author":21,"featured_media":193020,"comment_status":"open","ping_status":"open","sticky":false,"template":"","format":"standard","meta":[],"categories":[53,49],"tags":[63,67,2698,2326,13,23416,105],"views":45,"_links":{"self":[{"href":"https:\/\/www.enerjigazetesi.ist\/en\/wp-json\/wp\/v2\/posts\/193017"}],"collection":[{"href":"https:\/\/www.enerjigazetesi.ist\/en\/wp-json\/wp\/v2\/posts"}],"about":[{"href":"https:\/\/www.enerjigazetesi.ist\/en\/wp-json\/wp\/v2\/types\/post"}],"author":[{"embeddable":true,"href":"https:\/\/www.enerjigazetesi.ist\/en\/wp-json\/wp\/v2\/users\/21"}],"replies":[{"embeddable":true,"href":"https:\/\/www.enerjigazetesi.ist\/en\/wp-json\/wp\/v2\/comments?post=193017"}],"version-history":[{"count":0,"href":"https:\/\/www.enerjigazetesi.ist\/en\/wp-json\/wp\/v2\/posts\/193017\/revisions"}],"wp:featuredmedia":[{"embeddable":true,"href":"https:\/\/www.enerjigazetesi.ist\/en\/wp-json\/wp\/v2\/media\/193020"}],"wp:attachment":[{"href":"https:\/\/www.enerjigazetesi.ist\/en\/wp-json\/wp\/v2\/media?parent=193017"}],"wp:term":[{"taxonomy":"category","embeddable":true,"href":"https:\/\/www.enerjigazetesi.ist\/en\/wp-json\/wp\/v2\/categories?post=193017"},{"taxonomy":"post_tag","embeddable":true,"href":"https:\/\/www.enerjigazetesi.ist\/en\/wp-json\/wp\/v2\/tags?post=193017"}],"curies":[{"name":"wp","href":"https:\/\/api.w.org\/{rel}","templated":true}]}}