{"id":193011,"date":"2024-12-02T14:39:40","date_gmt":"2024-12-02T11:39:40","guid":{"rendered":"https:\/\/www.enerjigazetesi.ist\/?p=193011"},"modified":"2024-12-02T14:42:11","modified_gmt":"2024-12-02T11:42:11","slug":"toplu-tasima-alanindaki-ilk-res-kayseride-kuruluyor","status":"publish","type":"post","link":"https:\/\/www.enerjigazetesi.ist\/en\/toplu-tasima-alanindaki-ilk-res-kayseride-kuruluyor\/","title":{"rendered":"(Turkish) Toplu Ta\u015f\u0131ma Alan\u0131ndaki \u0130lk RES Kayseri&#8217;de Kuruluyor"},"content":{"rendered":"<p class=\"qtranxs-available-languages-message qtranxs-available-languages-message-en\">Sorry, this entry is only available in <a href=\"https:\/\/www.enerjigazetesi.ist\/tr\/wp-json\/wp\/v2\/posts\/193011\" class=\"qtranxs-available-language-link qtranxs-available-language-link-tr\" title=\"Turkish\">Turkish<\/a>. For the sake of viewer convenience, the content is shown below in the alternative language. You may click the link to switch the active language.<\/p><p><\/p>\n<h2>T\u00fcrkiye\u2019nin toplu ula\u015f\u0131m sekt\u00f6r\u00fcndeki ilk r\u00fczg\u00e2r enerji santrali (RES) projesindeki \u00e7al\u0131\u015fmalar Kayseri B\u00fcy\u00fck\u015fehir Belediyesi b\u00fcnyesinde h\u0131zla ilerliyor. Projede yer alan 3 adet t\u00fcrbin ve bu t\u00fcrbinlere ait 9 adet kanat, \u0130zmir&#8217;den Kayseri\u2019ye do\u011fru getiriliyor.<\/h2>\n<p><img loading=\"lazy\" class=\"aligncenter wp-image-193012\" src=\"https:\/\/www.enerjigazetesi.ist\/wp-content\/uploads\/2024\/12\/kayseri-buyuksehir-den-bir-ilk-daha-toplu-ula-18107244_amp.jpg\" alt=\"\" width=\"500\" height=\"333\" srcset=\"https:\/\/www.enerjigazetesi.ist\/wp-content\/uploads\/2024\/12\/kayseri-buyuksehir-den-bir-ilk-daha-toplu-ula-18107244_amp.jpg 550w, https:\/\/www.enerjigazetesi.ist\/wp-content\/uploads\/2024\/12\/kayseri-buyuksehir-den-bir-ilk-daha-toplu-ula-18107244_amp-300x200.jpg 300w, https:\/\/www.enerjigazetesi.ist\/wp-content\/uploads\/2024\/12\/kayseri-buyuksehir-den-bir-ilk-daha-toplu-ula-18107244_amp-500x333.jpg 500w, https:\/\/www.enerjigazetesi.ist\/wp-content\/uploads\/2024\/12\/kayseri-buyuksehir-den-bir-ilk-daha-toplu-ula-18107244_amp-75x50.jpg 75w, https:\/\/www.enerjigazetesi.ist\/wp-content\/uploads\/2024\/12\/kayseri-buyuksehir-den-bir-ilk-daha-toplu-ula-18107244_amp-450x300.jpg 450w\" sizes=\"(max-width: 500px) 100vw, 500px\" \/><\/p>\n<p>Kayseri B\u00fcy\u00fck\u015fehir Belediyesince haz\u0131rlanan ve \u00e7al\u0131\u015fmalara h\u0131zla devam edilen <strong>R\u00fczgar Enerjisi Santrali (RES)<\/strong> Projesi ile \u00fcretilecek <strong>y\u0131ll\u0131k 60 milyon kWh elektrik, 80 tramvay\u0131n elektrik ihtiyac\u0131n\u0131 kar\u015f\u0131layacak<\/strong>.<\/p>\n<p>Belediyeden yap\u0131lan a\u00e7\u0131klamaya g\u00f6re, T\u00fcrkiye&#8217;nin toplu ula\u015f\u0131m sekt\u00f6r\u00fcndeki ilk RES projesi olan bu proje <strong>21 MW<\/strong> kurulu g\u00fc\u00e7te yap\u0131lacak. B\u00fcy\u00fck\u015fehir Belediye Ba\u015fkan\u0131 Memduh B\u00fcy\u00fckk\u0131l\u0131\u00e7, kente ula\u015fan t\u00fcrbinlere ait kanatlar\u0131n\u0131 inceledi.<\/p>\n<p>B\u00fcy\u00fckk\u0131l\u0131\u00e7, <strong>3 t\u00fcrbin ve 9 kanad\u0131n<\/strong> \u0130zmir Alsancak Liman\u0131&#8217;ndan Kayseri&#8217;ye peyderpey getirildi\u011fini belirterek, projede sona yakla\u015f\u0131ld\u0131\u011f\u0131n\u0131 aktard\u0131:<\/p>\n<p>&#8220;<em>21 megavat, yeni nesil ve d\u00fcnyada kendisini kan\u0131tlam\u0131\u015f olan bir firman\u0131n \u00fcr\u00fcn\u00fc. Daha \u00f6nce platformu haz\u0131rland\u0131, yollar test edildi, gerekli altyap\u0131 olu\u015fturuldu. Yakla\u015f\u0131k 6 kilometrelik enerji nakil hatt\u0131 organize sanayimizdeki indiriciye ba\u011flanm\u0131\u015f oldu. Bundan sonraki s\u00fcre\u00e7te gelen kanatlar\u0131n ve t\u00fcrbinlerin montaj s\u00fcreci var. Burada fedakarca \u00e7al\u0131\u015fmalar\u0131 g\u00f6r\u00fcyoruz. \u015eehrimize yak\u0131\u015f\u0131r proje. Hizmetlerin en g\u00fczelini sunmak amac\u0131yla Ula\u015f\u0131m A\u015e&#8217;mizin enerji sorununu \u00e7\u00f6z\u00fcp, ayr\u0131ca kazan\u0131m elde edecek. Ekibi, firmay\u0131, bu g\u00fczel karde\u015flerimizi ayr\u0131 ayr\u0131 tebrik ediyorum.<\/em>&#8221;<\/p>\n<p>B\u00fcy\u00fckk\u0131l\u0131\u00e7, 3 t\u00fcrbinden y\u0131ll\u0131k <strong>60 milyon kWh<\/strong> elektrik elde edilece\u011fini ve projenin 24 saat \u00e7al\u0131\u015faca\u011f\u0131n\u0131 vurgulad\u0131.<\/p>\n<p>Cumhurba\u015fkanl\u0131\u011f\u0131 taraf\u0131ndan kamu kaynaklar\u0131n\u0131n tasarruf ve verimlilik esas\u0131na g\u00f6re kullan\u0131lmas\u0131na ili\u015fkin yay\u0131mlanan genelgeye uygun \u015fekilde y\u00fcr\u00fct\u00fclen proje, T\u00fcrkiye\u2019nin toplu ula\u015f\u0131m sekt\u00f6r\u00fcndeki ilk RES olma \u00f6zelli\u011fine sahip olacak.<\/p>\n<p>En b\u00fcy\u00fc\u011f\u00fc 81,5 metre uzunlu\u011fa, en a\u011f\u0131r\u0131 155 ton a\u011f\u0131rl\u0131\u011fa sahip dev par\u00e7alar\u0131n montaj\u0131 yap\u0131ld\u0131\u011f\u0131nda, 194,5 metre tepe y\u00fcksekli\u011fe ula\u015facak santral <strong>65 katl\u0131 bir binaya<\/strong> e\u015fde\u011fer y\u00fckseklikte olacak.<\/p>\n<p><b>Yay\u0131na Alan:\u00a0<\/b>Emrecan Y\u00dcCEL \u2013 Enerji Sistemleri M\u00fchendisi \u2013\u00a0<a href=\"mailto:emrecan.yucel@enerjigazetesi.ist\">emrecan.yucel@enerjigazetesi.ist<\/a><\/p>","protected":false},"excerpt":{"rendered":"<p>Sorry, this entry is only available in Turkish. For the sake of viewer convenience, the content is shown below in the alternative language. You may click the link to switch the active language. T\u00fcrkiye\u2019nin toplu ula\u015f\u0131m sekt\u00f6r\u00fcndeki ilk r\u00fczg\u00e2r enerji santrali (RES) projesindeki \u00e7al\u0131\u015fmalar Kayseri B\u00fcy\u00fck\u015fehir Belediyesi b\u00fcnyesinde h\u0131zla ilerliyor. Projede yer alan 3 adet [&hellip;]<\/p>\n","protected":false},"author":21,"featured_media":193012,"comment_status":"open","ping_status":"open","sticky":false,"template":"","format":"standard","meta":[],"categories":[51,53,50],"tags":[68,61,63,67,1009,2698,1039,69,16,998,793,105],"views":43,"_links":{"self":[{"href":"https:\/\/www.enerjigazetesi.ist\/en\/wp-json\/wp\/v2\/posts\/193011"}],"collection":[{"href":"https:\/\/www.enerjigazetesi.ist\/en\/wp-json\/wp\/v2\/posts"}],"about":[{"href":"https:\/\/www.enerjigazetesi.ist\/en\/wp-json\/wp\/v2\/types\/post"}],"author":[{"embeddable":true,"href":"https:\/\/www.enerjigazetesi.ist\/en\/wp-json\/wp\/v2\/users\/21"}],"replies":[{"embeddable":true,"href":"https:\/\/www.enerjigazetesi.ist\/en\/wp-json\/wp\/v2\/comments?post=193011"}],"version-history":[{"count":0,"href":"https:\/\/www.enerjigazetesi.ist\/en\/wp-json\/wp\/v2\/posts\/193011\/revisions"}],"wp:featuredmedia":[{"embeddable":true,"href":"https:\/\/www.enerjigazetesi.ist\/en\/wp-json\/wp\/v2\/media\/193012"}],"wp:attachment":[{"href":"https:\/\/www.enerjigazetesi.ist\/en\/wp-json\/wp\/v2\/media?parent=193011"}],"wp:term":[{"taxonomy":"category","embeddable":true,"href":"https:\/\/www.enerjigazetesi.ist\/en\/wp-json\/wp\/v2\/categories?post=193011"},{"taxonomy":"post_tag","embeddable":true,"href":"https:\/\/www.enerjigazetesi.ist\/en\/wp-json\/wp\/v2\/tags?post=193011"}],"curies":[{"name":"wp","href":"https:\/\/api.w.org\/{rel}","templated":true}]}}