{"id":192996,"date":"2024-12-02T13:14:40","date_gmt":"2024-12-02T10:14:40","guid":{"rendered":"https:\/\/www.enerjigazetesi.ist\/?p=192996"},"modified":"2024-12-02T13:26:46","modified_gmt":"2024-12-02T10:26:46","slug":"enerjisa-uretim-den-yenilenebilir-ve-hidrojende-alman-isbirligi","status":"publish","type":"post","link":"https:\/\/www.enerjigazetesi.ist\/en\/enerjisa-uretim-den-yenilenebilir-ve-hidrojende-alman-isbirligi\/","title":{"rendered":"(Turkish) Enerjisa \u00dcretim&#8217;den Yenilenebilir ve Hidrojende Alman \u0130\u015fbirli\u011fi"},"content":{"rendered":"<p class=\"qtranxs-available-languages-message qtranxs-available-languages-message-en\">Sorry, this entry is only available in <a href=\"https:\/\/www.enerjigazetesi.ist\/tr\/wp-json\/wp\/v2\/posts\/192996\" class=\"qtranxs-available-language-link qtranxs-available-language-link-tr\" title=\"Turkish\">Turkish<\/a>. For the sake of viewer convenience, the content is shown below in the alternative language. You may click the link to switch the active language.<\/p><p><\/p>\n<h2>Enerjisa \u00dcretim, Alman ara\u015ft\u0131rma kurulu\u015fu HAW Hamburg CC4E ile i\u015f birli\u011fi yaparak hidrojen \u00fcretimi ara\u015ft\u0131rmalar\u0131 yapacak ve <strong>yenilenebilir enerji sistemlerini, enerji depolama \u00e7\u00f6z\u00fcmlerini ve \u015febeke teknolojilerini<\/strong> bir araya getiren bir ara\u015ft\u0131rma park\u0131 kuracak.<\/h2>\n<p><img loading=\"lazy\" class=\"aligncenter wp-image-192997\" src=\"https:\/\/www.enerjigazetesi.ist\/wp-content\/uploads\/2024\/11\/enerjisa-h2-300x206.jpg\" alt=\"\" width=\"500\" height=\"343\" srcset=\"https:\/\/www.enerjigazetesi.ist\/wp-content\/uploads\/2024\/11\/enerjisa-h2-300x206.jpg 300w, https:\/\/www.enerjigazetesi.ist\/wp-content\/uploads\/2024\/11\/enerjisa-h2-500x343.jpg 500w, https:\/\/www.enerjigazetesi.ist\/wp-content\/uploads\/2024\/11\/enerjisa-h2-73x50.jpg 73w, https:\/\/www.enerjigazetesi.ist\/wp-content\/uploads\/2024\/11\/enerjisa-h2.jpg 550w\" sizes=\"(max-width: 500px) 100vw, 500px\" \/><\/p>\n<p>Almanya\u2019n\u0131n \u00f6nde gelen ara\u015ft\u0131rma kurulu\u015flar\u0131ndan olan HAW Hamburg CC4E ile ger\u00e7ekle\u015ftirilen i\u015f birli\u011fi anla\u015fmas\u0131, Berlin\u2019de d\u00fczenlenen 6. T\u00fcrk-Alman Enerji Forumu kapsam\u0131nda imzaland\u0131. T\u00f6rene Enerji ve Tabii Kaynaklar Bakan\u0131 Dr. Alparslan Bayraktar ve Almanya Ekonomi ve \u0130klim Koruma Bakan\u0131 Dr. Robert Habeck kat\u0131l\u0131m sa\u011flad\u0131. \u0130mza t\u00f6reninde Enerjisa \u00dcretim ad\u0131na \u0130\u015fletme ve Tedarik Zinciri Genel M\u00fcd\u00fcr Yard\u0131mc\u0131s\u0131 Aziz \u00dcnal, Haw Hamburg CC4E ad\u0131na ise Ba\u015fkan Yard\u0131mc\u0131s\u0131 Prof. Dr. Hans Sch\u00e4fers yer ald\u0131.<\/p>\n<p>Bu kapsaml\u0131 i\u015f birli\u011fi, enerji d\u00f6n\u00fc\u015f\u00fcm\u00fcn\u00fc destekleyecek <strong>iki \u00f6nemli projeyi<\/strong> hayata ge\u00e7irmeyi hedefliyor:<\/p>\n<p><strong>Hidrojen \u00dcretimi Ara\u015ft\u0131rmalar\u0131:<\/strong> Farkl\u0131 hidrojen \u00fcretim y\u00f6ntemlerinin analiz edilmesiyle maliyet verimlili\u011fi, \u00e7evresel etkiler ve teknolojik uygulanabilirlik konular\u0131nda kapsaml\u0131 sonu\u00e7lar elde edilecek.<\/p>\n<p><strong>Ara\u015ft\u0131rma Park\u0131:<\/strong> T\u00fcrkiye\u2019de kurulmas\u0131 planlanan bu park, yenilenebilir enerji sistemlerini, enerji depolama \u00e7\u00f6z\u00fcmlerini ve \u015febeke istikrar\u0131n\u0131 art\u0131racak teknolojileri bir araya getirecek.<\/p>\n<p>\u0130mza t\u00f6reni sonras\u0131nda, Enerjisa \u00dcretim \u0130\u015fletme ve Tedarik Zinciri Genel M\u00fcd\u00fcr Yard\u0131mc\u0131s\u0131 Aziz \u00dcnal yapt\u0131\u011f\u0131 a\u00e7\u0131klamada; <em>\u201cEnerjisa \u00dcretim olarak enerji d\u00f6n\u00fc\u015f\u00fcm\u00fcne katk\u0131da bulunacak bu t\u00fcr projelerde uluslararas\u0131 i\u015f birliklerini g\u00fc\u00e7lendirmekten b\u00fcy\u00fck bir gurur duyuyoruz. HAW Hamburg CC4E ile ger\u00e7ekle\u015ftirdi\u011fimiz bu i\u015f birli\u011fi, s\u00fcrd\u00fcr\u00fclebilir enerjinin gelece\u011fi i\u00e7in \u00f6nemli bir ad\u0131m niteli\u011fi ta\u015f\u0131yor. Bu projelerin ayn\u0131 zamanda T\u00fcrkiye&#8217;nin yenilenebilir enerji kapasitesini art\u0131rman\u0131n yan\u0131 s\u0131ra enerji teknolojilerinde uluslararas\u0131 alanda rekabet g\u00fcc\u00fcn\u00fc de peki\u015ftirece\u011fine inan\u0131yoruz. Eme\u011fi ge\u00e7en t\u00fcm ekip arkada\u015flar\u0131m\u0131z\u0131 tebrik ediyor, bu i\u015f birli\u011finin gelecekte daha fazla yenilik\u00e7i ve \u00e7evreci projeye \u00f6nc\u00fcl\u00fck edece\u011fine inan\u0131yoruz\u201d<\/em> dedi.<\/p>\n<p><strong>Yay\u0131na Alan:<\/strong> Emrecan Y\u00dcCEL \u2013 Enerji Sistemleri M\u00fchendisi \u2013 <a href=\"mailto:emrecan.yucel@enerjigazetesi.ist\">emrecan.yucel@enerjigazetesi.ist<\/a><\/p>","protected":false},"excerpt":{"rendered":"<p>Sorry, this entry is only available in Turkish. For the sake of viewer convenience, the content is shown below in the alternative language. You may click the link to switch the active language. Enerjisa \u00dcretim, Alman ara\u015ft\u0131rma kurulu\u015fu HAW Hamburg CC4E ile i\u015f birli\u011fi yaparak hidrojen \u00fcretimi ara\u015ft\u0131rmalar\u0131 yapacak ve yenilenebilir enerji sistemlerini, enerji depolama [&hellip;]<\/p>\n","protected":false},"author":21,"featured_media":192997,"comment_status":"open","ping_status":"open","sticky":false,"template":"","format":"standard","meta":[],"categories":[51,53,49],"tags":[23096,5646,61,63,1009,422,115521,5637,57125,793,4198,105],"views":31,"_links":{"self":[{"href":"https:\/\/www.enerjigazetesi.ist\/en\/wp-json\/wp\/v2\/posts\/192996"}],"collection":[{"href":"https:\/\/www.enerjigazetesi.ist\/en\/wp-json\/wp\/v2\/posts"}],"about":[{"href":"https:\/\/www.enerjigazetesi.ist\/en\/wp-json\/wp\/v2\/types\/post"}],"author":[{"embeddable":true,"href":"https:\/\/www.enerjigazetesi.ist\/en\/wp-json\/wp\/v2\/users\/21"}],"replies":[{"embeddable":true,"href":"https:\/\/www.enerjigazetesi.ist\/en\/wp-json\/wp\/v2\/comments?post=192996"}],"version-history":[{"count":0,"href":"https:\/\/www.enerjigazetesi.ist\/en\/wp-json\/wp\/v2\/posts\/192996\/revisions"}],"wp:featuredmedia":[{"embeddable":true,"href":"https:\/\/www.enerjigazetesi.ist\/en\/wp-json\/wp\/v2\/media\/192997"}],"wp:attachment":[{"href":"https:\/\/www.enerjigazetesi.ist\/en\/wp-json\/wp\/v2\/media?parent=192996"}],"wp:term":[{"taxonomy":"category","embeddable":true,"href":"https:\/\/www.enerjigazetesi.ist\/en\/wp-json\/wp\/v2\/categories?post=192996"},{"taxonomy":"post_tag","embeddable":true,"href":"https:\/\/www.enerjigazetesi.ist\/en\/wp-json\/wp\/v2\/tags?post=192996"}],"curies":[{"name":"wp","href":"https:\/\/api.w.org\/{rel}","templated":true}]}}