{"id":192973,"date":"2024-12-02T13:09:02","date_gmt":"2024-12-02T10:09:02","guid":{"rendered":"https:\/\/www.enerjigazetesi.ist\/?p=192973"},"modified":"2024-12-02T13:28:30","modified_gmt":"2024-12-02T10:28:30","slug":"tupras-kirikkalede-gunes-enerjisi-yatirimi-yapacak","status":"publish","type":"post","link":"https:\/\/www.enerjigazetesi.ist\/en\/tupras-kirikkalede-gunes-enerjisi-yatirimi-yapacak\/","title":{"rendered":"(Turkish) T\u00dcPRA\u015e, K\u0131r\u0131kkale\u2019de G\u00fcne\u015f Enerjisi Yat\u0131r\u0131m\u0131 Yapacak"},"content":{"rendered":"<p class=\"qtranxs-available-languages-message qtranxs-available-languages-message-en\">Sorry, this entry is only available in <a href=\"https:\/\/www.enerjigazetesi.ist\/tr\/wp-json\/wp\/v2\/posts\/192973\" class=\"qtranxs-available-language-link qtranxs-available-language-link-tr\" title=\"Turkish\">Turkish<\/a>. For the sake of viewer convenience, the content is shown below in the alternative language. You may click the link to switch the active language.<\/p><p><\/p>\n<h2><strong>T\u00dcPRA\u015e, K\u0131r\u0131kkale Rafinerisi i\u00e7in 50 MWe kurulu g\u00fc\u00e7te GES kuracak. Proje, rafinerinin \u00e7evre dostu enerji \u00fcretimini art\u0131r\u0131p y\u0131ll\u0131k enerji ihtiyac\u0131n\u0131 kar\u015f\u0131layacak.<\/strong><\/h2>\n<h2><strong><img loading=\"lazy\" class=\"aligncenter wp-image-192975\" src=\"https:\/\/www.enerjigazetesi.ist\/wp-content\/uploads\/2024\/11\/tupras-kirikkale-rafinerisine-ges-kurulacak.jpg\" alt=\"\" width=\"500\" height=\"252\" srcset=\"https:\/\/www.enerjigazetesi.ist\/wp-content\/uploads\/2024\/11\/tupras-kirikkale-rafinerisine-ges-kurulacak.jpg 550w, https:\/\/www.enerjigazetesi.ist\/wp-content\/uploads\/2024\/11\/tupras-kirikkale-rafinerisine-ges-kurulacak-300x151.jpg 300w, https:\/\/www.enerjigazetesi.ist\/wp-content\/uploads\/2024\/11\/tupras-kirikkale-rafinerisine-ges-kurulacak-500x252.jpg 500w, https:\/\/www.enerjigazetesi.ist\/wp-content\/uploads\/2024\/11\/tupras-kirikkale-rafinerisine-ges-kurulacak-80x40.jpg 80w\" sizes=\"(max-width: 500px) 100vw, 500px\" \/><\/strong><\/h2>\n<p><span style=\"font-weight: 400;\">T\u00fcrkiye Petrol Rafinerileri A.\u015e. (T\u00dcPRA\u015e), K\u0131r\u0131kkale ilindeki rafinerisinde <strong>50 MWe<\/strong> kurulu g\u00fc\u00e7te <strong>Lisanss\u0131z G\u00fcne\u015f Enerji Santrali (GES)<\/strong> kurmay\u0131 planl\u0131yor. Bu proje, rafinerinin elektrik ihtiyac\u0131n\u0131 kar\u015f\u0131lamak \u00fczere tasarlanm\u0131\u015f olup, yakla\u015f\u0131k 325 milyon TL yat\u0131r\u0131m bedeli ile ger\u00e7ekle\u015ftirilecek. Projenin <strong>84,3 hektarl\u0131k<\/strong> bir alanda kurulmas\u0131 planlan\u0131p, her biri <strong>545 Wp g\u00fcc\u00fcnde 91.743 adet Half Cut Monokristal tipi g\u00fcne\u015f paneli<\/strong> kullan\u0131lacak.<\/span><\/p>\n<p><span style=\"font-weight: 400;\">K\u0131r\u0131kkale&#8217;deki Hac\u0131lar\/Alt\u0131nova Mahallesinde in\u015faata ba\u015flanacak olan tesis devreye al\u0131nd\u0131\u011f\u0131nda y\u0131lda yakla\u015f\u0131k<strong> 70 milyon kWh<\/strong> elektrik \u00fcretilecek olan santral, rafinerinin kendi elektrik ihtiyac\u0131n\u0131 kar\u015f\u0131lamas\u0131na yard\u0131mc\u0131 olacak. Tesiste \u00fcretilecek olan elektrik enerjisi, <strong>154 kV 1272 MCM EI\u0307H hatt\u0131 \u00fczerinden Hac\u0131lar TM<\/strong>&#8216;ye iletilecek.<\/span><\/p>\n<p><span style=\"font-weight: 400;\">Projenin, T\u00dcPRA\u015e&#8217;\u0131n <strong>\u00e7evre dostu<\/strong> enerji \u00fcretim kapasitesinin \u00f6nemli \u00f6l\u00e7\u00fcde artmas\u0131 ve \u015firketin enerji maliyetleri d\u00fc\u015f\u00fcr\u00fclmesi yan\u0131 s\u0131ra b\u00f6lgedeki <strong>ekonomik geli\u015fmeye<\/strong> de katk\u0131 sa\u011flamas\u0131 bekleniyor.<\/span><\/p>\n<p><span style=\"font-weight: 400;\"><strong>Yay\u0131na Alan:<\/strong> Emrecan Y\u00dcCEL \u2013 Enerji Sistemleri M\u00fchendisi \u2013 <a href=\"mailto:emrecan.yucel@enerjigazetesi.ist\">emrecan.yucel@enerjigazetesi.ist<\/a><\/span><\/p>","protected":false},"excerpt":{"rendered":"<p>Sorry, this entry is only available in Turkish. For the sake of viewer convenience, the content is shown below in the alternative language. You may click the link to switch the active language. T\u00dcPRA\u015e, K\u0131r\u0131kkale Rafinerisi i\u00e7in 50 MWe kurulu g\u00fc\u00e7te GES kuracak. Proje, rafinerinin \u00e7evre dostu enerji \u00fcretimini art\u0131r\u0131p y\u0131ll\u0131k enerji ihtiyac\u0131n\u0131 kar\u015f\u0131layacak. T\u00fcrkiye [&hellip;]<\/p>\n","protected":false},"author":21,"featured_media":192975,"comment_status":"open","ping_status":"open","sticky":false,"template":"","format":"standard","meta":[],"categories":[53,49],"tags":[2530,68,63,2326,227,13,4474,3236,1000,105],"views":150,"_links":{"self":[{"href":"https:\/\/www.enerjigazetesi.ist\/en\/wp-json\/wp\/v2\/posts\/192973"}],"collection":[{"href":"https:\/\/www.enerjigazetesi.ist\/en\/wp-json\/wp\/v2\/posts"}],"about":[{"href":"https:\/\/www.enerjigazetesi.ist\/en\/wp-json\/wp\/v2\/types\/post"}],"author":[{"embeddable":true,"href":"https:\/\/www.enerjigazetesi.ist\/en\/wp-json\/wp\/v2\/users\/21"}],"replies":[{"embeddable":true,"href":"https:\/\/www.enerjigazetesi.ist\/en\/wp-json\/wp\/v2\/comments?post=192973"}],"version-history":[{"count":0,"href":"https:\/\/www.enerjigazetesi.ist\/en\/wp-json\/wp\/v2\/posts\/192973\/revisions"}],"wp:featuredmedia":[{"embeddable":true,"href":"https:\/\/www.enerjigazetesi.ist\/en\/wp-json\/wp\/v2\/media\/192975"}],"wp:attachment":[{"href":"https:\/\/www.enerjigazetesi.ist\/en\/wp-json\/wp\/v2\/media?parent=192973"}],"wp:term":[{"taxonomy":"category","embeddable":true,"href":"https:\/\/www.enerjigazetesi.ist\/en\/wp-json\/wp\/v2\/categories?post=192973"},{"taxonomy":"post_tag","embeddable":true,"href":"https:\/\/www.enerjigazetesi.ist\/en\/wp-json\/wp\/v2\/tags?post=192973"}],"curies":[{"name":"wp","href":"https:\/\/api.w.org\/{rel}","templated":true}]}}