{"id":192969,"date":"2024-11-28T19:36:54","date_gmt":"2024-11-28T16:36:54","guid":{"rendered":"https:\/\/www.enerjigazetesi.ist\/?p=192969"},"modified":"2024-11-28T19:36:54","modified_gmt":"2024-11-28T16:36:54","slug":"ht-solar-esnek-gunes-panellerini-ilk-kez-eskisehirde-kullanima-sundu","status":"publish","type":"post","link":"https:\/\/www.enerjigazetesi.ist\/en\/ht-solar-esnek-gunes-panellerini-ilk-kez-eskisehirde-kullanima-sundu\/","title":{"rendered":"(Turkish) &#8217;HT Solar&#8217; Esnek G\u00fcne\u015f Panellerini \u0130lk Kez Eski\u015fehir\u2019de Kullan\u0131ma Sundu"},"content":{"rendered":"<p class=\"qtranxs-available-languages-message qtranxs-available-languages-message-en\">Sorry, this entry is only available in <a href=\"https:\/\/www.enerjigazetesi.ist\/tr\/wp-json\/wp\/v2\/posts\/192969\" class=\"qtranxs-available-language-link qtranxs-available-language-link-tr\" title=\"Turkish\">Turkish<\/a>. For the sake of viewer convenience, the content is shown below in the alternative language. You may click the link to switch the active language.<\/p><p><\/p>\n<h2><strong>HT Solar Enerji, yeni \u00fcr\u00fcnlerinden biri olan esnek g\u00fcne\u015f panelini ilk kez Eski\u015fehir<\/strong><strong>\u2019<\/strong><strong>de kullan\u0131ma sundu. HT Solar Genel M\u00fcd\u00fcr Yard\u0131mc\u0131s\u0131 Emre Kula\u00e7,\u00a0<\/strong><em><strong>\u201c<\/strong><\/em><strong><em>Farkl\u0131 m\u00fc\u015fteri ihtiya\u00e7lar\u0131na y\u00f6nelik geli\u015ftirdi\u011fimiz yenilik\u00e7i \u00fcr\u00fcnlerle, sekt\u00f6r\u00fcm\u00fczdeki g\u00fc\u00e7l\u00fc konumumuzu daha da ileri ta\u015f\u0131may\u0131 ama\u00e7l\u0131yoruz\u201d<\/em> a\u00e7\u0131klamas\u0131nda bulundu.<\/strong><\/h2>\n<p style=\"text-align: center;\"><img loading=\"lazy\" class=\"aligncenter wp-image-192971\" src=\"https:\/\/www.enerjigazetesi.ist\/wp-content\/uploads\/2024\/11\/ht-solar-esnek-gunes-panellerini-ilk-kez-eskisehirde-kullanima-sundu.jpg\" alt=\"\" width=\"500\" height=\"334\" srcset=\"https:\/\/www.enerjigazetesi.ist\/wp-content\/uploads\/2024\/11\/ht-solar-esnek-gunes-panellerini-ilk-kez-eskisehirde-kullanima-sundu.jpg 550w, https:\/\/www.enerjigazetesi.ist\/wp-content\/uploads\/2024\/11\/ht-solar-esnek-gunes-panellerini-ilk-kez-eskisehirde-kullanima-sundu-300x200.jpg 300w, https:\/\/www.enerjigazetesi.ist\/wp-content\/uploads\/2024\/11\/ht-solar-esnek-gunes-panellerini-ilk-kez-eskisehirde-kullanima-sundu-500x334.jpg 500w, https:\/\/www.enerjigazetesi.ist\/wp-content\/uploads\/2024\/11\/ht-solar-esnek-gunes-panellerini-ilk-kez-eskisehirde-kullanima-sundu-75x50.jpg 75w, https:\/\/www.enerjigazetesi.ist\/wp-content\/uploads\/2024\/11\/ht-solar-esnek-gunes-panellerini-ilk-kez-eskisehirde-kullanima-sundu-450x300.jpg 450w\" sizes=\"(max-width: 500px) 100vw, 500px\" \/><\/p>\n<p>Yenilenebilir enerjiye dayal\u0131 daha temiz bir gelece\u011fe katk\u0131 sunmak i\u00e7in 2016 y\u0131l\u0131ndan bu yana faaliyetlerini s\u00fcrd\u00fcren HT Solar, bu y\u0131l seri \u00fcretimine ba\u015flad\u0131\u011f\u0131 esnek g\u00fcne\u015f panelinin ilk kurulum projesini Eski\u015fehir\u2019de hayata ge\u00e7irdi. T\u00fcrkiye\u2019de esnek g\u00fcne\u015f panellerinin seri \u00fcretimini ger\u00e7ekle\u015ftiren ilk firma olma unvan\u0131n\u0131 ta\u015f\u0131yan HT Solar\u2019\u0131n bu projesi her biri 450W g\u00fcc\u00fcndeki 30 adet esnek g\u00fcne\u015f panellerinden olu\u015fuyor. 120 m\u00b2\u2019lik bir \u00e7at\u0131ya kurulan paneller, y\u0131ll\u0131k ortalama 15.000 kWh ye\u015fil enerji \u00fcreterek y\u0131lda yakla\u015f\u0131k 65 bin T\u00fcrk liras\u0131 tasarruf sa\u011flayacak.<\/p>\n<p><strong>HT Solar Genel M\u00fcd\u00fcr Yard\u0131mc\u0131s\u0131 Emre Kula\u00e7<\/strong>, proje hakk\u0131nda yapt\u0131\u011f\u0131 a\u00e7\u0131klamada,\u00a0<em>&#8220;Farkl\u0131 m\u00fc\u015fteri beklentilerine y\u00f6nelik olarak geli\u015ftirdi\u011fimiz esnek panellerimizin geni\u015f kullan\u0131m alanlar\u0131, g\u00fcne\u015f enerjisinden faydalanman\u0131n daha yayg\u0131n hale gelmesine \u00f6nemli bir katk\u0131 sunuyor.&#8221;<\/em> diyerek \u015funlar\u0131 s\u00f6yledi:<\/p>\n<p><em>\u201cHT Solar olarak yeni nesil g\u00fcne\u015f panellerimizle T\u00fcrkiye\u2019mizin temiz enerjiye dayanan gelece\u011fini in\u015fa ediyoruz. Bug\u00fcn geldi\u011fimiz noktada T\u00fcrkiye\u2019nin g\u00fcne\u015f enerjisi kurulu g\u00fcc\u00fcn\u00fcn yakla\u015f\u0131k y\u00fczde 15\u2019inin panellerimiz ile sa\u011flan\u0131yor olmas\u0131 bize gurur veriyor. En yeni \u00fcr\u00fcnlerimizden biri olan esnek panellerimiz; statik a\u00e7\u0131dan yetersiz \u00e7at\u0131lar ve membran \u00e7at\u0131lar ba\u015fta olmak \u00fczere, bungalov, karavan, tekne, yat, otob\u00fcs ve araba gibi son kullan\u0131c\u0131lara hitap eden alanlarda g\u00fcne\u015f enerjisinden yararlanmak isteyen m\u00fc\u015fterilerimize en uygun \u00e7\u00f6z\u00fcm\u00fc sunuyor. Partner firmam\u0131z Fellow Enerji ile ge\u00e7ti\u011fimiz Nisan ay\u0131nda T\u00fcrkiye\u2019de ilk kez seri \u00fcretimine imza att\u0131\u011f\u0131m\u0131z esnek panellerin kullan\u0131m\u0131n\u0131 yayg\u0131nla\u015ft\u0131rmak i\u00e7in \u00e7al\u0131\u015fmalar\u0131m\u0131za devam ediyoruz. TR M\u00fchendislik ile i\u015f birli\u011fi i\u00e7inde Eski\u015fehir\u2019de hayata ge\u00e7irdi\u011fimiz bu proje g\u00fczel bir ba\u015flang\u0131\u00e7 oldu ve devam\u0131n\u0131n da h\u0131zla gelece\u011fine inan\u0131yorum.\u201d<\/em><\/p>\n<p>Bu projede esnek g\u00fcne\u015f panellerinin kurulumunu ger\u00e7ekle\u015ftiren TR M\u00fchendislik\u2019in kurucusu \u0130smail Temel ise yapt\u0131\u011f\u0131 a\u00e7\u0131klamada, <em>\u201cM\u00fc\u015fterimiz bir y\u0131ldan fazla s\u00fcredir bizden esnek panel talep ediyordu fakat istenilen g\u00fc\u00e7te esnek paneli T\u00fcrkiye\u2019den tedarik edememi\u015ftik. HT Solar\u2019\u0131n T\u00fcrkiye\u2019de y\u00fcksek g\u00fc\u00e7 \u00e7\u0131k\u0131\u015fl\u0131 esnek panellerin seri \u00fcretimine ba\u015flamas\u0131yla birlikte biz de m\u00fc\u015fterimizin ihtiya\u00e7lar\u0131n\u0131 tam anlam\u0131yla kar\u015f\u0131lam\u0131\u015f olduk. TR M\u00fchendislik olarak \u00f6nceli\u011fimiz \u00fcr\u00fcn tedarik etti\u011fimiz firmalar\u0131n y\u00fcksek kalitede \u00fcretim yap\u0131yor olmas\u0131d\u0131r. Standartlar\u0131m\u0131z\u0131n da \u00fczerinde \u00fcretim yapan HT Solar\u2019\u0131 tercih ederek m\u00fc\u015fterimize en iyi hizmeti sunman\u0131n mutlulu\u011funu ya\u015f\u0131yoruz\u201d<\/em> ifadelerini kulland\u0131.<\/p>\n<p>Ortalama 6.5 kilogram a\u011f\u0131rl\u0131\u011f\u0131 ile di\u011fer standart g\u00fcne\u015f panellerine k\u0131yasla ortalama y\u00fczde 80 daha hafif olan esnek paneller, bir\u00e7ok \u015fekil ve y\u00fczeye delme veya vidalama gerektirmeden \u00f6zel yap\u0131\u015ft\u0131r\u0131c\u0131 madde kullan\u0131larak kolay ve h\u0131zl\u0131 bir \u015fekilde uygulanabilmesi sayesinde y\u00fcksek kurulum maliyetleri de gerektirmiyor.<\/p>\n<p>Y\u00fcksek voltaj ve nemli ko\u015fullar alt\u0131nda potansiyel kaynakl\u0131 bozulmadan koruyan Anti-PID \u00f6zelli\u011fine sahip esnek paneller \u00fcreten HT Solar, m\u00fc\u015fterilerine 12 y\u0131l \u00fcr\u00fcn garantisi ve 25 y\u0131l g\u00fc\u00e7 \u00e7\u0131k\u0131\u015f garantisi de sunuyor.<\/p>\n<p style=\"text-align: center;\"><iframe loading=\"lazy\" title=\"YouTube video player\" src=\"https:\/\/www.youtube.com\/embed\/LGLujM8ZaAo?si=wGCmFiy8I8xgCQn5\" width=\"560\" height=\"315\" frameborder=\"0\" allowfullscreen=\"allowfullscreen\"><\/iframe><\/p>\n<p><\/p>","protected":false},"excerpt":{"rendered":"<p>Sorry, this entry is only available in Turkish. For the sake of viewer convenience, the content is shown below in the alternative language. You may click the link to switch the active language. HT Solar Enerji, yeni \u00fcr\u00fcnlerinden biri olan esnek g\u00fcne\u015f panelini ilk kez Eski\u015fehir\u2019de kullan\u0131ma sundu. HT Solar Genel M\u00fcd\u00fcr Yard\u0131mc\u0131s\u0131 Emre Kula\u00e7,\u00a0\u201cFarkl\u0131 [&hellip;]<\/p>\n","protected":false},"author":1,"featured_media":192971,"comment_status":"open","ping_status":"open","sticky":false,"template":"","format":"standard","meta":[],"categories":[53,49],"tags":[113654,2206,33686,115520],"views":25,"_links":{"self":[{"href":"https:\/\/www.enerjigazetesi.ist\/en\/wp-json\/wp\/v2\/posts\/192969"}],"collection":[{"href":"https:\/\/www.enerjigazetesi.ist\/en\/wp-json\/wp\/v2\/posts"}],"about":[{"href":"https:\/\/www.enerjigazetesi.ist\/en\/wp-json\/wp\/v2\/types\/post"}],"author":[{"embeddable":true,"href":"https:\/\/www.enerjigazetesi.ist\/en\/wp-json\/wp\/v2\/users\/1"}],"replies":[{"embeddable":true,"href":"https:\/\/www.enerjigazetesi.ist\/en\/wp-json\/wp\/v2\/comments?post=192969"}],"version-history":[{"count":0,"href":"https:\/\/www.enerjigazetesi.ist\/en\/wp-json\/wp\/v2\/posts\/192969\/revisions"}],"wp:featuredmedia":[{"embeddable":true,"href":"https:\/\/www.enerjigazetesi.ist\/en\/wp-json\/wp\/v2\/media\/192971"}],"wp:attachment":[{"href":"https:\/\/www.enerjigazetesi.ist\/en\/wp-json\/wp\/v2\/media?parent=192969"}],"wp:term":[{"taxonomy":"category","embeddable":true,"href":"https:\/\/www.enerjigazetesi.ist\/en\/wp-json\/wp\/v2\/categories?post=192969"},{"taxonomy":"post_tag","embeddable":true,"href":"https:\/\/www.enerjigazetesi.ist\/en\/wp-json\/wp\/v2\/tags?post=192969"}],"curies":[{"name":"wp","href":"https:\/\/api.w.org\/{rel}","templated":true}]}}