{"id":192927,"date":"2024-11-28T13:57:40","date_gmt":"2024-11-28T10:57:40","guid":{"rendered":"https:\/\/www.enerjigazetesi.ist\/?p=192927"},"modified":"2024-11-28T13:57:40","modified_gmt":"2024-11-28T10:57:40","slug":"enerji-sektor-paydaslarinin-bulustugu-14-turkiye-enerji-zirvesi-tamamlandi","status":"publish","type":"post","link":"https:\/\/www.enerjigazetesi.ist\/en\/enerji-sektor-paydaslarinin-bulustugu-14-turkiye-enerji-zirvesi-tamamlandi\/","title":{"rendered":"(Turkish) Enerji Sekt\u00f6r Payda\u015flar\u0131n\u0131n Bulu\u015ftu\u011fu 14. T\u00fcrkiye Enerji Zirvesi Tamamland\u0131"},"content":{"rendered":"<p class=\"qtranxs-available-languages-message qtranxs-available-languages-message-en\">Sorry, this entry is only available in <a href=\"https:\/\/www.enerjigazetesi.ist\/tr\/wp-json\/wp\/v2\/posts\/192927\" class=\"qtranxs-available-language-link qtranxs-available-language-link-tr\" title=\"Turkish\">Turkish<\/a>. For the sake of viewer convenience, the content is shown below in the alternative language. You may click the link to switch the active language.<\/p><p><\/p>\n<h2>Enerji Fuarc\u0131l\u0131k taraf\u0131ndan d\u00fczenlenen T\u00fcrkiye Enerji Zirvesinin 14\u2019\u00fcnc\u00fcs\u00fc 25-26 Kas\u0131m\u2019da Hilton \u0130stanbul Bomonti Hotel Conference Center\u2019da ger\u00e7ekle\u015fti. Enerji sekt\u00f6r\u00fcnde yer alan bir\u00e7ok \u015firketin sponsorlu\u011fu ve kat\u0131l\u0131m\u0131yla ger\u00e7ekle\u015ftirilen zirve; elektrik, do\u011falgaz, akaryak\u0131t, LPG ve yenilenebilir enerji piyasalar\u0131n\u0131 bir araya getirdi.<\/h2>\n<p style=\"text-align: center;\"><img loading=\"lazy\" class=\"aligncenter wp-image-192929\" src=\"https:\/\/www.enerjigazetesi.ist\/wp-content\/uploads\/2024\/11\/enerji-sektor-paydaslarinin-bulustugu-14-turkiye-enerji-zirvesi-tamamlandi.jpg\" alt=\"\" width=\"500\" height=\"325\" srcset=\"https:\/\/www.enerjigazetesi.ist\/wp-content\/uploads\/2024\/11\/enerji-sektor-paydaslarinin-bulustugu-14-turkiye-enerji-zirvesi-tamamlandi.jpg 550w, https:\/\/www.enerjigazetesi.ist\/wp-content\/uploads\/2024\/11\/enerji-sektor-paydaslarinin-bulustugu-14-turkiye-enerji-zirvesi-tamamlandi-300x195.jpg 300w, https:\/\/www.enerjigazetesi.ist\/wp-content\/uploads\/2024\/11\/enerji-sektor-paydaslarinin-bulustugu-14-turkiye-enerji-zirvesi-tamamlandi-500x325.jpg 500w, https:\/\/www.enerjigazetesi.ist\/wp-content\/uploads\/2024\/11\/enerji-sektor-paydaslarinin-bulustugu-14-turkiye-enerji-zirvesi-tamamlandi-77x50.jpg 77w\" sizes=\"(max-width: 500px) 100vw, 500px\" \/><\/p>\n<p>Zirve ba\u015fkan\u0131 Mustafa Ak\u0131nc\u0131&#8217;n\u0131n a\u00e7\u0131l\u0131\u015f konu\u015fmas\u0131yla ba\u015flayan zirvede Ak\u0131nc\u0131, T\u00fcrkiye enerji sekt\u00f6r\u00fcnde son d\u00f6nemde ya\u015fanan olumlu geli\u015fmeleri aktard\u0131. Enerji ve Tabii Kaynaklar Bakan Yard\u0131mc\u0131s\u0131 Abdullah Tancan ise T\u00fcrkiye&#8217;nin elektrik talebinin y\u0131lda y\u00fczde 4,4 artt\u0131\u011f\u0131n\u0131 belirterek, <em>&#8220;Bu y\u00fcksek talep art\u0131\u015f\u0131n\u0131 kar\u015f\u0131lamak i\u00e7in uygulad\u0131\u011f\u0131m\u0131z politikalarla elektrik kurulu g\u00fcc\u00fcm\u00fcz\u00fc bug\u00fcn itibar\u0131yla 115 bin megavata y\u00fckseltmi\u015f durumday\u0131z.&#8221;<\/em> c\u00fcmlesini s\u00f6zlerine ekledi.<\/p>\n<p>Abdullah Tancan, T\u00fcrkiye&#8217;nin toplam yenilenebilir enerji kurulu g\u00fcc\u00fc ile Avrupa&#8217;da 5&#8217;inci, d\u00fcnyada ise 11&#8217;inci s\u0131rada yer ald\u0131\u011f\u0131n\u0131 hat\u0131rlatarak 2025 hedefinin de Avrupa&#8217;da ilk 3, d\u00fcnyada ise ilk 9&#8217;da yer almak olaca\u011f\u0131n\u0131, ayr\u0131ca elektrikli ara\u00e7lar, dijitalle\u015fme ve yapay zekan\u0131n da etkisiyle bu talep art\u0131\u015f\u0131n\u0131n devam edece\u011fini de belirtti. Tancan, bu talebi kar\u015f\u0131larken elektrik \u00fcretim portf\u00f6y\u00fcn\u00fcn 2053 net s\u0131f\u0131r emisyon hedefleri do\u011frultusunda \u015fekillenmesinin \u00f6nemli oldu\u011funun da alt\u0131n\u0131 \u00e7izdi.<\/p>\n<p>Enerji yat\u0131r\u0131mlar\u0131 ve finansmanlar, enerji depolama ve e-mobilite konular\u0131n da konu\u015fuldu\u011fu zirvenin ilk g\u00fcn\u00fcnde G\u00fcrcistan, Bel\u00e7ika, Ukrayna, \u0130ran \u00fclkeleri ve Afrika k\u0131tas\u0131ndaki enerji d\u00f6n\u00fc\u015f\u00fcmleri ile ilgili \u00f6zel sunumlar da ger\u00e7ekle\u015ftirildi.<\/p>\n<p>Zirvenin ikinci g\u00fcn\u00fc ise Energy Aspects Piyasa Temel Analizler Birimi Ba\u015fkan\u0131 Samer Mosis\u2019in \u201c Enerji Piyasalar\u0131n\u0131n Gelece\u011fi: H\u00fck\u00fcmet M\u00fcdahaleleri Devri\u201c adl\u0131 \u00f6zel sunumuyla ba\u015flad\u0131. Mosis, bu sunumda enerji piyasalar\u0131nda \u00f6n\u00fcm\u00fczdeki y\u0131llarda kar\u015f\u0131la\u015f\u0131labilecek geli\u015fmelerle ilgili \u00f6ng\u00f6r\u00fclerini iletti. \u00d6nceki y\u0131llarda ABD H\u00fck\u00fcmeti i\u00e7erisinde de bir\u00e7ok rolde \u00e7al\u0131\u015fm\u0131\u015f olan Mosis, h\u00fck\u00fcmet politikalar\u0131n\u0131n enerji piyasalar\u0131 \u00fczerinde giderek artan etkisi \u00fczerine konu\u015ftu.<\/p>\n<p>Bu sunumun ard\u0131ndan do\u011falgaz, ye\u015fil enerji piyasalar\u0131, g\u00fcne\u015f enerjisi, hidrojen, jeotermal, biyoenerji ve hidroelektrik enerji \u00fczerine oturumlar ger\u00e7ekle\u015ftirildi. Bu oturumlarda sivil toplum \u00f6rg\u00fctlerinin yan\u0131 s\u0131ra kamu ve \u00f6zel sekt\u00f6r temsilcileri yer alarak enerji g\u00fcndemini masaya yat\u0131rd\u0131.<\/p>\n<p>Solarbaba T\u00fcrkiye \u0130\u015f Geli\u015ftirme Y\u00f6neticisi Elif Seda Ak\u00e7a\u2019n\u0131n moderat\u00f6rl\u00fc\u011f\u00fcnde ve ZES Solar Genel M\u00fcd\u00fcr\u00fc Evren Evcit, \u0130\u015f Enerji Strateji, \u0130\u015f Geli\u015ftirme, Operasyon ve Ticaret Genel M\u00fcd\u00fcr Yard\u0131mc\u0131s\u0131 Emre Okuyan, Chint Green Energy Genel M\u00fcd\u00fcr Yard\u0131mc\u0131s\u0131 Ba\u015far Y\u0131lmaz ve Solarbaba Kurucusu Ate\u015f U\u011furel\u2019in kat\u0131l\u0131m\u0131yla ger\u00e7ekle\u015ftirilen G\u00fcne\u015f Enerjisi Oturumunda g\u00fcne\u015f enerjisinin \u00fclkemizdeki b\u00fcy\u00fck \u00e7apl\u0131 \u00f6nemi, ilgili yasal y\u00fck\u00fcml\u00fcl\u00fckler, mesken GES\u2019lerin mevcut durumu ve gelece\u011fi, finans sekt\u00f6r\u00fcnde yenilenebilir enerjinin rol\u00fc, PPA (Enerji Tedarik Anla\u015fmas\u0131) projeleri ve enerji depolama yat\u0131r\u0131mlar\u0131ndaki alternatif finansal \u00e7\u00f6z\u00fcmler ile ilgili g\u00f6r\u00fc\u015fler sunuldu.<\/p>\n<p>Hidrojen Oturumu ise TEKFEN Holding Grup \u015eirketler Ba\u015fkan\u0131 Hakan G\u00f6ral\u2019\u0131n moderat\u00f6rl\u00fc\u011f\u00fcnde ve Linde Gaz T\u00fcrkiye Genel M\u00fcd\u00fcr\u00fc Adnan \u00dcnal, T\u00dcPRA\u015e Strateji ve S\u00fcrd\u00fcr\u00fclebilirlik Direkt\u00f6r\u00fc \u00c7a\u011fatay \u00d6lken, IFC (Uluslararas\u0131 Finans Kurumu) Yat\u0131r\u0131m Sorumlusu Pedro Uhalde ve Sabanc\u0131 \u00dcniversitesi \u00d6\u011fretim \u00dcyesi Prof. Dr. Selmiye Alkan G\u00fcrsel\u2019\u2019in kat\u0131l\u0131m\u0131yla ger\u00e7ekle\u015ftirildi.\u00a0 Bu oturumunda d\u00fcnya \u00e7ap\u0131ndaki hidrojen talebi, hidrojenin d\u00f6n\u00fc\u015f\u00fcm\u00fc, \u00fcretim ve kullan\u0131m a\u015famalar\u0131, hidrojen ekosistemi, ye\u015fil hidrojen,\u00a0 elektroliz teknolojileri ve d\u00fcnya \u00e7ap\u0131ndaki hidrojen vadileri gibi konular ele al\u0131nd\u0131. Ayr\u0131ca oturumda \u00c7a\u011fatay \u00d6lken, T\u00dcPRA\u015e\u2019\u0131n ye\u015fil hidrojen i\u00e7in 20 MW\u2019l\u0131k elektroliz\u00f6r yat\u0131r\u0131m\u0131 yapaca\u011f\u0131n\u0131 belirtti.<\/p>\n<p>\u0130ki g\u00fcn boyunca t\u00fcm enerji sekt\u00f6r payda\u015flar\u0131 ve kat\u0131l\u0131mc\u0131lara ev sahipli\u011fi yapan 14.T\u00fcrkiye Enerji Zirvesi yo\u011fun bir ilgiyle tamamland\u0131.<\/p>\n<div class=\"entry\">\n<div class=\"entry\">\n<p>Emrecan Y\u00dcCEL \u2013 Enerji Sistemleri M\u00fchendisi \u2013\u00a0<a href=\"mailto:emrecan.yucel@enerjigazetesi.ist\" target=\"_blank\" rel=\"noopener\">emrecan.yucel@enerjigazetesi.ist<\/a><\/p>\n<\/div>\n<\/div>\n<p>&nbsp;<\/p>","protected":false},"excerpt":{"rendered":"<p>Sorry, this entry is only available in Turkish. For the sake of viewer convenience, the content is shown below in the alternative language. You may click the link to switch the active language. Enerji Fuarc\u0131l\u0131k taraf\u0131ndan d\u00fczenlenen T\u00fcrkiye Enerji Zirvesinin 14\u2019\u00fcnc\u00fcs\u00fc 25-26 Kas\u0131m\u2019da Hilton \u0130stanbul Bomonti Hotel Conference Center\u2019da ger\u00e7ekle\u015fti. Enerji sekt\u00f6r\u00fcnde yer alan bir\u00e7ok [&hellip;]<\/p>\n","protected":false},"author":1,"featured_media":192929,"comment_status":"open","ping_status":"open","sticky":false,"template":"","format":"standard","meta":[],"categories":[46,51,53,49,45],"tags":[2289,92,68,37253,35369,426,115513],"views":35,"_links":{"self":[{"href":"https:\/\/www.enerjigazetesi.ist\/en\/wp-json\/wp\/v2\/posts\/192927"}],"collection":[{"href":"https:\/\/www.enerjigazetesi.ist\/en\/wp-json\/wp\/v2\/posts"}],"about":[{"href":"https:\/\/www.enerjigazetesi.ist\/en\/wp-json\/wp\/v2\/types\/post"}],"author":[{"embeddable":true,"href":"https:\/\/www.enerjigazetesi.ist\/en\/wp-json\/wp\/v2\/users\/1"}],"replies":[{"embeddable":true,"href":"https:\/\/www.enerjigazetesi.ist\/en\/wp-json\/wp\/v2\/comments?post=192927"}],"version-history":[{"count":0,"href":"https:\/\/www.enerjigazetesi.ist\/en\/wp-json\/wp\/v2\/posts\/192927\/revisions"}],"wp:featuredmedia":[{"embeddable":true,"href":"https:\/\/www.enerjigazetesi.ist\/en\/wp-json\/wp\/v2\/media\/192929"}],"wp:attachment":[{"href":"https:\/\/www.enerjigazetesi.ist\/en\/wp-json\/wp\/v2\/media?parent=192927"}],"wp:term":[{"taxonomy":"category","embeddable":true,"href":"https:\/\/www.enerjigazetesi.ist\/en\/wp-json\/wp\/v2\/categories?post=192927"},{"taxonomy":"post_tag","embeddable":true,"href":"https:\/\/www.enerjigazetesi.ist\/en\/wp-json\/wp\/v2\/tags?post=192927"}],"curies":[{"name":"wp","href":"https:\/\/api.w.org\/{rel}","templated":true}]}}