{"id":192907,"date":"2024-11-24T19:11:53","date_gmt":"2024-11-24T16:11:53","guid":{"rendered":"https:\/\/www.enerjigazetesi.ist\/?p=192907"},"modified":"2024-11-24T19:13:10","modified_gmt":"2024-11-24T16:13:10","slug":"elektrikte-yillik-5-bin-kilovatsaati-asan-tuketimlere-yonelik-duzenleme","status":"publish","type":"post","link":"https:\/\/www.enerjigazetesi.ist\/en\/elektrikte-yillik-5-bin-kilovatsaati-asan-tuketimlere-yonelik-duzenleme\/","title":{"rendered":"(Turkish) Elektrikte Y\u0131ll\u0131k 5 Bin Kilovatsaati A\u015fan T\u00fcketimler \u0130\u00e7in D\u00fczenleme"},"content":{"rendered":"<p class=\"qtranxs-available-languages-message qtranxs-available-languages-message-en\">Sorry, this entry is only available in <a href=\"https:\/\/www.enerjigazetesi.ist\/tr\/wp-json\/wp\/v2\/posts\/192907\" class=\"qtranxs-available-language-link qtranxs-available-language-link-tr\" title=\"Turkish\">Turkish<\/a>. For the sake of viewer convenience, the content is shown below in the alternative language. You may click the link to switch the active language.<\/p><p><\/p>\n<h2 class=\"category-detail-sub-title\" data-gtm-vis-first-on-screen2765436_106=\"3488\" data-gtm-vis-total-visible-time2765436_106=\"100\" data-gtm-vis-has-fired2765436_106=\"1\">T\u00fcketim grubuna g\u00f6re, s\u00fcbvansiyon karar\u0131 Resmi Gazete\u2019de yay\u0131mland\u0131. Buna g\u00f6re y\u0131ll\u0131k 5 bin kilovatsaat (kWh) t\u00fcketimi olan konut ve ticarethane aboneleri art\u0131k s\u00fcbvansiyonlu elektrik kullanamayacak. D\u00fczenleme 1 Ocak&#8217;tan itibaren ge\u00e7erli olacak.<\/h2>\n<p style=\"text-align: center;\"><img loading=\"lazy\" class=\"aligncenter wp-image-192910\" src=\"https:\/\/www.enerjigazetesi.ist\/wp-content\/uploads\/2024\/11\/elektrikte-yillik-5-bin-kilovatsaati-asan-tuketimlere-yonelik-duzenleme.jpg\" alt=\"\" width=\"500\" height=\"279\" srcset=\"https:\/\/www.enerjigazetesi.ist\/wp-content\/uploads\/2024\/11\/elektrikte-yillik-5-bin-kilovatsaati-asan-tuketimlere-yonelik-duzenleme.jpg 550w, https:\/\/www.enerjigazetesi.ist\/wp-content\/uploads\/2024\/11\/elektrikte-yillik-5-bin-kilovatsaati-asan-tuketimlere-yonelik-duzenleme-300x167.jpg 300w, https:\/\/www.enerjigazetesi.ist\/wp-content\/uploads\/2024\/11\/elektrikte-yillik-5-bin-kilovatsaati-asan-tuketimlere-yonelik-duzenleme-500x279.jpg 500w, https:\/\/www.enerjigazetesi.ist\/wp-content\/uploads\/2024\/11\/elektrikte-yillik-5-bin-kilovatsaati-asan-tuketimlere-yonelik-duzenleme-80x45.jpg 80w\" sizes=\"(max-width: 500px) 100vw, 500px\" \/><\/p>\n<p>Elektrik faturalar\u0131nda yeni tarife d\u00f6neminin ba\u015flayaca\u011f\u0131 tarih belli oldu. 1 Ocak 2025&#8217;ten itibaren ge\u00e7erli olacak uygulamayla y\u0131ll\u0131k t\u00fcketimi 5 bin kilovaatsaat olan t\u00fcketiciler devlet s\u00fcbvansiyonundan yararlanamayacak.<\/p>\n<p>Camiler, cemevleri, ibadethaneler, dernekler, AFAD ge\u00e7ici bar\u0131nma merkezleri \u015fehit aileleri ve muharip\/malul gaziler de d\u00fczenlemenin d\u0131\u015f\u0131nda tutulacak.<\/p>\n<p>Tar\u0131msal faaliyetler grubunda son kaynak limiti de\u011fi\u015ftirilmedi. Tar\u0131msal faaliyetteki herhangi bir t\u00fcketici bu d\u00fczenlemeden etkilenmeyecek.<\/p>\n<h3>ABONELER\u0130N Y\u00dcZDE 3&#8217;\u00dc ETK\u0130LENECEK<\/h3>\n<p>Mesken abonelerinin say\u0131s\u0131 40 milyon civar\u0131nda. T\u00fcketimi y\u00fcksek olan yakla\u015f\u0131k 1.2 milyon mesken abonesi var.<\/p>\n<p>Bu durumda t\u00fcm mesken abonelerinin sedece y\u00fczde 3&#8217;\u00fc bu d\u00fczenlemeden etkilenecek.<\/p>\n<p>Sanayi t\u00fcketicileri ve Kamu ve \u00d6zel Hizmetler Sekt\u00f6r\u00fc ile Di\u011fer (Kamu\/\u00d6zel\/Di\u011fer) abone grubunda bulunan t\u00fcketiciler i\u00e7in limit y\u0131ll\u0131k 15.000 kWh olarak belirlendi.<\/p>\n<p>Bu limite g\u00f6re Sanayi abone grubunda yakla\u015f\u0131k 20.000; Kamu\/\u00d6zel\/Di\u011fer grubunda yakla\u015f\u0131k 565.000 yeni t\u00fcketicinin limit \u00fcst\u00fcnde kalaca\u011f\u0131 \u00f6ng\u00f6r\u00fcl\u00fcyor.<\/p>\n<h3><strong>BAKAN BAYRAKTAR A\u00c7IKLAMI\u015eTI<\/strong><\/h3>\n<p>Enerji ve Tabii Kaynaklar Bakan\u0131 Alparslan Bayraktar, y\u00fcksek elektrik t\u00fcketen mesken aboneleri i\u00e7in s\u00fcbvansiyonlu fiyatlar\u0131n kald\u0131r\u0131laca\u011f\u0131n\u0131 ve bu abonelerin \u015fubat ay\u0131ndan itibaren elektri\u011fi ger\u00e7ek maliyet \u00fczerinden \u00f6deyece\u011fini a\u00e7\u0131klam\u0131\u015ft\u0131.<\/p>\n<p>Ayl\u0131k 417 kilovatsaatin (1.050 TL) \u00fczerindeki t\u00fcketim i\u00e7in faturalar ger\u00e7ek maliyetleri yans\u0131t\u0131lacak. D\u00fczenlemeden 1,2 milyon mesken abonesi etkilenecek. D\u00fczenlemeyle s\u0131n\u0131r\u0131 a\u015fan abonelerin faturalar\u0131n\u0131n iki kat\u0131na \u00e7\u0131kabilece\u011fi belirtiliyor.<\/p>\n<p>Kaynak: <a href=\"https:\/\/www.ntv.com.tr\/turkiye\/son-dakika-haberielektrik-faturalarinda-yeni-donem-yillik-5-bin-kilovatsaati-asan-tuketimlereduzenleme,MaKM3xrR3ESZHWHI-AHaTA\" target=\"_blank\" rel=\"noopener\">NTV<\/a><\/p>","protected":false},"excerpt":{"rendered":"<p>Sorry, this entry is only available in Turkish. For the sake of viewer convenience, the content is shown below in the alternative language. You may click the link to switch the active language. T\u00fcketim grubuna g\u00f6re, s\u00fcbvansiyon karar\u0131 Resmi Gazete\u2019de yay\u0131mland\u0131. Buna g\u00f6re y\u0131ll\u0131k 5 bin kilovatsaat (kWh) t\u00fcketimi olan konut ve ticarethane aboneleri art\u0131k [&hellip;]<\/p>\n","protected":false},"author":1,"featured_media":192910,"comment_status":"open","ping_status":"open","sticky":false,"template":"","format":"standard","meta":[],"categories":[51,53],"tags":[115505,115506,1388,115504,115507,115508],"views":42,"_links":{"self":[{"href":"https:\/\/www.enerjigazetesi.ist\/en\/wp-json\/wp\/v2\/posts\/192907"}],"collection":[{"href":"https:\/\/www.enerjigazetesi.ist\/en\/wp-json\/wp\/v2\/posts"}],"about":[{"href":"https:\/\/www.enerjigazetesi.ist\/en\/wp-json\/wp\/v2\/types\/post"}],"author":[{"embeddable":true,"href":"https:\/\/www.enerjigazetesi.ist\/en\/wp-json\/wp\/v2\/users\/1"}],"replies":[{"embeddable":true,"href":"https:\/\/www.enerjigazetesi.ist\/en\/wp-json\/wp\/v2\/comments?post=192907"}],"version-history":[{"count":0,"href":"https:\/\/www.enerjigazetesi.ist\/en\/wp-json\/wp\/v2\/posts\/192907\/revisions"}],"wp:featuredmedia":[{"embeddable":true,"href":"https:\/\/www.enerjigazetesi.ist\/en\/wp-json\/wp\/v2\/media\/192910"}],"wp:attachment":[{"href":"https:\/\/www.enerjigazetesi.ist\/en\/wp-json\/wp\/v2\/media?parent=192907"}],"wp:term":[{"taxonomy":"category","embeddable":true,"href":"https:\/\/www.enerjigazetesi.ist\/en\/wp-json\/wp\/v2\/categories?post=192907"},{"taxonomy":"post_tag","embeddable":true,"href":"https:\/\/www.enerjigazetesi.ist\/en\/wp-json\/wp\/v2\/tags?post=192907"}],"curies":[{"name":"wp","href":"https:\/\/api.w.org\/{rel}","templated":true}]}}