{"id":192862,"date":"2024-11-12T19:24:14","date_gmt":"2024-11-12T16:24:14","guid":{"rendered":"https:\/\/www.enerjigazetesi.ist\/?p=192862"},"modified":"2024-11-12T19:24:14","modified_gmt":"2024-11-12T16:24:14","slug":"enerji-ve-tabii-kaynaklar-bakanligi-2024-2028-stratejik-plani-yayimlandi","status":"publish","type":"post","link":"https:\/\/www.enerjigazetesi.ist\/en\/enerji-ve-tabii-kaynaklar-bakanligi-2024-2028-stratejik-plani-yayimlandi\/","title":{"rendered":"(Turkish) Enerji ve Tabii Kaynaklar Bakanl\u0131\u011f\u0131 2024-2028 Stratejik Plan\u0131 Yay\u0131mland\u0131"},"content":{"rendered":"<p class=\"qtranxs-available-languages-message qtranxs-available-languages-message-en\">Sorry, this entry is only available in <a href=\"https:\/\/www.enerjigazetesi.ist\/tr\/wp-json\/wp\/v2\/posts\/192862\" class=\"qtranxs-available-language-link qtranxs-available-language-link-tr\" title=\"Turkish\">Turkish<\/a>. For the sake of viewer convenience, the content is shown below in the alternative language. You may click the link to switch the active language.<\/p><p><\/p>\n<h2>Enerji ve Tabii Kaynaklar Bakanl\u0131\u011f\u0131, enerjide d\u00fcnyada ya\u015fanan geli\u015fmeleri dikkate alarak, T\u00fcrkiye&#8217;nin sahip oldu\u011fu kaynaklar\u0131 ve kendine has ihtiya\u00e7lar\u0131n\u0131 tan\u0131mlayan, bu ihtiya\u00e7lar\u0131n azami d\u00fczeyde kar\u015f\u0131lanabilmesi i\u00e7in ula\u015f\u0131lmas\u0131 gereken hedefleri belirleyen stratejik yol haritas\u0131 niteli\u011findeki 2024-2028 Stratejik Plan\u0131&#8217;n\u0131 yay\u0131mlad\u0131.<\/h2>\n<p style=\"text-align: center;\"><img loading=\"lazy\" class=\"aligncenter wp-image-192864\" src=\"https:\/\/www.enerjigazetesi.ist\/wp-content\/uploads\/2024\/11\/enerji-ve-tabii-kaynaklar-bakanligi-2024-2028-stratejik-plani-yayimlandi.jpg\" alt=\"\" width=\"500\" height=\"329\" srcset=\"https:\/\/www.enerjigazetesi.ist\/wp-content\/uploads\/2024\/11\/enerji-ve-tabii-kaynaklar-bakanligi-2024-2028-stratejik-plani-yayimlandi.jpg 550w, https:\/\/www.enerjigazetesi.ist\/wp-content\/uploads\/2024\/11\/enerji-ve-tabii-kaynaklar-bakanligi-2024-2028-stratejik-plani-yayimlandi-300x197.jpg 300w, https:\/\/www.enerjigazetesi.ist\/wp-content\/uploads\/2024\/11\/enerji-ve-tabii-kaynaklar-bakanligi-2024-2028-stratejik-plani-yayimlandi-500x329.jpg 500w, https:\/\/www.enerjigazetesi.ist\/wp-content\/uploads\/2024\/11\/enerji-ve-tabii-kaynaklar-bakanligi-2024-2028-stratejik-plani-yayimlandi-76x50.jpg 76w\" sizes=\"(max-width: 500px) 100vw, 500px\" \/><\/p>\n<p>Plana g\u00f6re, yerli kaynaklardan \u00fcretilen elektrik enerjisi miktar\u0131n\u0131n 2028&#8217;de y\u0131ll\u0131k 270 milyar kilovatsaate, yerli kaynaklar\u0131n elektrik \u00fcretimindeki pay\u0131n\u0131n y\u00fczde 63&#8217;e, kurulu g\u00fc\u00e7 bak\u0131m\u0131ndan g\u00fcne\u015f enerjisi santrallerinin 33 bin 100 megavata, r\u00fczgar enerjisi santrallerinin 19 bin 300 megavata \u00e7\u0131kar\u0131lmas\u0131, 4 bin 800 megavatl\u0131k n\u00fckleer enerji kapasitesinin devreye al\u0131nmas\u0131 ama\u00e7lan\u0131yor.<\/p>\n<p>Bu kapsamda g\u00fcnl\u00fck \u00fcretimin yurt i\u00e7i ham petrolde 210 bin varile, do\u011fal gazda 42,5 milyon metrek\u00fcpe, do\u011fal gaz depolama kapasitesinin 12 milyar metrek\u00fcpe ve y\u0131ll\u0131k maden ihracat de\u011ferinin 10 milyar dolara \u00e7\u0131kar\u0131lmas\u0131 hedefleniyor.<\/p>\n<h3>P<strong>landa 7 Ama\u00e7 ve 30 Hedef Belirlendi<\/strong><\/h3>\n<p>Planda, s\u00fcrd\u00fcr\u00fclebilir enerji arz g\u00fcvenli\u011finin sa\u011flanmas\u0131, d\u0131\u015fa ba\u011f\u0131ml\u0131l\u0131\u011f\u0131n azalt\u0131lmas\u0131, net s\u0131f\u0131r karbon odakl\u0131 enerji d\u00f6n\u00fc\u015f\u00fcm\u00fcn\u00fcn yap\u0131lmas\u0131, g\u00fcvenli, s\u00fcrd\u00fcr\u00fclebilir ve katma de\u011ferli madencilik, enerji ve maden piyasalar\u0131n\u0131n ulusal ve uluslararas\u0131 etkinli\u011finin art\u0131r\u0131lmas\u0131, enerji ve tabii kaynaklar alan\u0131nda yerli teknolojilerin desteklenmesi, kurumsal kapasitenin art\u0131r\u0131lmas\u0131 \u015feklinde 7 ama\u00e7 ve 30 hedef belirlendi.<\/p>\n<p>Bu ama\u00e7lara y\u00f6nelik hedeflerin detayl\u0131 \u015fekilde anlat\u0131ld\u0131\u011f\u0131 planda, s\u00fcrd\u00fcr\u00fclebilir enerji arz g\u00fcvenli\u011finin sa\u011flanmas\u0131 amac\u0131yla elektrikle kurulu g\u00fcc\u00fcn art\u0131r\u0131laca\u011f\u0131, elektrik t\u00fcketim ve da\u011f\u0131t\u0131m \u015febekesinin g\u00fc\u00e7lendirilece\u011fi, yenilenebilir enerji kapasitesinin artmas\u0131 i\u00e7in \u015febeke esnekli\u011finin sa\u011flanaca\u011f\u0131, petrol ve gaz altyap\u0131s\u0131n\u0131n g\u00fc\u00e7lendirilece\u011fi, enerjide uluslararas\u0131 yat\u0131r\u0131mlara ili\u015fkin i\u015f birliklerinin art\u0131r\u0131laca\u011f\u0131 kaydedildi.<\/p>\n<p>D\u0131\u015fa ba\u011f\u0131ml\u0131l\u0131\u011f\u0131n azalt\u0131lmas\u0131 kapsam\u0131nda, yerli kaynaklardan elektrik \u00fcretiminin, petrol ve gaz arama ve \u00fcretiminin, yerli k\u00f6m\u00fcr arama ve \u00fcretiminin, yurt d\u0131\u015f\u0131nda enerji ve maden kaynaklar\u0131n\u0131n aranmas\u0131 ve \u00fcretiminin art\u0131r\u0131laca\u011f\u0131 vurguland\u0131.<\/p>\n<p>Net s\u0131f\u0131r karbon odakl\u0131 d\u00f6n\u00fc\u015f\u00fcm \u00e7er\u00e7evesinde elektrik \u00fcretiminde temiz enerji kaynaklar\u0131n\u0131n pay\u0131, enerji verimlili\u011fi \u00e7al\u0131\u015fmalar\u0131 art\u0131r\u0131lacak, enerjide karbon yo\u011funlu\u011fu azalt\u0131lacak, elektrik ara\u00e7 d\u00f6n\u00fc\u015f\u00fcm\u00fcn\u00fc destekleyen g\u00fc\u00e7l\u00fc bir altyap\u0131 kurulacak, ye\u015fil hidrojen ve yenilenebilir gaz de\u011fer zinciri geli\u015ftirilecek.<\/p>\n<p>G\u00fcvenli, s\u00fcrd\u00fcr\u00fclebilir ve katma de\u011ferli madencilik hedefi do\u011frultusunda kritik ve stratejik mineraller \u00f6ncelikli olmak \u00fczere T\u00fcrkiye&#8217;nin maden potansiyelinin ortaya \u00e7\u0131kar\u0131lmas\u0131 ve ekonomiye kazand\u0131r\u0131lmas\u0131 sa\u011flanacak. Madenlerin yurt i\u00e7inde i\u015flenerek katma de\u011feri art\u0131r\u0131lacak. Madencili\u011fin uluslararas\u0131 standartlarda g\u00fcvenli ve \u00e7evreye duyarl\u0131 \u015fekilde s\u00fcrd\u00fcr\u00fclmesi sa\u011flanacak. \u0130\u015f sa\u011fl\u0131\u011f\u0131 ve g\u00fcvenli\u011fi k\u00fclt\u00fcr\u00fc yayg\u0131nla\u015ft\u0131r\u0131lacak. Sekt\u00f6rle ilgili kurum ve kurulu\u015flar\u0131n daha etkin \u015feffaf ve y\u00f6netim odakl\u0131 bir kamu hizmeti yap\u0131s\u0131na ge\u00e7ilecek.<\/p>\n<p>Enerji ve maden piyasalar\u0131n\u0131n uluslararas\u0131 piyasalara entegrasyonu sa\u011flanarak ticaret hacmi art\u0131r\u0131lacak ve bu iki sekt\u00f6rde yat\u0131r\u0131m ortam\u0131n\u0131n iyile\u015ftirilmesine y\u00f6nelik \u00e7al\u0131\u015fmalar yap\u0131lacak.<\/p>\n<p>Ayr\u0131ca enerji ve tabii kaynaklar alanlar\u0131nda teknoloji geli\u015ftirme ve AR-GE \u00e7al\u0131\u015fmalar\u0131 y\u00fcr\u00fct\u00fclecek, teknoloji ve ekipmanlar yerlile\u015ftirilecek.<\/p>\n<p>Bunlara ek olarak Bakanl\u0131\u011f\u0131n kurumsal altyap\u0131s\u0131 g\u00fc\u00e7lendirilecek, ba\u011fl\u0131 ve ilgili kurumlar\u0131n kurumsal y\u00f6netim kapasitesi geli\u015ftirilecek, dijital d\u00f6n\u00fc\u015f\u00fcm ve siber g\u00fcvenlik altyap\u0131s\u0131 g\u00fc\u00e7lendirilecek, afet ve acil durumlara m\u00fcdahale kapasitesi takviye edilecek.<\/p>\n<p>Kaynak: <a href=\"https:\/\/enerji.gov.tr\/haber-detay?id=21398\" target=\"_blank\" rel=\"noopener\">ETKB<\/a><\/p>","protected":false},"excerpt":{"rendered":"<p>Sorry, this entry is only available in Turkish. For the sake of viewer convenience, the content is shown below in the alternative language. You may click the link to switch the active language. Enerji ve Tabii Kaynaklar Bakanl\u0131\u011f\u0131, enerjide d\u00fcnyada ya\u015fanan geli\u015fmeleri dikkate alarak, T\u00fcrkiye&#8217;nin sahip oldu\u011fu kaynaklar\u0131 ve kendine has ihtiya\u00e7lar\u0131n\u0131 tan\u0131mlayan, bu ihtiya\u00e7lar\u0131n [&hellip;]<\/p>\n","protected":false},"author":1,"featured_media":192864,"comment_status":"open","ping_status":"open","sticky":false,"template":"","format":"standard","meta":[],"categories":[46,51,53,52,49,24649,43,44,50],"tags":[112351,19,1972,584,1635,3423,3733],"views":49,"_links":{"self":[{"href":"https:\/\/www.enerjigazetesi.ist\/en\/wp-json\/wp\/v2\/posts\/192862"}],"collection":[{"href":"https:\/\/www.enerjigazetesi.ist\/en\/wp-json\/wp\/v2\/posts"}],"about":[{"href":"https:\/\/www.enerjigazetesi.ist\/en\/wp-json\/wp\/v2\/types\/post"}],"author":[{"embeddable":true,"href":"https:\/\/www.enerjigazetesi.ist\/en\/wp-json\/wp\/v2\/users\/1"}],"replies":[{"embeddable":true,"href":"https:\/\/www.enerjigazetesi.ist\/en\/wp-json\/wp\/v2\/comments?post=192862"}],"version-history":[{"count":0,"href":"https:\/\/www.enerjigazetesi.ist\/en\/wp-json\/wp\/v2\/posts\/192862\/revisions"}],"wp:featuredmedia":[{"embeddable":true,"href":"https:\/\/www.enerjigazetesi.ist\/en\/wp-json\/wp\/v2\/media\/192864"}],"wp:attachment":[{"href":"https:\/\/www.enerjigazetesi.ist\/en\/wp-json\/wp\/v2\/media?parent=192862"}],"wp:term":[{"taxonomy":"category","embeddable":true,"href":"https:\/\/www.enerjigazetesi.ist\/en\/wp-json\/wp\/v2\/categories?post=192862"},{"taxonomy":"post_tag","embeddable":true,"href":"https:\/\/www.enerjigazetesi.ist\/en\/wp-json\/wp\/v2\/tags?post=192862"}],"curies":[{"name":"wp","href":"https:\/\/api.w.org\/{rel}","templated":true}]}}