{"id":192802,"date":"2024-11-11T17:03:56","date_gmt":"2024-11-11T14:03:56","guid":{"rendered":"https:\/\/www.enerjigazetesi.ist\/?p=192802"},"modified":"2024-11-11T17:03:56","modified_gmt":"2024-11-11T14:03:56","slug":"gelismekte-olan-dunya-yesil-gecis-icin-ozel-finansmana-ihtiyaci-var","status":"publish","type":"post","link":"https:\/\/www.enerjigazetesi.ist\/en\/gelismekte-olan-dunya-yesil-gecis-icin-ozel-finansmana-ihtiyaci-var\/","title":{"rendered":"(Turkish) &#8221;Geli\u015fmekte Olan D\u00fcnya Ye\u015fil Ge\u00e7i\u015f \u0130\u00e7in \u00d6zel Finansmana \u0130htiyac\u0131 Var&#8221;"},"content":{"rendered":"<p class=\"qtranxs-available-languages-message qtranxs-available-languages-message-en\">Sorry, this entry is only available in <a href=\"https:\/\/www.enerjigazetesi.ist\/tr\/wp-json\/wp\/v2\/posts\/192802\" class=\"qtranxs-available-language-link qtranxs-available-language-link-tr\" title=\"Turkish\">Turkish<\/a>. For the sake of viewer convenience, the content is shown below in the alternative language. You may click the link to switch the active language.<\/p><p><\/p>\n<h2>Bak\u00fc, 11 Kas\u0131m (Hibya) &#8211; BM iklim zirvesi ba\u015fkan\u0131 Azerbaycan \u00c7evre Bakan\u0131 Mukhtar Babayev, \u00f6zel sekt\u00f6rdeki i\u015fletmelerin geli\u015fmekte olan d\u00fcnyan\u0131n d\u00fc\u015f\u00fck karbonlu bir ekonomiye yat\u0131r\u0131m yapmas\u0131 i\u00e7in nakit sa\u011flamalar\u0131 gerekti\u011fini, aksi takdirde iklim bozulmas\u0131n\u0131n sonu\u00e7lar\u0131yla kar\u015f\u0131 kar\u015f\u0131ya kalacaklar\u0131n\u0131 s\u00f6yledi.<\/h2>\n<p style=\"text-align: center;\"><img loading=\"lazy\" class=\"aligncenter wp-image-192805\" src=\"https:\/\/www.enerjigazetesi.ist\/wp-content\/uploads\/2024\/11\/gelismekte-olan-dunya-yesil-gecis-icin-ozel-finansmana-ihtiyaci-var.jpg\" alt=\"\" width=\"500\" height=\"334\" srcset=\"https:\/\/www.enerjigazetesi.ist\/wp-content\/uploads\/2024\/11\/gelismekte-olan-dunya-yesil-gecis-icin-ozel-finansmana-ihtiyaci-var.jpg 550w, https:\/\/www.enerjigazetesi.ist\/wp-content\/uploads\/2024\/11\/gelismekte-olan-dunya-yesil-gecis-icin-ozel-finansmana-ihtiyaci-var-300x200.jpg 300w, https:\/\/www.enerjigazetesi.ist\/wp-content\/uploads\/2024\/11\/gelismekte-olan-dunya-yesil-gecis-icin-ozel-finansmana-ihtiyaci-var-500x334.jpg 500w, https:\/\/www.enerjigazetesi.ist\/wp-content\/uploads\/2024\/11\/gelismekte-olan-dunya-yesil-gecis-icin-ozel-finansmana-ihtiyaci-var-75x50.jpg 75w, https:\/\/www.enerjigazetesi.ist\/wp-content\/uploads\/2024\/11\/gelismekte-olan-dunya-yesil-gecis-icin-ozel-finansmana-ihtiyaci-var-450x300.jpg 450w\" sizes=\"(max-width: 500px) 100vw, 500px\" \/><\/p>\n<p>Bu y\u0131lki iklim konferans\u0131n\u0131n ev sahibi olan <strong>Azerbaycan \u00c7evre Bakan\u0131 Mukhtar Babayev<\/strong>, Pazartesi g\u00fcnk\u00fc Guardian&#8217;da \u015funlar\u0131 yazd\u0131: Y\u00fck tamamen h\u00fck\u00fcmetlerin cebine d\u00fc\u015femez. Geli\u015fmekte olan \u00fclkelerin ge\u00e7i\u015fi i\u00e7in \u00f6zel finansman\u0131 serbest b\u0131rakmak uzun zamand\u0131r iklim g\u00f6r\u00fc\u015fmelerinin bir iste\u011fiydi. \u00d6zel sekt\u00f6r olmadan iklim \u00e7\u00f6z\u00fcm\u00fc olmaz. D\u00fcnyan\u0131n daha fazla fona ihtiyac\u0131 var ve daha h\u0131zl\u0131 ihtiyac\u0131 var. Tarih, gerekli kaynaklar\u0131 harekete ge\u00e7irebilece\u011fimizi g\u00f6steriyor; art\u0131k mesele siyasi irade.<\/p>\n<p>Toplant\u0131, ABD&#8217;yi Paris iklim anla\u015fmas\u0131ndan \u00e7\u0131karma ve karbon emisyonlar\u0131n\u0131 azaltma taahh\u00fctlerini iptal etme s\u00f6z\u00fc veren Donald Trump&#8217;\u0131n yeniden se\u00e7ilmesiyle g\u00f6lgelendi. Bilim insanlar\u0131, bunun sonucunda d\u00fcnyan\u0131n \u00f6nemli s\u0131cakl\u0131k s\u0131n\u0131rlar\u0131n\u0131 a\u015fmas\u0131n\u0131n muhtemel oldu\u011funu s\u00f6yledi.<\/p>\n<p>COP29&#8217;da \u00fclkeler, geli\u015fmekte olan \u00fclkelerin sera gaz\u0131 emisyonlar\u0131n\u0131 azaltmalar\u0131 ve k\u00f6t\u00fcle\u015fen a\u015f\u0131r\u0131 hava ko\u015fullar\u0131n\u0131n etkilerine uyum sa\u011flamalar\u0131 i\u00e7in ihtiya\u00e7 duyduklar\u0131 fonlar\u0131 sa\u011flamak \u00fczere yeni bir k\u00fcresel \u00e7er\u00e7eve olu\u015fturmaya \u00e7al\u0131\u015facak. Yoksul \u00fclkeler, iklim finansman\u0131n\u0131n bug\u00fcn yakla\u015f\u0131k 100 milyar dolardan 2035 y\u0131l\u0131na kadar her y\u0131l en az 1 trilyon dolara \u00e7\u0131kmas\u0131n\u0131 istiyor.<\/p>\n<p>ABD olmadan, geli\u015fmi\u015f \u00fclkelerin iklim finansman\u0131 hedeflerini kar\u015f\u0131lamas\u0131n\u0131n daha zor olmas\u0131 muhtemel. Kamu kaynakl\u0131 paran\u0131n bile\u015fenini (yurt d\u0131\u015f\u0131 yard\u0131m b\u00fct\u00e7elerinden ve D\u00fcnya Bankas\u0131 gibi kurumlar arac\u0131l\u0131\u011f\u0131yla) iklim finansman\u0131 hedefini olu\u015fturan k\u0131sm\u0131 azaltmaya \u00e7al\u0131\u015fabilirler.<\/p>\n<p>Baz\u0131 taraflar\u0131n tart\u0131\u015fmal\u0131 bulaca\u011f\u0131 bir a\u00e7\u0131klama yapan Babayev \u015funlar\u0131 yazd\u0131: \u201cRekabet halindeki \u00f6ncelikler nedeniyle, adaptasyon ve kay\u0131p ve hasar\u0131 kar\u015f\u0131lamak bir yana, d\u00fcnyada geli\u015fmekte olan \u00fclkelerin temiz enerjiye ge\u00e7i\u015fini yaln\u0131zca hibe veya imtiyazl\u0131 finansman yoluyla finanse etmek i\u00e7in yeterli para yok.<\/p>\n<p>BM iklim \u015fefi Simon Stiell, Pazartesi g\u00fcn\u00fc konferans\u0131n a\u00e7\u0131l\u0131\u015f oturumunda, enflasyonun fosil yak\u0131tlara s\u00fcrekli ba\u011f\u0131ml\u0131l\u0131ktan kaynaklanaca\u011f\u0131n\u0131 ve iklim kriziyle m\u00fccadelenin ekonomik sorunlar\u0131n \u00e7\u00f6z\u00fcm\u00fcne de yard\u0131mc\u0131 olaca\u011f\u0131n\u0131 s\u00f6yledi.<\/p>\n<p><em>\u201cD\u00fcnya \u00fclkelerinin en az \u00fc\u00e7te ikisi emisyonlar\u0131 h\u0131zla azaltmay\u0131 g\u00f6ze alamazsa, o zaman her \u00fclke ac\u0131mas\u0131z bir bedel \u00f6der. \u00dclkeler tedarik zincirlerine dayan\u0131kl\u0131l\u0131k in\u015fa edemezse, t\u00fcm k\u00fcresel ekonomi \u00e7\u00f6ker. Hi\u00e7bir \u00fclke ba\u011f\u0131\u015f\u0131k de\u011fildir,\u201d<\/em> dedi.<\/p>\n<p>ABD&#8217;deki yeni ba\u015fkanl\u0131\u011fa \u00f6rt\u00fcl\u00fc ama a\u00e7\u0131k bir g\u00f6ndermede bulunarak, t\u00fcm \u00fclkelerin bir rol oynamas\u0131 gerekti\u011fi konusunda uyard\u0131. \u201c\u0130klim finansman\u0131n\u0131n hay\u0131rseverlik oldu\u011fu fikrinden vazge\u00e7elim.&#8221; diye ekledi.<\/p>\n<p>Kaynak: <a href=\"https:\/\/hibya.com\/cop-baskani-gelismekte-olan-dunya-yesil-gecis-icin-ozel-finansmana-ihtiyaci-var-441832#:~:text=Geli%C5%9Fmekte%20olan%20%C3%BClkelerin%20ge%C3%A7i%C5%9Fi%20i%C3%A7in,g%C3%B6steriyor%3B%20art%C4%B1k%20mesele%20siyasi%20irade.\" target=\"_blank\" rel=\"noopener\">Hibya Haber Ajans\u0131<\/a><\/p>","protected":false},"excerpt":{"rendered":"<p>Sorry, this entry is only available in Turkish. For the sake of viewer convenience, the content is shown below in the alternative language. You may click the link to switch the active language. Bak\u00fc, 11 Kas\u0131m (Hibya) &#8211; BM iklim zirvesi ba\u015fkan\u0131 Azerbaycan \u00c7evre Bakan\u0131 Mukhtar Babayev, \u00f6zel sekt\u00f6rdeki i\u015fletmelerin geli\u015fmekte olan d\u00fcnyan\u0131n d\u00fc\u015f\u00fck karbonlu [&hellip;]<\/p>\n","protected":false},"author":1,"featured_media":192805,"comment_status":"open","ping_status":"open","sticky":false,"template":"","format":"standard","meta":[],"categories":[53,52],"tags":[115486],"views":26,"_links":{"self":[{"href":"https:\/\/www.enerjigazetesi.ist\/en\/wp-json\/wp\/v2\/posts\/192802"}],"collection":[{"href":"https:\/\/www.enerjigazetesi.ist\/en\/wp-json\/wp\/v2\/posts"}],"about":[{"href":"https:\/\/www.enerjigazetesi.ist\/en\/wp-json\/wp\/v2\/types\/post"}],"author":[{"embeddable":true,"href":"https:\/\/www.enerjigazetesi.ist\/en\/wp-json\/wp\/v2\/users\/1"}],"replies":[{"embeddable":true,"href":"https:\/\/www.enerjigazetesi.ist\/en\/wp-json\/wp\/v2\/comments?post=192802"}],"version-history":[{"count":0,"href":"https:\/\/www.enerjigazetesi.ist\/en\/wp-json\/wp\/v2\/posts\/192802\/revisions"}],"wp:featuredmedia":[{"embeddable":true,"href":"https:\/\/www.enerjigazetesi.ist\/en\/wp-json\/wp\/v2\/media\/192805"}],"wp:attachment":[{"href":"https:\/\/www.enerjigazetesi.ist\/en\/wp-json\/wp\/v2\/media?parent=192802"}],"wp:term":[{"taxonomy":"category","embeddable":true,"href":"https:\/\/www.enerjigazetesi.ist\/en\/wp-json\/wp\/v2\/categories?post=192802"},{"taxonomy":"post_tag","embeddable":true,"href":"https:\/\/www.enerjigazetesi.ist\/en\/wp-json\/wp\/v2\/tags?post=192802"}],"curies":[{"name":"wp","href":"https:\/\/api.w.org\/{rel}","templated":true}]}}