{"id":192766,"date":"2024-11-08T17:54:49","date_gmt":"2024-11-08T14:54:49","guid":{"rendered":"https:\/\/www.enerjigazetesi.ist\/?p=192766"},"modified":"2024-11-08T17:54:49","modified_gmt":"2024-11-08T14:54:49","slug":"elektrik-dagitim-sektorunde-canli-bakim-icin-calismalar-hizlandi","status":"publish","type":"post","link":"https:\/\/www.enerjigazetesi.ist\/en\/elektrik-dagitim-sektorunde-canli-bakim-icin-calismalar-hizlandi\/","title":{"rendered":"(Turkish) Elektrik Da\u011f\u0131t\u0131m Sekt\u00f6r\u00fcnde Canl\u0131 Bak\u0131m \u0130\u00e7in \u00c7al\u0131\u015fmalar H\u0131zland\u0131"},"content":{"rendered":"<p class=\"qtranxs-available-languages-message qtranxs-available-languages-message-en\">Sorry, this entry is only available in <a href=\"https:\/\/www.enerjigazetesi.ist\/tr\/wp-json\/wp\/v2\/posts\/192766\" class=\"qtranxs-available-language-link qtranxs-available-language-link-tr\" title=\"Turkish\">Turkish<\/a>. For the sake of viewer convenience, the content is shown below in the alternative language. You may click the link to switch the active language.<\/p><p><\/p>\n<h2><strong>TEDA\u015e Genel M\u00fcd\u00fcrl\u00fc\u011f\u00fc, elektrik da\u011f\u0131t\u0131m sisteminde yap\u0131lacak olan bak\u0131m faaliyetlerinin, sistemin enerjisini kesmeden ger\u00e7ekle\u015ftirilmesi i\u00e7in \u00e7al\u0131\u015fmalar\u0131n\u0131 h\u0131zland\u0131rd\u0131. TEDA\u015e bu ama\u00e7la Alman Bayernwerk heyetini Ankara&#8217;da a\u011f\u0131rlad\u0131.<\/strong><\/h2>\n<p style=\"text-align: center;\"><img loading=\"lazy\" class=\"aligncenter wp-image-192769\" src=\"https:\/\/www.enerjigazetesi.ist\/wp-content\/uploads\/2024\/11\/elektrik-dagitim-sektorunde-canli-bakim-icin-calismalar-hizlandi-1.jpg\" alt=\"\" width=\"500\" height=\"334\" srcset=\"https:\/\/www.enerjigazetesi.ist\/wp-content\/uploads\/2024\/11\/elektrik-dagitim-sektorunde-canli-bakim-icin-calismalar-hizlandi-1.jpg 550w, https:\/\/www.enerjigazetesi.ist\/wp-content\/uploads\/2024\/11\/elektrik-dagitim-sektorunde-canli-bakim-icin-calismalar-hizlandi-1-300x200.jpg 300w, https:\/\/www.enerjigazetesi.ist\/wp-content\/uploads\/2024\/11\/elektrik-dagitim-sektorunde-canli-bakim-icin-calismalar-hizlandi-1-500x334.jpg 500w, https:\/\/www.enerjigazetesi.ist\/wp-content\/uploads\/2024\/11\/elektrik-dagitim-sektorunde-canli-bakim-icin-calismalar-hizlandi-1-75x50.jpg 75w, https:\/\/www.enerjigazetesi.ist\/wp-content\/uploads\/2024\/11\/elektrik-dagitim-sektorunde-canli-bakim-icin-calismalar-hizlandi-1-450x300.jpg 450w\" sizes=\"(max-width: 500px) 100vw, 500px\" \/><\/p>\n<p>TEDA\u015e&#8217;tan yap\u0131lan a\u00e7\u0131klamaya g\u00f6re; Almanya\u2019n\u0131n Bavyera eyaletinde elektrik da\u011f\u0131t\u0131m faaliyetlerinde bulunan Bayernwerk Netz GMBH heyeti, elektrik da\u011f\u0131t\u0131m sekt\u00f6r\u00fcnde canl\u0131 bak\u0131m \u00e7al\u0131\u015fmalar\u0131n\u0131n ba\u015flat\u0131lmas\u0131 ve TEDA\u015e Canl\u0131 Bak\u0131m E\u011fitim Merkezi\u2019nin kurulmas\u0131 kapsam\u0131nda T\u00fcrkiye Elektrik Da\u011f\u0131t\u0131m A.\u015e (TEDA\u015e) Genel M\u00fcd\u00fcrl\u00fc\u011f\u00fcn\u00fc ziyaret etti.<\/p>\n<h3><strong>Ba\u015fkent EDA\u015e&#8217;\u0131n Hizmet Sahas\u0131n\u0131 \u0130ncelediler<\/strong><\/h3>\n<p>Alman \u015firketin y\u00f6neticileri ve uzmanlar\u0131ndan olu\u015fan heyet, TEDA\u015e y\u00f6neticilerinin nezaretinde ve Ba\u015fkent EDA\u015e\u2019\u0131n ev sahipli\u011finde \u015firketin da\u011f\u0131t\u0131m b\u00f6lgesindeki elektrik da\u011f\u0131t\u0131m \u015febekesinde incelemelerde bulunarak, da\u011f\u0131t\u0131m sistemine ili\u015fkin \u00e7e\u015fitli onar\u0131m, bak\u0131m ve operasyonel \u00e7al\u0131\u015fmalar\u0131n\u0131 yerinde izledi.<\/p>\n<h3><strong>TEDA\u015e&#8217;\u0131n E\u011fitim Merkezi Ziyaret Edildi<\/strong><\/h3>\n<p>Alman heyet program kapsam\u0131nda, TEDA\u015e Ankara E\u011fitim ve Sertifikasyon Merkezi \u0130\u015fletme M\u00fcd\u00fcrl\u00fc\u011f\u00fcn\u00fc de ziyaret etti. Alman heyete; \u201cE\u011fitim merkezi, s\u0131n\u0131flar, te\u00e7hizatlar, uygulama sahalar\u0131 ve teknolojik altyap\u0131\u201d hakk\u0131nda bilgiler verilirken, canl\u0131 bak\u0131ma y\u00f6nelik e\u011fitimlerin geli\u015ftirilmesi i\u00e7in kar\u015f\u0131l\u0131kl\u0131 fikir al\u0131\u015fveri\u015finde bulunuldu.<\/p>\n<h3><strong>Heyet \u015eat\u0131ro\u011flu \u0130le de G\u00f6r\u00fc\u015ft\u00fc<\/strong><\/h3>\n<p>Bayernwerk Netz GMBH heyeti, Enerji ve Tabii Kaynaklar Bakan Yard\u0131mc\u0131s\u0131 Nevzat \u015eATIRO\u011eLU\u2019nu da ziyaret ederek, T\u00fcrkiye\u2019de bulunduklar\u0131 s\u00fcre i\u00e7erisinde yapt\u0131klar\u0131 \u00e7al\u0131\u015fmalar ve sahada edindikleri izlenimleri aktard\u0131lar.<\/p>","protected":false},"excerpt":{"rendered":"<p>Sorry, this entry is only available in Turkish. For the sake of viewer convenience, the content is shown below in the alternative language. You may click the link to switch the active language. TEDA\u015e Genel M\u00fcd\u00fcrl\u00fc\u011f\u00fc, elektrik da\u011f\u0131t\u0131m sisteminde yap\u0131lacak olan bak\u0131m faaliyetlerinin, sistemin enerjisini kesmeden ger\u00e7ekle\u015ftirilmesi i\u00e7in \u00e7al\u0131\u015fmalar\u0131n\u0131 h\u0131zland\u0131rd\u0131. TEDA\u015e bu ama\u00e7la Alman Bayernwerk [&hellip;]<\/p>\n","protected":false},"author":1,"featured_media":192768,"comment_status":"open","ping_status":"open","sticky":false,"template":"","format":"standard","meta":[],"categories":[51,53],"tags":[115481,15016,106899,99655],"views":45,"_links":{"self":[{"href":"https:\/\/www.enerjigazetesi.ist\/en\/wp-json\/wp\/v2\/posts\/192766"}],"collection":[{"href":"https:\/\/www.enerjigazetesi.ist\/en\/wp-json\/wp\/v2\/posts"}],"about":[{"href":"https:\/\/www.enerjigazetesi.ist\/en\/wp-json\/wp\/v2\/types\/post"}],"author":[{"embeddable":true,"href":"https:\/\/www.enerjigazetesi.ist\/en\/wp-json\/wp\/v2\/users\/1"}],"replies":[{"embeddable":true,"href":"https:\/\/www.enerjigazetesi.ist\/en\/wp-json\/wp\/v2\/comments?post=192766"}],"version-history":[{"count":0,"href":"https:\/\/www.enerjigazetesi.ist\/en\/wp-json\/wp\/v2\/posts\/192766\/revisions"}],"wp:featuredmedia":[{"embeddable":true,"href":"https:\/\/www.enerjigazetesi.ist\/en\/wp-json\/wp\/v2\/media\/192768"}],"wp:attachment":[{"href":"https:\/\/www.enerjigazetesi.ist\/en\/wp-json\/wp\/v2\/media?parent=192766"}],"wp:term":[{"taxonomy":"category","embeddable":true,"href":"https:\/\/www.enerjigazetesi.ist\/en\/wp-json\/wp\/v2\/categories?post=192766"},{"taxonomy":"post_tag","embeddable":true,"href":"https:\/\/www.enerjigazetesi.ist\/en\/wp-json\/wp\/v2\/tags?post=192766"}],"curies":[{"name":"wp","href":"https:\/\/api.w.org\/{rel}","templated":true}]}}