{"id":192727,"date":"2024-11-04T16:40:55","date_gmt":"2024-11-04T13:40:55","guid":{"rendered":"https:\/\/www.enerjigazetesi.ist\/?p=192727"},"modified":"2024-11-04T16:40:55","modified_gmt":"2024-11-04T13:40:55","slug":"turek-2024-icin-geri-sayim-basladi","status":"publish","type":"post","link":"https:\/\/www.enerjigazetesi.ist\/en\/turek-2024-icin-geri-sayim-basladi\/","title":{"rendered":"(Turkish) T\u00dcREK 2024 \u0130\u00e7in Geri Say\u0131m Ba\u015flad\u0131!"},"content":{"rendered":"<p class=\"qtranxs-available-languages-message qtranxs-available-languages-message-en\">Sorry, this entry is only available in <a href=\"https:\/\/www.enerjigazetesi.ist\/tr\/wp-json\/wp\/v2\/posts\/192727\" class=\"qtranxs-available-language-link qtranxs-available-language-link-tr\" title=\"Turkish\">Turkish<\/a>. For the sake of viewer convenience, the content is shown below in the alternative language. You may click the link to switch the active language.<\/p><p><\/p>\n<h2><strong>T\u00fcrkiye r\u00fczgar enerjisi sekt\u00f6r\u00fcndeki en son geli\u015fme ve f\u0131rsatlar\u0131n hem \u00fclkemiz hem de de\u011fi\u015fen d\u00fcnya perspektifinden ele al\u0131naca\u011f\u0131 T\u00dcREK 2024, 5-6 Kas\u0131m 2024 tarihlerinde \u0130stanbul Hilton Bomonti Otel\u2019de d\u00fczenlenecek. Avrupa ba\u015fta olmak \u00fczere d\u00fcnyan\u0131n r\u00fczgar alan\u0131nda \u00f6ne \u00e7\u0131kan di\u011fer b\u00f6lgelerinden de uzmanlar\u0131n, payda\u015flar\u0131n, politika yap\u0131c\u0131lar\u0131n ve akademisyenlerin kat\u0131l\u0131m\u0131yla sekt\u00f6rdeki mevcut ve gelecekteki geli\u015fmelere \u0131\u015f\u0131k tutacak. <em>Avrupa Birli\u011fi (AB) T\u00fcrkiye Delegasyonu Program Y\u00f6neticisi Christian Ballaro, Uluslararas\u0131 Enerji Ajans\u0131 Yenilenebilir Enerji Birimi Ba\u015fkan\u0131 Paolo Frankl, Uluslararas\u0131 Finans Kurumu IFC Ba\u015f Yenilenebilir Enerji Uzman\u0131 Sean Whittaker, Windeurope Ba\u015fkan\u0131 &#8211; Giles Dickson, T.C. Enerji ve Tabi Kaynaklar Bakan\u0131 Alparslan Bayraktar<\/em>\u00a0kongrede yer alacak\u2026<\/strong><\/h2>\n<p style=\"text-align: center;\"><img loading=\"lazy\" class=\"aligncenter wp-image-192729\" src=\"https:\/\/www.enerjigazetesi.ist\/wp-content\/uploads\/2024\/11\/turek-2024-icin-geri-sayim-basladi.jpg\" alt=\"\" width=\"450\" height=\"450\" srcset=\"https:\/\/www.enerjigazetesi.ist\/wp-content\/uploads\/2024\/11\/turek-2024-icin-geri-sayim-basladi.jpg 480w, https:\/\/www.enerjigazetesi.ist\/wp-content\/uploads\/2024\/11\/turek-2024-icin-geri-sayim-basladi-300x300.jpg 300w, https:\/\/www.enerjigazetesi.ist\/wp-content\/uploads\/2024\/11\/turek-2024-icin-geri-sayim-basladi-150x150.jpg 150w, https:\/\/www.enerjigazetesi.ist\/wp-content\/uploads\/2024\/11\/turek-2024-icin-geri-sayim-basladi-400x400.jpg 400w, https:\/\/www.enerjigazetesi.ist\/wp-content\/uploads\/2024\/11\/turek-2024-icin-geri-sayim-basladi-50x50.jpg 50w, https:\/\/www.enerjigazetesi.ist\/wp-content\/uploads\/2024\/11\/turek-2024-icin-geri-sayim-basladi-100x100.jpg 100w\" sizes=\"(max-width: 450px) 100vw, 450px\" \/><\/p>\n<p>Kamu ve \u00f6zel sekt\u00f6r\u00fcn en \u00fcst d\u00fczey karar vericilerinin yan\u0131 s\u0131ra WindEurope ve Avrupa\u2019n\u0131n \u00e7e\u015fitli \u00fclkelerinden r\u00fczg\u00e2r derneklerinin \u00fcst d\u00fczey y\u00f6neticilerinin de kat\u0131laca\u011f\u0131 <strong>13. T\u00fcrkiye R\u00fczg\u00e2r Enerjisi Kongresi<\/strong> kat\u0131l\u0131mc\u0131lar i\u00e7in hem stratejik bir bak\u0131\u015f a\u00e7\u0131s\u0131 kazand\u0131racak hem de i\u015fbirli\u011fi olanaklar\u0131n\u0131 geni\u015fletecek.<\/p>\n<h3><strong>T\u00dcRK SANAY\u0130S\u0130N\u0130N AVRUPA A\u00c7IK DEN\u0130Z R\u00dcZGAR TEDAR\u0130K Z\u0130NC\u0130R\u0130NE ENTEGRASYONU<\/strong><\/h3>\n<p>T\u00dcREK 2024 oturumlar\u0131, sekt\u00f6r\u00fcn \u00f6nde gelen uzmanlar\u0131 ve kanaat \u00f6nderleri taraf\u0131ndan y\u00f6netilecek. <strong>Oturum konu ba\u015fl\u0131klar\u0131;<\/strong> T\u00fcrk Sanayisinin Avrupa A\u00e7\u0131k Deniz R\u00fczgar Tedarik Zincirine Entegrasyonu, R\u00fczgar T\u00fcrbinlerinin Verimli Ya\u015fam D\u00f6ng\u00fcs\u00fcn\u00fc Nas\u0131l Sa\u011flar\u0131z? Yeni Teknolojilerin ve Saha Uygulamalar\u0131n\u0131n Uyarlanmas\u0131, Enerji Depolaman\u0131n potansiyelinin Ortaya \u00c7\u0131kar\u0131lmas\u0131: Yenilikler, Piyasa Trendleri ve Depolaman\u0131n Yenilenebilir Enerji Kaynaklar\u0131yla Entegrasyonu, Depolama Entegre R\u00fczgar Enerjisi Santrallerine Y\u00f6nelik Finansman ve Sigorta Hizmetlerine Eri\u015fim, Yenilenebilir Enerjinin Gelece\u011fini Y\u00f6nlendirmek: Ak\u0131ll\u0131 \u015eebeke, Enerji Y\u00f6netim Sistemleri, HVDC ve Power-to-X \u00c7\u00f6z\u00fcmleri, G\u00f6r\u00fcnmeyeni \u00d6l\u00e7mek: Geli\u015fmi\u015f A\u00e7\u0131k Deniz R\u00fczgar \u00d6l\u00e7\u00fcm Teknolojileri ve En \u0130yi Uygulamalar, Elektrik ve Karbon Ticareti Yoluyla De\u011ferin Maksimuma \u00c7\u0131kar\u0131lmas\u0131: Stratejiler, Piyasalar ve Politika \u00c7er\u00e7eveleri, Gelece\u011fi Depolamak: Enerji Depolama Teknolojilerindeki Geli\u015fmeler ve Zorluklar.<\/p>\n<p>T\u00dcREK 2024 oturumlar\u0131, sekt\u00f6r\u00fcn \u00f6nde gelen uzmanlar\u0131 ve kanaat \u00f6nderleri taraf\u0131ndan y\u00f6netilecek ve t\u00fcm oturumlar, r\u00fczgar enerjisi sekt\u00f6r\u00fcndeki son teknolojik geli\u015fmeler, yat\u0131r\u0131m f\u0131rsatlar\u0131, s\u00fcrd\u00fcr\u00fclebilirlik ve daha fazlas\u0131 \u00fczerine heyecan verici konular\u0131 kapsayacak. Oturumlarda ayr\u0131ca r\u00fczgar enerjisinin T\u00fcrkiye\u2019nin enerji portf\u00f6y\u00fcndeki rol\u00fcne odaklan\u0131lacak ve sekt\u00f6rdeki en son projeler ve stratejiler incelenecek.<\/p>\n<p>Ge\u00e7ti\u011fimiz y\u0131l 26 \u00fclkeden 4.358 kat\u0131l\u0131mc\u0131y\u0131 a\u011f\u0131rlayan T\u00dcREK, r\u00fczgar sekt\u00f6r\u00fc i\u00e7in etkin bir uluslararas\u0131 bulu\u015fma noktas\u0131 da oldu. Toplam 163 B2B toplant\u0131n\u0131n ger\u00e7ekle\u015ftirildi\u011fi ve i\u015f birliklerinin g\u00fc\u00e7lendirildi\u011fi T\u00dcREK 2023\u2019te, 131 konu\u015fmac\u0131, sekt\u00f6rdeki en son trendleri ve gelecek projeksiyonlar\u0131n\u0131 payla\u015ft\u0131.<\/p>","protected":false},"excerpt":{"rendered":"<p>Sorry, this entry is only available in Turkish. For the sake of viewer convenience, the content is shown below in the alternative language. You may click the link to switch the active language. T\u00fcrkiye r\u00fczgar enerjisi sekt\u00f6r\u00fcndeki en son geli\u015fme ve f\u0131rsatlar\u0131n hem \u00fclkemiz hem de de\u011fi\u015fen d\u00fcnya perspektifinden ele al\u0131naca\u011f\u0131 T\u00dcREK 2024, 5-6 Kas\u0131m [&hellip;]<\/p>\n","protected":false},"author":1,"featured_media":192729,"comment_status":"open","ping_status":"open","sticky":false,"template":"","format":"standard","meta":[],"categories":[53,50],"tags":[115470,5320,115469],"views":28,"_links":{"self":[{"href":"https:\/\/www.enerjigazetesi.ist\/en\/wp-json\/wp\/v2\/posts\/192727"}],"collection":[{"href":"https:\/\/www.enerjigazetesi.ist\/en\/wp-json\/wp\/v2\/posts"}],"about":[{"href":"https:\/\/www.enerjigazetesi.ist\/en\/wp-json\/wp\/v2\/types\/post"}],"author":[{"embeddable":true,"href":"https:\/\/www.enerjigazetesi.ist\/en\/wp-json\/wp\/v2\/users\/1"}],"replies":[{"embeddable":true,"href":"https:\/\/www.enerjigazetesi.ist\/en\/wp-json\/wp\/v2\/comments?post=192727"}],"version-history":[{"count":0,"href":"https:\/\/www.enerjigazetesi.ist\/en\/wp-json\/wp\/v2\/posts\/192727\/revisions"}],"wp:featuredmedia":[{"embeddable":true,"href":"https:\/\/www.enerjigazetesi.ist\/en\/wp-json\/wp\/v2\/media\/192729"}],"wp:attachment":[{"href":"https:\/\/www.enerjigazetesi.ist\/en\/wp-json\/wp\/v2\/media?parent=192727"}],"wp:term":[{"taxonomy":"category","embeddable":true,"href":"https:\/\/www.enerjigazetesi.ist\/en\/wp-json\/wp\/v2\/categories?post=192727"},{"taxonomy":"post_tag","embeddable":true,"href":"https:\/\/www.enerjigazetesi.ist\/en\/wp-json\/wp\/v2\/tags?post=192727"}],"curies":[{"name":"wp","href":"https:\/\/api.w.org\/{rel}","templated":true}]}}