{"id":19272,"date":"2013-12-12T16:41:29","date_gmt":"2013-12-12T13:41:29","guid":{"rendered":"https:\/\/www.enerjigazetesi.ist\/?p=19272"},"modified":"2013-12-12T16:41:29","modified_gmt":"2013-12-12T13:41:29","slug":"biyogaz-posasindan-sentetik-petrol-uretilecek","status":"publish","type":"post","link":"https:\/\/www.enerjigazetesi.ist\/en\/biyogaz-posasindan-sentetik-petrol-uretilecek\/","title":{"rendered":"(Turkish) Biyogaz Posas\u0131ndan Sentetik Petrol \u00dcretilecek&#8230;"},"content":{"rendered":"<p class=\"qtranxs-available-languages-message qtranxs-available-languages-message-en\">Sorry, this entry is only available in <a href=\"https:\/\/www.enerjigazetesi.ist\/tr\/wp-json\/wp\/v2\/posts\/19272\" class=\"qtranxs-available-language-link qtranxs-available-language-link-tr\" title=\"Turkish\">Turkish<\/a>. For the sake of viewer convenience, the content is shown below in the alternative language. You may click the link to switch the active language.<\/p><p><strong>Altaca Enerji Y\u00f6netim Kurulu Ba\u015fkan\u0131 Hasan Alper \u00d6no\u011flu, at\u0131klar\u0131 de\u011ferlendirerek biyogaz \u00fcretimi yapt\u0131klar\u0131 tesisteki posay\u0131 kullanarak sentetik petrol \u00fcretimine ba\u015flayacaklar\u0131n\u0131 belirtti. M\u00dcS\u0130AD taraf\u0131ndan Bodrum`da bir otelde d\u00fczenlenen Enerji ve \u00c7evre Sekt\u00f6r Zirvesi`nde konu\u015fan Altaca Enerji ve \u00c7evre Teknolojileri Y\u00f6netim Kurulu Ba\u015fkan\u0131 Hasan Alper \u00d6no\u011flubiyogaz tesisiden \u00e7\u0131kan posay\u0131, teknolojisi kendilerine ait katalitik s\u0131v\u0131la\u015ft\u0131rma teknolojisi ile sentetik petrole d\u00f6n\u00fc\u015ft\u00fcreceklerini a\u00e7\u0131klad\u0131.<a href=\"https:\/\/www.enerjigazetesi.ist\/wp-content\/uploads\/2013\/12\/biyogaz-posasindan-sentetik-petrol-uretilecek.jpg\"><img loading=\"lazy\" class=\"alignright size-medium wp-image-19273\" title=\"biyogaz-posasindan-sentetik-petrol-uretilecek\" src=\"https:\/\/www.enerjigazetesi.ist\/wp-content\/uploads\/2013\/12\/biyogaz-posasindan-sentetik-petrol-uretilecek-300x206.jpg\" alt=\"\" width=\"300\" height=\"206\" srcset=\"https:\/\/www.enerjigazetesi.ist\/wp-content\/uploads\/2013\/12\/biyogaz-posasindan-sentetik-petrol-uretilecek-300x206.jpg 300w, https:\/\/www.enerjigazetesi.ist\/wp-content\/uploads\/2013\/12\/biyogaz-posasindan-sentetik-petrol-uretilecek-72x50.jpg 72w, https:\/\/www.enerjigazetesi.ist\/wp-content\/uploads\/2013\/12\/biyogaz-posasindan-sentetik-petrol-uretilecek.jpg 466w\" sizes=\"(max-width: 300px) 100vw, 300px\" \/><\/a><\/strong><\/p>\n<p>Grup olarak at\u0131k konusunda geli\u015ftirdikleri \u00f6nemli teknolojiler oldu\u011funu kaydeden \u00d6no\u011flu, \u0130lk kez yerli teknolojiyle y\u00fcksek s\u0131cakl\u0131kta \u00e7al\u0131\u015fan y\u00fcksek verimli ve at\u0131klar\u0131 enerjiye d\u00f6n\u00fc\u015ft\u00fcren yerli biyogaz teknolojisi geli\u015ftirdiklerini s\u00f6yledi. \u00d6no\u011flu, &#8220;G\u00f6nen`de de bu ama\u00e7la 2,2 megavatl\u0131k bir tesisi devreye ald\u0131k. \u015eu anda \u00e7al\u0131\u015fmalar devam ediyor. Elektrik \u00fcretimi de ocak ay\u0131 i\u00e7inde ba\u015flayacak. Bu, yerli teknoloji ile yap\u0131lm\u0131\u015f, T\u00fcrkiye`nin en b\u00fcy\u00fck biyogaz tesisi. 4 megavata kadar kapasitesini art\u0131raca\u011f\u0131z&#8221; dedi.<\/p>\n<p><strong>\u00c7IKAN POSA SENTET\u0130K PETROLE D\u00d6N\u00dc\u015eT\u00dcR\u00dcLECEK<\/strong><br \/>\n\u00d6no\u011flu, kurduklar\u0131 tesis ile b\u00fcy\u00fckba\u015f hayvan g\u00fcbresi, pirin\u00e7 sap\u0131 ve fabrikalar\u0131n \u00e7e\u015fitli g\u0131da at\u0131klar\u0131n\u0131 de\u011ferlendirdiklerini anlatt\u0131. Projeye T\u00dcB\u0130TAK`\u0131n da destek verdi\u011fini vurgulayan Hasan Alper \u00d6no\u011flu, fabrikadan \u00e7\u0131kan posay\u0131, teknolojisi kendilerine ait katalitik s\u0131v\u0131la\u015ft\u0131rma teknolojisi ile sentetik petrole d\u00f6n\u00fc\u015ft\u00fcreceklerini a\u00e7\u0131klad\u0131.<\/p>\n<p>Sentetik petrol\u00fc \u00fcretecek fabrikan\u0131n yat\u0131r\u0131m\u0131n\u0131n da devam etti\u011fine de\u011finen \u00d6no\u011flu, &#8220;Bu bir deneme tesisi. 2014 y\u0131l\u0131nda tamamlayaca\u011f\u0131z. Bu da devrim niteli\u011finde \u00e7ok \u00f6zel bir proje olacak. O da G\u00f6nen`de devreye girmi\u015f olacak&#8221; dedi.<\/p>\n<p><strong>TEKNOLOJ\u0130 D\u00dcNYADA B\u0130R \u0130LK<\/strong><br \/>\nTeknolojinin patentinin kendilerine ait oldu\u011funu anlatan \u00d6no\u011flu, \u015f\u00f6yle konu\u015ftu:&#8221;Bu \u00e7al\u0131\u015fma at\u0131klar\u0131 s\u0131v\u0131la\u015ft\u0131r\u0131p sentetik petrol \u00fcreten teknoloji d\u00fcnyada bir ilk. Memleketimiz a\u00e7\u0131s\u0131ndan \u00e7ok b\u00fcy\u00fck kazan\u0131m ve prestij meselesi olacak. \u0130n\u015fallah T\u00fcrkiye`de y\u00fczlerce fabrika kurulup bu fabrikalarla petrol ihtiyac\u0131m\u0131z\u0131n bir k\u0131sm\u0131n\u0131n sa\u011flanmas\u0131 m\u00fcmk\u00fcn olacak. Binlerce ki\u015fiye istihdam sa\u011flanacak. T\u00fcrkiye art\u0131k y\u00fcksek teknoloji ile i\u015flem yapan ayn\u0131 zamanda da \u00e7evreyi koruyan bir \u00fclke konumuna gelecek.&#8221;<\/p>\n<p>Kaynak: <a href=\"http:\/\/enerjigunlugu.net\/biyogaz-posasindan-sentetik-petrol-uretilecek_6054.html\" target=\"_blank\">Enerji G\u00fcnl\u00fc\u011f\u00fc<\/a><\/p>","protected":false},"excerpt":{"rendered":"<p>Sorry, this entry is only available in Turkish. For the sake of viewer convenience, the content is shown below in the alternative language. You may click the link to switch the active language.Altaca Enerji Y\u00f6netim Kurulu Ba\u015fkan\u0131 Hasan Alper \u00d6no\u011flu, at\u0131klar\u0131 de\u011ferlendirerek biyogaz \u00fcretimi yapt\u0131klar\u0131 tesisteki posay\u0131 kullanarak sentetik petrol \u00fcretimine ba\u015flayacaklar\u0131n\u0131 belirtti. M\u00dcS\u0130AD taraf\u0131ndan [&hellip;]<\/p>\n","protected":false},"author":1,"featured_media":19273,"comment_status":"open","ping_status":"open","sticky":false,"template":"","format":"standard","meta":[],"categories":[53,44],"tags":[11209,11213,11214,11207,19,63,67,1009,165,11211,11210,11212,11215,11208,846],"views":994,"_links":{"self":[{"href":"https:\/\/www.enerjigazetesi.ist\/en\/wp-json\/wp\/v2\/posts\/19272"}],"collection":[{"href":"https:\/\/www.enerjigazetesi.ist\/en\/wp-json\/wp\/v2\/posts"}],"about":[{"href":"https:\/\/www.enerjigazetesi.ist\/en\/wp-json\/wp\/v2\/types\/post"}],"author":[{"embeddable":true,"href":"https:\/\/www.enerjigazetesi.ist\/en\/wp-json\/wp\/v2\/users\/1"}],"replies":[{"embeddable":true,"href":"https:\/\/www.enerjigazetesi.ist\/en\/wp-json\/wp\/v2\/comments?post=19272"}],"version-history":[{"count":1,"href":"https:\/\/www.enerjigazetesi.ist\/en\/wp-json\/wp\/v2\/posts\/19272\/revisions"}],"predecessor-version":[{"id":19274,"href":"https:\/\/www.enerjigazetesi.ist\/en\/wp-json\/wp\/v2\/posts\/19272\/revisions\/19274"}],"wp:featuredmedia":[{"embeddable":true,"href":"https:\/\/www.enerjigazetesi.ist\/en\/wp-json\/wp\/v2\/media\/19273"}],"wp:attachment":[{"href":"https:\/\/www.enerjigazetesi.ist\/en\/wp-json\/wp\/v2\/media?parent=19272"}],"wp:term":[{"taxonomy":"category","embeddable":true,"href":"https:\/\/www.enerjigazetesi.ist\/en\/wp-json\/wp\/v2\/categories?post=19272"},{"taxonomy":"post_tag","embeddable":true,"href":"https:\/\/www.enerjigazetesi.ist\/en\/wp-json\/wp\/v2\/tags?post=19272"}],"curies":[{"name":"wp","href":"https:\/\/api.w.org\/{rel}","templated":true}]}}