{"id":192668,"date":"2024-10-28T16:00:28","date_gmt":"2024-10-28T13:00:28","guid":{"rendered":"https:\/\/www.enerjigazetesi.ist\/?p=192668"},"modified":"2024-10-28T16:00:28","modified_gmt":"2024-10-28T13:00:28","slug":"schneider-electric-manisa-vergi-rekortmenleri-listesinde-3-uncu-sirada","status":"publish","type":"post","link":"https:\/\/www.enerjigazetesi.ist\/en\/schneider-electric-manisa-vergi-rekortmenleri-listesinde-3-uncu-sirada\/","title":{"rendered":"(Turkish) &#8217;Schneider Electric&#8217; Manisa Vergi Rekortmenleri Listesinde 3&#8217;\u00fcnc\u00fc S\u0131rada"},"content":{"rendered":"<p class=\"qtranxs-available-languages-message qtranxs-available-languages-message-en\">Sorry, this entry is only available in <a href=\"https:\/\/www.enerjigazetesi.ist\/tr\/wp-json\/wp\/v2\/posts\/192668\" class=\"qtranxs-available-language-link qtranxs-available-language-link-tr\" title=\"Turkish\">Turkish<\/a>. For the sake of viewer convenience, the content is shown below in the alternative language. You may click the link to switch the active language.<\/p><p><\/p>\n<h2>Enerji y\u00f6netimi ve otomasyonun dijital d\u00f6n\u00fc\u015f\u00fcm\u00fcnde lider olan Schneider Electric, T\u00fcrkiye ekonomisine katk\u0131 sa\u011flamaya devam ediyor. Manisa Defterdarl\u0131\u011f\u0131\u2019n\u0131n 2023 y\u0131l\u0131 vergilendirme d\u00f6nemine ili\u015fkin kurumlar vergisi beyannamelerinin de\u011ferlendirilmesi sonucunda Schneider Electric, Manisa\u2019da en fazla vergi beyan eden \u00fc\u00e7\u00fcnc\u00fc m\u00fckellef olarak vergi rekortmenleri listesinde yer ald\u0131. Bu ba\u015far\u0131, Schneider Electric&#8217;in s\u00fcrd\u00fcr\u00fclebilir b\u00fcy\u00fcme ve topluma katk\u0131 odakl\u0131 y\u00f6netim anlay\u0131\u015f\u0131n\u0131n bir g\u00f6stergesi olarak dikkat \u00e7ekiyor.<\/h2>\n<p style=\"text-align: center;\"><img loading=\"lazy\" class=\"aligncenter wp-image-192670\" src=\"https:\/\/www.enerjigazetesi.ist\/wp-content\/uploads\/2024\/10\/schneider-electric-manisa-vergi-rekortmenleri-listesinde-3-uncu-sirada.jpg\" alt=\"\" width=\"500\" height=\"334\" srcset=\"https:\/\/www.enerjigazetesi.ist\/wp-content\/uploads\/2024\/10\/schneider-electric-manisa-vergi-rekortmenleri-listesinde-3-uncu-sirada.jpg 550w, https:\/\/www.enerjigazetesi.ist\/wp-content\/uploads\/2024\/10\/schneider-electric-manisa-vergi-rekortmenleri-listesinde-3-uncu-sirada-300x200.jpg 300w, https:\/\/www.enerjigazetesi.ist\/wp-content\/uploads\/2024\/10\/schneider-electric-manisa-vergi-rekortmenleri-listesinde-3-uncu-sirada-500x334.jpg 500w, https:\/\/www.enerjigazetesi.ist\/wp-content\/uploads\/2024\/10\/schneider-electric-manisa-vergi-rekortmenleri-listesinde-3-uncu-sirada-75x50.jpg 75w, https:\/\/www.enerjigazetesi.ist\/wp-content\/uploads\/2024\/10\/schneider-electric-manisa-vergi-rekortmenleri-listesinde-3-uncu-sirada-450x300.jpg 450w\" sizes=\"(max-width: 500px) 100vw, 500px\" \/><\/p>\n<p><strong>Schneider Electric T\u00fcrkiye ve Orta Asya B\u00f6lge Ba\u015fkan\u0131 \u0130smail Yamangil<\/strong>, \u015firketin bu ba\u015far\u0131s\u0131na ili\u015fkin olarak \u015fu de\u011ferlendirmelerde bulundu:<\/p>\n<p><em>\u201cSchneider Electric olarak, s\u00fcrd\u00fcr\u00fclebilir b\u00fcy\u00fcmeyi ve topluma katk\u0131 sa\u011flamay\u0131 i\u015f yap\u0131\u015f \u015feklimizin merkezine koyuyoruz. Manisa\u2019daki fabrikam\u0131zla, b\u00f6lgeye ekonomik a\u00e7\u0131dan de\u011fer katman\u0131n yan\u0131 s\u0131ra s\u00fcrd\u00fcr\u00fclebilirlik hedeflerimiz do\u011frultusunda \u00e7evreye duyarl\u0131 projelere de imza at\u0131yoruz. 2023 vergi rekortmenleri aras\u0131nda yer almam\u0131z, uzun vadeli b\u00fcy\u00fcme stratejimizin bir yans\u0131mas\u0131d\u0131r. T\u00fcrkiye\u2019ye b\u00fcy\u00fck \u00f6nem veriyor, yat\u0131r\u0131mlara ve de\u011fer yaratmaya devam ediyoruz. Bu ba\u015far\u0131da eme\u011fi ge\u00e7en t\u00fcm \u00e7al\u0131\u015fanlar\u0131m\u0131za ve i\u015f ortaklar\u0131m\u0131za te\u015fekk\u00fcr ediyorum.\u201d<\/em><\/p>\n<h3><strong>\u00c7evre Dostu \u00c7\u00f6z\u00fcmlerle B\u00f6lgeye Katk\u0131 Sa\u011fl\u0131yor<\/strong><\/h3>\n<p>Schneider Electric, Manisa\u2019daki \u00fcretim tesislerinde enerji verimlili\u011fi ve \u00e7evre dostu \u00e7\u00f6z\u00fcmleri \u00f6n planda tutarak, T\u00fcrkiye ekonomisine ve b\u00f6lgeye olan katk\u0131lar\u0131n\u0131 art\u0131rmay\u0131 hedefliyor. Kurumlar vergisi alan\u0131ndaki ba\u015far\u0131s\u0131 ise bu sorumluluk bilincinin ve s\u00fcrd\u00fcr\u00fclebilir y\u00f6netim anlay\u0131\u015f\u0131n\u0131n g\u00fc\u00e7l\u00fc bir g\u00f6stergesi olarak \u00f6ne \u00e7\u0131k\u0131yor.<\/p>\n<p>Schneider Electric\u2019in Manisa Fabrikas\u0131, hem \u00fcr\u00fcn hem de ekipman aktivitesi baz\u0131nda Avrupa&#8217;daki ETO (Engineering to Order) klasman\u0131nda Avrupa\u2019n\u0131n ilk ve tek \u201cAk\u0131ll\u0131 Fabrikas\u0131\u201d olma \u00f6zelli\u011fine sahip \u00fcretim tesisi olarak \u00f6ne \u00e7\u0131k\u0131yor. Orta gerilim h\u00fccrelerinin y\u00fczde 70\u2019ini ihra\u00e7 eden fabrika, Manisa\u2019da ihracat s\u0131ralamas\u0131nda da \u00fc\u00e7\u00fcnc\u00fc oldu. Ayn\u0131 zamanda T\u00fcrkiye&#8217;de \u201cin-use\u201d kategorisinde BREEAM Ye\u015fil Bina Sertifikas\u0131 almaya hak kazanan ilk fabrika binas\u0131 olan Manisa Fabrikas\u0131, enerjisinin bir k\u0131sm\u0131n\u0131 g\u00fcne\u015f panellerinden sa\u011fl\u0131yor.<\/p>","protected":false},"excerpt":{"rendered":"<p>Sorry, this entry is only available in Turkish. For the sake of viewer convenience, the content is shown below in the alternative language. You may click the link to switch the active language. Enerji y\u00f6netimi ve otomasyonun dijital d\u00f6n\u00fc\u015f\u00fcm\u00fcnde lider olan Schneider Electric, T\u00fcrkiye ekonomisine katk\u0131 sa\u011flamaya devam ediyor. Manisa Defterdarl\u0131\u011f\u0131\u2019n\u0131n 2023 y\u0131l\u0131 vergilendirme d\u00f6nemine [&hellip;]<\/p>\n","protected":false},"author":1,"featured_media":192670,"comment_status":"open","ping_status":"open","sticky":false,"template":"","format":"standard","meta":[],"categories":[51,53,52],"tags":[2191,4157,115450],"views":27,"_links":{"self":[{"href":"https:\/\/www.enerjigazetesi.ist\/en\/wp-json\/wp\/v2\/posts\/192668"}],"collection":[{"href":"https:\/\/www.enerjigazetesi.ist\/en\/wp-json\/wp\/v2\/posts"}],"about":[{"href":"https:\/\/www.enerjigazetesi.ist\/en\/wp-json\/wp\/v2\/types\/post"}],"author":[{"embeddable":true,"href":"https:\/\/www.enerjigazetesi.ist\/en\/wp-json\/wp\/v2\/users\/1"}],"replies":[{"embeddable":true,"href":"https:\/\/www.enerjigazetesi.ist\/en\/wp-json\/wp\/v2\/comments?post=192668"}],"version-history":[{"count":0,"href":"https:\/\/www.enerjigazetesi.ist\/en\/wp-json\/wp\/v2\/posts\/192668\/revisions"}],"wp:featuredmedia":[{"embeddable":true,"href":"https:\/\/www.enerjigazetesi.ist\/en\/wp-json\/wp\/v2\/media\/192670"}],"wp:attachment":[{"href":"https:\/\/www.enerjigazetesi.ist\/en\/wp-json\/wp\/v2\/media?parent=192668"}],"wp:term":[{"taxonomy":"category","embeddable":true,"href":"https:\/\/www.enerjigazetesi.ist\/en\/wp-json\/wp\/v2\/categories?post=192668"},{"taxonomy":"post_tag","embeddable":true,"href":"https:\/\/www.enerjigazetesi.ist\/en\/wp-json\/wp\/v2\/tags?post=192668"}],"curies":[{"name":"wp","href":"https:\/\/api.w.org\/{rel}","templated":true}]}}