{"id":192635,"date":"2024-10-21T16:42:03","date_gmt":"2024-10-21T13:42:03","guid":{"rendered":"https:\/\/www.enerjigazetesi.ist\/?p=192635"},"modified":"2024-10-21T16:43:22","modified_gmt":"2024-10-21T13:43:22","slug":"en-yakit-aydin-denizli-otoyolunun-ilk-sarj-istasyonunu-hizmete-acti","status":"publish","type":"post","link":"https:\/\/www.enerjigazetesi.ist\/en\/en-yakit-aydin-denizli-otoyolunun-ilk-sarj-istasyonunu-hizmete-acti\/","title":{"rendered":"(Turkish) &#8217;EN YAKIT&#8217; Ayd\u0131n-Denizli Otoyolu&#8217;nun \u0130lk \u015earj \u0130stasyonunu Hizmete A\u00e7t\u0131"},"content":{"rendered":"<p class=\"qtranxs-available-languages-message qtranxs-available-languages-message-en\">Sorry, this entry is only available in <a href=\"https:\/\/www.enerjigazetesi.ist\/tr\/wp-json\/wp\/v2\/posts\/192635\" class=\"qtranxs-available-language-link qtranxs-available-language-link-tr\" title=\"Turkish\">Turkish<\/a>. For the sake of viewer convenience, the content is shown below in the alternative language. You may click the link to switch the active language.<\/p><p><\/p>\n<h2><strong>Ara\u00e7 sahiplerinin taleplerini dikkate alan EN YAKIT, do\u011fa dostu ula\u015f\u0131m\u0131n kesintiye u\u011framamas\u0131 i\u00e7in \u015farj istasyonu olmayan rotalarda her g\u00fcn yeni bir istasyon a\u00e7\u0131yor. Ankara-Ni\u011fde Otoyolu\u2019ndaki \u015farj \u00e7ilesini bitiren EN YAKIT, bu kez Ayd\u0131n-Denizli Otoyolu&#8217;nun ilk \u015farj istasyonunu hizmete a\u00e7t\u0131.<\/strong><\/h2>\n<p style=\"text-align: center;\"><img loading=\"lazy\" class=\"aligncenter wp-image-192637\" src=\"https:\/\/www.enerjigazetesi.ist\/wp-content\/uploads\/2024\/10\/en-yakit-aydin-denizli-otoyolunun-ilk-sarj-istasyonunu-hizmete-acti.jpg\" alt=\"\" width=\"500\" height=\"382\" srcset=\"https:\/\/www.enerjigazetesi.ist\/wp-content\/uploads\/2024\/10\/en-yakit-aydin-denizli-otoyolunun-ilk-sarj-istasyonunu-hizmete-acti.jpg 550w, https:\/\/www.enerjigazetesi.ist\/wp-content\/uploads\/2024\/10\/en-yakit-aydin-denizli-otoyolunun-ilk-sarj-istasyonunu-hizmete-acti-300x229.jpg 300w, https:\/\/www.enerjigazetesi.ist\/wp-content\/uploads\/2024\/10\/en-yakit-aydin-denizli-otoyolunun-ilk-sarj-istasyonunu-hizmete-acti-500x382.jpg 500w, https:\/\/www.enerjigazetesi.ist\/wp-content\/uploads\/2024\/10\/en-yakit-aydin-denizli-otoyolunun-ilk-sarj-istasyonunu-hizmete-acti-65x50.jpg 65w, https:\/\/www.enerjigazetesi.ist\/wp-content\/uploads\/2024\/10\/en-yakit-aydin-denizli-otoyolunun-ilk-sarj-istasyonunu-hizmete-acti-260x200.jpg 260w\" sizes=\"(max-width: 500px) 100vw, 500px\" \/><\/p>\n<p>T\u00fcrkiye&#8217;nin ilk elektrikli \u015farj i\u015fletmecisi lisans\u0131na sahip EN YAKIT, g\u00fcnden g\u00fcne art\u0131rd\u0131\u011f\u0131 elektrikli ara\u00e7 \u015farj istasyonlar\u0131yla do\u011fa dostu ula\u015f\u0131m\u0131n kesintiye u\u011framas\u0131na izin vermiyor. Elektrikli ara\u00e7 sahiplerinin taleplerini dikkate alarak \u015farj istasyonu kurulumu yapan EN YAKIT bu kez Ayd\u0131n-Denizli Otoyolu&#8217;nda ilk istasyonunu a\u00e7t\u0131. Ayd\u0131n-Denizli Otoyolu\u2019nun 96. kilometresindeki Sarayk\u00f6y mevkiinde bulunan otoyol hizmet tesisinde kurulan \u015farj istasyonlar\u0131 otoyolun iki taraf\u0131nda da faaliyet g\u00f6steriyor. A\u00e7\u0131lan istasyonlar ayn\u0131 zamanda bu otoyolda kurulumu yap\u0131lan ilk \u015farj istasyonu olma \u00f6zelli\u011fini ta\u015f\u0131yor.<\/p>\n<h3><strong>\u015eARJSIZ ROTALARA Y\u00d6NELD\u0130<\/strong><\/h3>\n<p>EN YAKIT, ge\u00e7en hafta da elektrikli ara\u00e7 sahiplerinin, T\u00fcrkiye\u2019nin en yeni otoyollar\u0131ndan biri olan 330 kilometrelik Ankara- Ni\u011fde Otoyolu\u2019ndaki \u015farj \u00e7ilesine son vermi\u015fti. Ara\u00e7 sahiplerinin sesine kulak veren EN YAKIT, otoyolun Ankara-Adana istikametinin 47. kilometresinde de kar\u015f\u0131l\u0131kl\u0131 ilk elektrikli \u015farj istasyonunu hizmete a\u00e7m\u0131\u015ft\u0131. S\u00fcrekli ihtiya\u00e7 olan noktalara y\u00f6nelerek o b\u00f6lgelere \u015farj istasyonlar\u0131 kuran EN YAKIT, bu \u00e7abas\u0131n\u0131n sonucunu \u201cEn Sevilen \u015earj Markas\u0131\u201d liginde k\u0131sa s\u00fcrede ikinci s\u0131raya oturarak alm\u0131\u015ft\u0131.<\/p>\n<h3><strong>T\u00dcKET\u0130C\u0130Y\u0130 D\u0130NL\u0130YORUZ<\/strong><\/h3>\n<div id=\"attachment_192638\" style=\"width: 510px\" class=\"wp-caption aligncenter\"><img aria-describedby=\"caption-attachment-192638\" loading=\"lazy\" class=\"wp-image-192638\" src=\"https:\/\/www.enerjigazetesi.ist\/wp-content\/uploads\/2024\/10\/en-yakit-aydin-denizli-otoyolunun-ilk-sarj-istasyonunu-hizmete-acti-1.jpg\" alt=\"\" width=\"500\" height=\"309\" srcset=\"https:\/\/www.enerjigazetesi.ist\/wp-content\/uploads\/2024\/10\/en-yakit-aydin-denizli-otoyolunun-ilk-sarj-istasyonunu-hizmete-acti-1.jpg 550w, https:\/\/www.enerjigazetesi.ist\/wp-content\/uploads\/2024\/10\/en-yakit-aydin-denizli-otoyolunun-ilk-sarj-istasyonunu-hizmete-acti-1-300x185.jpg 300w, https:\/\/www.enerjigazetesi.ist\/wp-content\/uploads\/2024\/10\/en-yakit-aydin-denizli-otoyolunun-ilk-sarj-istasyonunu-hizmete-acti-1-500x309.jpg 500w, https:\/\/www.enerjigazetesi.ist\/wp-content\/uploads\/2024\/10\/en-yakit-aydin-denizli-otoyolunun-ilk-sarj-istasyonunu-hizmete-acti-1-80x50.jpg 80w\" sizes=\"(max-width: 500px) 100vw, 500px\" \/><p id=\"caption-attachment-192638\" class=\"wp-caption-text\">EN YAKIT Genel M\u00fcd\u00fcr\u00fc Tayfun \u015eenses<\/p><\/div>\n<p>T\u00fcrkiye&#8217;nin tamam\u0131n\u0131 kapsama hedefine do\u011fru h\u0131zla ilerlediklerini belirten <strong>EN YAKIT Genel M\u00fcd\u00fcr\u00fc Tayfun \u015eenses<\/strong> <em>\u201cAra\u00e7 sahiplerinin sesine her zaman kulak veriyoruz. Baz\u0131 otoyollarda bir\u00e7ok dinlenme tesisi olmas\u0131na ra\u011fmen ara\u00e7 sahipleri \u015farj s\u0131k\u0131nt\u0131s\u0131 nedeniyle bu otoyollar\u0131 kullanam\u0131yorlar. Farkl\u0131 g\u00fczergahlar \u00fczerinden yola devam etmek zorunda kal\u0131yorlar. Bu y\u00fczden biz \u015farj hizmet noktalar\u0131m\u0131z\u0131 t\u00fcketicinin eri\u015femedi\u011fi noktalara ta\u015f\u0131yoruz\u201d<\/em> dedi.<\/p>\n<h3><strong>HEDEF T\u00dcM T\u00dcRK\u0130YE<\/strong><\/h3>\n<p>\u015eenses, EN YAKIT olarak T\u00fcrkiye\u2019nin d\u00f6rt bir yan\u0131n\u0131, tamam\u0131 Y\u00fcksek H\u0131zl\u0131 (DC) \u015farj istasyonlar\u0131yla kapsamaya devam edeceklerini s\u00f6yledi. Edirne\u2019den Cizre\u2019ye, Samsun\u2019dan Antalya\u2019ya elektrikli ara\u00e7 kullan\u0131c\u0131lar\u0131na kesintisiz hizmet verdiklerine belirten Tayfun \u015eenses<em> \u201cM\u00fc\u015fterilerimizin tercih etti\u011fi lokasyonlarda kurulum yapmay\u0131 hep \u00f6ncelikli hale getirdik\u201d<\/em> dedi.<\/p>","protected":false},"excerpt":{"rendered":"<p>Sorry, this entry is only available in Turkish. For the sake of viewer convenience, the content is shown below in the alternative language. You may click the link to switch the active language. Ara\u00e7 sahiplerinin taleplerini dikkate alan EN YAKIT, do\u011fa dostu ula\u015f\u0131m\u0131n kesintiye u\u011framamas\u0131 i\u00e7in \u015farj istasyonu olmayan rotalarda her g\u00fcn yeni bir istasyon [&hellip;]<\/p>\n","protected":false},"author":1,"featured_media":192637,"comment_status":"open","ping_status":"open","sticky":false,"template":"","format":"standard","meta":[],"categories":[51,53],"tags":[115437,115438,215,76503,25757,115436,5742,113324],"views":23,"_links":{"self":[{"href":"https:\/\/www.enerjigazetesi.ist\/en\/wp-json\/wp\/v2\/posts\/192635"}],"collection":[{"href":"https:\/\/www.enerjigazetesi.ist\/en\/wp-json\/wp\/v2\/posts"}],"about":[{"href":"https:\/\/www.enerjigazetesi.ist\/en\/wp-json\/wp\/v2\/types\/post"}],"author":[{"embeddable":true,"href":"https:\/\/www.enerjigazetesi.ist\/en\/wp-json\/wp\/v2\/users\/1"}],"replies":[{"embeddable":true,"href":"https:\/\/www.enerjigazetesi.ist\/en\/wp-json\/wp\/v2\/comments?post=192635"}],"version-history":[{"count":0,"href":"https:\/\/www.enerjigazetesi.ist\/en\/wp-json\/wp\/v2\/posts\/192635\/revisions"}],"wp:featuredmedia":[{"embeddable":true,"href":"https:\/\/www.enerjigazetesi.ist\/en\/wp-json\/wp\/v2\/media\/192637"}],"wp:attachment":[{"href":"https:\/\/www.enerjigazetesi.ist\/en\/wp-json\/wp\/v2\/media?parent=192635"}],"wp:term":[{"taxonomy":"category","embeddable":true,"href":"https:\/\/www.enerjigazetesi.ist\/en\/wp-json\/wp\/v2\/categories?post=192635"},{"taxonomy":"post_tag","embeddable":true,"href":"https:\/\/www.enerjigazetesi.ist\/en\/wp-json\/wp\/v2\/tags?post=192635"}],"curies":[{"name":"wp","href":"https:\/\/api.w.org\/{rel}","templated":true}]}}