{"id":19253,"date":"2013-12-12T13:07:07","date_gmt":"2013-12-12T10:07:07","guid":{"rendered":"https:\/\/www.enerjigazetesi.ist\/?p=19253"},"modified":"2013-12-12T13:07:07","modified_gmt":"2013-12-12T10:07:07","slug":"trakya-cam-ile-isi-tasarrufu-bilinci","status":"publish","type":"post","link":"https:\/\/www.enerjigazetesi.ist\/en\/trakya-cam-ile-isi-tasarrufu-bilinci\/","title":{"rendered":"(Turkish) Trakya Cam \u0130le Is\u0131 Tasarrufu Bilinci&#8230;"},"content":{"rendered":"<p class=\"qtranxs-available-languages-message qtranxs-available-languages-message-en\">Sorry, this entry is only available in <a href=\"https:\/\/www.enerjigazetesi.ist\/tr\/wp-json\/wp\/v2\/posts\/19253\" class=\"qtranxs-available-language-link qtranxs-available-language-link-tr\" title=\"Turkish\">Turkish<\/a>. For the sake of viewer convenience, the content is shown below in the alternative language. You may click the link to switch the active language.<\/p><p><strong>Trakya Cam, enerji tasarrufunun \u00f6nemini toplumun her kesimine anlatmak amac\u0131yla, \u2018Is\u0131cam Konfor Tasarruf Akademisi\u2019ni kurdu. \u00c7evrenin korunmas\u0131 ve temiz bir d\u00fcnya i\u00e7in mevcut enerjinin verimli kullan\u0131lmas\u0131n\u0131n \u00f6nemine dikkat \u00e7eken Trakya Cam, kurdu\u011fu \u2018Is\u0131cam Konfor Tasarruf Akademisi\u2019 ile b\u00fcy\u00fck oranda enerji ithalat\u00e7\u0131s\u0131 olan \u00fclkemizde bireysel tasarrufu toplumsal kazanca d\u00f6n\u00fc\u015ft\u00fcrmeyi ama\u00e7l\u0131yor.<\/strong><\/p>\n<p><strong>AKADEM\u0130 8 \u0130LDE E\u011eLEND\u0130R\u0130RKEN \u00d6\u011eRET\u0130YOR<\/strong><br \/>\nTasarruf bilincinin toplumun her kesimine yerle\u015fmesi i\u00e7in \u00e7ocuklara aktar\u0131lacak bilginin b\u00fcy\u00fck \u00f6nem ta\u015f\u0131d\u0131\u011f\u0131ndan hareketle, e\u011flendirirken \u00f6\u011freten Is\u0131cam Konfor Tasarruf Akademisi\u2019ni kuran Trakya Cam, Aral\u0131k 2013 ile \u015eubat 2014 d\u00f6neminde, 8 ildeki al\u0131\u015fveri\u015f merkezlerinde \u00e7e\u015fitli etkinlikler d\u00fczenliyor.<a href=\"https:\/\/www.enerjigazetesi.ist\/wp-content\/uploads\/2013\/12\/trakya-cam-ile-isi-tasarrufu-bilinci.jpg\"><img loading=\"lazy\" class=\"alignright size-medium wp-image-19254\" title=\"trakya-cam-ile-isi-tasarrufu-bilinci\" src=\"https:\/\/www.enerjigazetesi.ist\/wp-content\/uploads\/2013\/12\/trakya-cam-ile-isi-tasarrufu-bilinci-300x200.jpg\" alt=\"\" width=\"300\" height=\"200\" srcset=\"https:\/\/www.enerjigazetesi.ist\/wp-content\/uploads\/2013\/12\/trakya-cam-ile-isi-tasarrufu-bilinci-300x200.jpg 300w, https:\/\/www.enerjigazetesi.ist\/wp-content\/uploads\/2013\/12\/trakya-cam-ile-isi-tasarrufu-bilinci-74x50.jpg 74w, https:\/\/www.enerjigazetesi.ist\/wp-content\/uploads\/2013\/12\/trakya-cam-ile-isi-tasarrufu-bilinci.jpg 416w\" sizes=\"(max-width: 300px) 100vw, 300px\" \/><\/a><\/p>\n<p>Is\u0131cam Konfor Tasarruf Akademisi kapsam\u0131nda, ailelerle birlikte \u00e7ocuklara y\u00f6nelik birbirinden farkl\u0131 e\u011flenceli aktivitelerin yer ald\u0131\u011f\u0131 etkinliklerin ilki ise 7-8 Aral\u0131k tarihlerinde \u0130stanbul Optimum Al\u0131\u015fveri\u015f Merkezi\u2019nde ger\u00e7ekle\u015ftirildi. Di\u011fer etkinlikler s\u0131ras\u0131yla \u0130stanbul\u2019da <strong>14-15 Aral\u0131k<\/strong> \u0130stinye Park\u2019ta, <strong>21-22 Aral\u0131k<\/strong> Nautilus\u2019ta, <strong>28-29 Aral\u0131k<\/strong> Marmara Park ve Kocaeli Gebze Center\u2019da; <strong>11-12 Ocak<\/strong> Ankara Kent Park ve Armada \u2019da, <strong>18-19 Ocak<\/strong> Eski\u015fehir Neo Plus ve Samsun Piazza AVM\u2019de, <strong>25-26 Ocak<\/strong> Kayseri Forum\u2019da, <strong>1-2 \u015eubat<\/strong> Adana M1\u2019de ve son olarak <strong>8-9 \u015eubat<\/strong> Antalya Terracity\u2019de yap\u0131lacak.<\/p>\n<p><strong>\u00c7OCUKLARA TEOR\u0130K VE PRAT\u0130K E\u011e\u0130T\u0130M, A\u0130LELERE \u2018ISI T\u00dcNEL\u0130 TEST\u0130\u2019<\/strong><br \/>\nProje kapsam\u0131nda; al\u0131\u015fveri\u015f merkezlerindeki Is\u0131cam Konfor Tasarruf Akademisi\u2019ne gelen ailelerin her saat ba\u015f\u0131 d\u00fczenlenen etkinliklere kat\u0131labilmek i\u00e7in kar\u015f\u0131lama bankosunda kay\u0131t yapt\u0131rmas\u0131 yeterli oluyor. Cumartesi-Pazar g\u00fcnleri saat 12.00\u2019de ba\u015flayan etkinliklerin her seans\u0131 ise 45 dakika s\u00fcr\u00fcyor.<\/p>\n<p>Is\u0131cam Konfor Tasarruf Akademisi\u2019nde minikler enerji tasarrufu konusunda verilen teorik ve pratik e\u011fitimle e\u011flenceli vakit ge\u00e7irirken, aileler ise etkinlik s\u00fcresince bekleme alan\u0131nda dinlenerek, \u2018Is\u0131cam Konfor Is\u0131 T\u00fcneli\u2019nde test yapma f\u0131rsat\u0131 yakal\u0131yor. Is\u0131cam Konfor test t\u00fcneli ile Is\u0131cam Konfor etkisini birebir fark etmek m\u00fcmk\u00fcn oluyor. Akademi t\u00fcm AVM ziyaret\u00e7ilerine a\u00e7\u0131k olarak tan\u0131t\u0131mlar\u0131na devam ediyor.<\/p>\n<p><strong>AKADEM\u0130DEN SERT\u0130F\u0130KA ALARAK MEZUN OLUYORLAR<\/strong><br \/>\nTrakya Cam\u2019\u0131n etkinli\u011fine kat\u0131lan minik misafirlere verilen e\u011fitimlerde \u201ctasarruf nedir, neden ve nas\u0131l yap\u0131l\u0131r, enerji nedir, d\u00fcnyam\u0131zdaki enerji kaynaklar\u0131 nelerdir, enerji tasarrufu \u00fclkemize ve ailemize ve bize ne kazand\u0131r\u0131r, evimizde nas\u0131l enerji tasarrufu yapar\u0131z, evimizi nas\u0131l \u0131s\u0131t\u0131yoruz, evimizdeki \u0131s\u0131y\u0131 nas\u0131l koruruz, cam nedir, hangi maddeden yap\u0131l\u0131r, camlar\u0131n evimizdeki \u00f6nemi nedir, neden yal\u0131t\u0131m camlar\u0131na ihtiya\u00e7 duyulmu\u015ftur, Is\u0131cam Konfor neden farkl\u0131d\u0131r\u201d ba\u015fl\u0131klar\u0131 alt\u0131nda \u00e7e\u015fitli konular i\u015fleniyor.<\/p>\n<p>Is\u0131cam Konfor Tasarruf Akademisi\u2019nde ald\u0131klar\u0131 e\u011fitim sonucunda \u00f6\u011frendiklerini yapt\u0131klar\u0131 resimlerle anlatan minikler daha sonra legolarla binalar, modern \u015fehirler in\u015fa ediyor. E\u011fitimi tamamlayan minikler, Is\u0131cam Konfor Tasarruf Akademisi\u2019nden mezuniyet sertifikalar\u0131n\u0131 al\u0131rken, kepleriyle birlikte mezuniyet resimlerini de \u00e7ektirebiliyor.<\/p>\n<p><strong>HEM A\u0130LE B\u00dcT\u00c7ES\u0130NE HEM DE \u00dcLKE EKONOM\u0130S\u0130NE KATKI<\/strong><br \/>\nTrakya Cam\u2019\u0131n verdi\u011fi bilgilere g\u00f6re; T\u00fcrkiye\u2019de kullan\u0131lan toplam enerjinin \u00fc\u00e7te biri binalarda t\u00fcketiliyor. Binalardaki \u0131s\u0131 kay\u0131plar\u0131n\u0131n %30\u2019u ise pencerelerden kaynaklan\u0131yor. Enerji tasarrufu sa\u011flamayan camlar nedeniyle meydana gelen enerji kayb\u0131n\u0131n \u00fclke ekonomisine maliyeti ise y\u0131lda 5 milyar TL\u2019yi buluyor. Bu durum enerji tasarrufu a\u00e7\u0131s\u0131ndan cam\u0131n \u00f6nemini bir kez daha ortaya koyuyor. Trakya Cam, tasarruf bilincinin art\u0131r\u0131lmas\u0131yla sadece aile b\u00fct\u00e7esine de\u011fil, \u00fclke ekonomisine de \u00f6nemli katk\u0131 sa\u011flanmas\u0131n\u0131 hedefliyor.<\/p>\n<p>Kaynak: <a href=\"http:\/\/enerjigunlugu.net\/trakya-cam-ile-isi-tasarrufu-bilinci_6044.html\" target=\"_blank\">Enerji G\u00fcnl\u00fc\u011f\u00fc<\/a><\/p>","protected":false},"excerpt":{"rendered":"<p>Sorry, this entry is only available in Turkish. For the sake of viewer convenience, the content is shown below in the alternative language. You may click the link to switch the active language.Trakya Cam, enerji tasarrufunun \u00f6nemini toplumun her kesimine anlatmak amac\u0131yla, \u2018Is\u0131cam Konfor Tasarruf Akademisi\u2019ni kurdu. \u00c7evrenin korunmas\u0131 ve temiz bir d\u00fcnya i\u00e7in mevcut [&hellip;]<\/p>\n","protected":false},"author":1,"featured_media":19254,"comment_status":"open","ping_status":"open","sticky":false,"template":"","format":"standard","meta":[],"categories":[53,52],"tags":[11197,63,67,1009,3079,165,103,11195,5725,11196,3080,11198,9542],"views":929,"_links":{"self":[{"href":"https:\/\/www.enerjigazetesi.ist\/en\/wp-json\/wp\/v2\/posts\/19253"}],"collection":[{"href":"https:\/\/www.enerjigazetesi.ist\/en\/wp-json\/wp\/v2\/posts"}],"about":[{"href":"https:\/\/www.enerjigazetesi.ist\/en\/wp-json\/wp\/v2\/types\/post"}],"author":[{"embeddable":true,"href":"https:\/\/www.enerjigazetesi.ist\/en\/wp-json\/wp\/v2\/users\/1"}],"replies":[{"embeddable":true,"href":"https:\/\/www.enerjigazetesi.ist\/en\/wp-json\/wp\/v2\/comments?post=19253"}],"version-history":[{"count":1,"href":"https:\/\/www.enerjigazetesi.ist\/en\/wp-json\/wp\/v2\/posts\/19253\/revisions"}],"predecessor-version":[{"id":19255,"href":"https:\/\/www.enerjigazetesi.ist\/en\/wp-json\/wp\/v2\/posts\/19253\/revisions\/19255"}],"wp:featuredmedia":[{"embeddable":true,"href":"https:\/\/www.enerjigazetesi.ist\/en\/wp-json\/wp\/v2\/media\/19254"}],"wp:attachment":[{"href":"https:\/\/www.enerjigazetesi.ist\/en\/wp-json\/wp\/v2\/media?parent=19253"}],"wp:term":[{"taxonomy":"category","embeddable":true,"href":"https:\/\/www.enerjigazetesi.ist\/en\/wp-json\/wp\/v2\/categories?post=19253"},{"taxonomy":"post_tag","embeddable":true,"href":"https:\/\/www.enerjigazetesi.ist\/en\/wp-json\/wp\/v2\/tags?post=19253"}],"curies":[{"name":"wp","href":"https:\/\/api.w.org\/{rel}","templated":true}]}}