{"id":192498,"date":"2024-10-14T16:23:15","date_gmt":"2024-10-14T13:23:15","guid":{"rendered":"https:\/\/www.enerjigazetesi.ist\/?p=192498"},"modified":"2024-10-14T16:23:15","modified_gmt":"2024-10-14T13:23:15","slug":"beta-enerji-halka-arz-icin-spk-ya-basvurdu","status":"publish","type":"post","link":"https:\/\/www.enerjigazetesi.ist\/en\/beta-enerji-halka-arz-icin-spk-ya-basvurdu\/","title":{"rendered":"(Turkish) &#8217;Beta Enerji&#8217; Halka Arz \u0130\u00e7in SPK\u2019ya Ba\u015fvurdu"},"content":{"rendered":"<p class=\"qtranxs-available-languages-message qtranxs-available-languages-message-en\">Sorry, this entry is only available in <a href=\"https:\/\/www.enerjigazetesi.ist\/tr\/wp-json\/wp\/v2\/posts\/192498\" class=\"qtranxs-available-language-link qtranxs-available-language-link-tr\" title=\"Turkish\">Turkish<\/a>. For the sake of viewer convenience, the content is shown below in the alternative language. You may click the link to switch the active language.<\/p><p><\/p>\n<h2><strong>\u00dclkemizin \u00f6nc\u00fc transformat\u00f6r markalar\u0131ndan Beta Enerji, \u015firket paylar\u0131n\u0131n halka arz\u0131 kapsam\u0131nda izahname onay\u0131 i\u00e7in Sermaye Piyasas\u0131 Kurulu\u2019na (SPK) ba\u015fvurdu.<\/strong><\/h2>\n<p style=\"text-align: center;\"><img loading=\"lazy\" class=\"aligncenter wp-image-192500\" src=\"https:\/\/www.enerjigazetesi.ist\/wp-content\/uploads\/2024\/10\/beta-enerji-halka-arz-icin-spk-ya-basvurdu.jpg\" alt=\"\" width=\"500\" height=\"281\" srcset=\"https:\/\/www.enerjigazetesi.ist\/wp-content\/uploads\/2024\/10\/beta-enerji-halka-arz-icin-spk-ya-basvurdu.jpg 550w, https:\/\/www.enerjigazetesi.ist\/wp-content\/uploads\/2024\/10\/beta-enerji-halka-arz-icin-spk-ya-basvurdu-300x169.jpg 300w, https:\/\/www.enerjigazetesi.ist\/wp-content\/uploads\/2024\/10\/beta-enerji-halka-arz-icin-spk-ya-basvurdu-500x281.jpg 500w, https:\/\/www.enerjigazetesi.ist\/wp-content\/uploads\/2024\/10\/beta-enerji-halka-arz-icin-spk-ya-basvurdu-80x45.jpg 80w\" sizes=\"(max-width: 500px) 100vw, 500px\" \/><\/p>\n<p>Elektrifikasyon sekt\u00f6r\u00fcnde ihtisasla\u015fm\u0131\u015f yap\u0131s\u0131yla \u00f6ne \u00e7\u0131kan ve T\u00fcrkiye\u2019nin \u00f6nde gelen transformat\u00f6r \u00fcreticilerinden Beta Enerji, \u015firket paylar\u0131n\u0131n halka arz\u0131 kapsam\u0131nda izahname onay\u0131 i\u00e7in Sermaye Piyasas\u0131 Kurulu\u2019na (SPK) ba\u015fvurdu. T\u00fcrkiye S\u0131nai Kalk\u0131nma Bankas\u0131&#8217;n\u0131n (TSKB) liderli\u011fini ve Yat\u0131r\u0131m Finansman Menkul De\u011ferler&#8217;in (YF) e\u015f liderli\u011fini \u00fcstlendi\u011fi halka arzda, 47 milyon 250 bin TL nominal de\u011ferli paylar sermaye art\u0131r\u0131m\u0131, 5 milyon 250 bin TL nominal de\u011ferli paylar ortak sat\u0131\u015f\u0131 \u015feklinde olmak \u00fczere toplam 52 milyon 500 bin TL nominal de\u011ferli paylar, sabit fiyatla talep toplama ve en iyi gayret arac\u0131l\u0131\u011f\u0131 y\u00f6ntemiyle sat\u0131\u015fa sunulacak.<\/p>\n<h3><strong>\u201cY\u0131ll\u0131k Da\u011f\u0131t\u0131labilir Kar\u0131m\u0131z\u0131n Asgari %30&#8217;unu Yat\u0131r\u0131mc\u0131lar\u0131m\u0131za Temett\u00fc Olarak Da\u011f\u0131tmay\u0131 Hedefliyoruz\u201d<\/strong><\/h3>\n<div id=\"attachment_192501\" style=\"width: 510px\" class=\"wp-caption aligncenter\"><img aria-describedby=\"caption-attachment-192501\" loading=\"lazy\" class=\"wp-image-192501\" src=\"https:\/\/www.enerjigazetesi.ist\/wp-content\/uploads\/2024\/10\/beta-enerji-halka-arz-icin-spk-ya-basvurdu-1.jpg\" alt=\"\" width=\"500\" height=\"355\" srcset=\"https:\/\/www.enerjigazetesi.ist\/wp-content\/uploads\/2024\/10\/beta-enerji-halka-arz-icin-spk-ya-basvurdu-1.jpg 550w, https:\/\/www.enerjigazetesi.ist\/wp-content\/uploads\/2024\/10\/beta-enerji-halka-arz-icin-spk-ya-basvurdu-1-300x213.jpg 300w, https:\/\/www.enerjigazetesi.ist\/wp-content\/uploads\/2024\/10\/beta-enerji-halka-arz-icin-spk-ya-basvurdu-1-500x355.jpg 500w, https:\/\/www.enerjigazetesi.ist\/wp-content\/uploads\/2024\/10\/beta-enerji-halka-arz-icin-spk-ya-basvurdu-1-70x50.jpg 70w\" sizes=\"(max-width: 500px) 100vw, 500px\" \/><p id=\"caption-attachment-192501\" class=\"wp-caption-text\">Beta Enerji \u0130cra Kurulu Ba\u015fkan\u0131 ve Genel M\u00fcd\u00fcr\u00fc Ahmet \u00dcnal<\/p><\/div>\n<p>Beta Enerji olarak yeni bir d\u00f6nemin ba\u015f\u0131nda olduklar\u0131n\u0131 belirten <strong>Beta Enerji \u0130cra Kurulu Ba\u015fkan\u0131 ve Genel M\u00fcd\u00fcr\u00fc Ahmet \u00dcnal,<\/strong> <em>\u201cBeta Enerji\u2019yi y\u00fczy\u0131llar boyu ya\u015fayan global bir marka haline getirmeyi istiyoruz. Bu hedefimiz do\u011frultusunda \u00f6nemli bir kilometre ta\u015f\u0131 olarak de\u011ferlendirdi\u011fimiz halka arz i\u00e7in ilk ad\u0131m\u0131m\u0131z\u0131 att\u0131k. Halka arzla beraber kurumsall\u0131\u011f\u0131m\u0131z\u0131 \u00fcst seviyelere ta\u015f\u0131may\u0131, \u015feffafl\u0131k ve s\u00fcrd\u00fcr\u00fclebilirlik ilkelerini g\u00fc\u00e7l\u00fc \u015fekilde uygulamay\u0131, marka bilinirlili\u011fimizi peki\u015ftirmeyi hedefliyoruz. Halka arzdan elde edece\u011fimiz gelirle yeni yat\u0131r\u0131mlar\u0131m\u0131z\u0131 finanse ederek bu yat\u0131r\u0131mlar\u0131m\u0131z\u0131 h\u0131zla tamamlamay\u0131, daha y\u00fcksek \u00fcretim kapasitesine eri\u015fmeyi, katma de\u011ferli yeni \u00fcr\u00fcn \u00fcretiminde art\u0131\u015f sa\u011flamay\u0131 ve i\u015fletme sermayemizi g\u00fc\u00e7lendirmeyi planl\u0131yoruz. Bu do\u011frultuda \u015firketimizin sekt\u00f6rdeki konumunu daha da yukar\u0131 ta\u015f\u0131yaca\u011f\u0131m\u0131za inan\u0131yoruz. Y\u0131ll\u0131k da\u011f\u0131t\u0131labilir kar\u0131m\u0131z\u0131n asgari %30&#8217;unu temett\u00fc olarak da\u011f\u0131tmay\u0131 hedefliyoruz. Beta Enerji olarak b\u00fcy\u00fcme yolculu\u011fumuza ortak etmeyi istedi\u011fimiz yat\u0131r\u0131mc\u0131lar\u0131m\u0131za b\u00f6ylece daha fazla de\u011fer sa\u011flamay\u0131 ama\u00e7l\u0131yoruz. \u00dclke ekonomisine ve istihdam\u0131na, \u00e7al\u0131\u015fanlar\u0131m\u0131za ve t\u00fcm payda\u015flar\u0131m\u0131za daha fazla katk\u0131 sa\u011flamak i\u00e7in \u00e7al\u0131\u015fmaya devam edece\u011fiz\u201d<\/em> dedi.<\/p>\n<h3><strong>\u201cY\u0131l\u0131n \u0130lk Yar\u0131s\u0131nda Yakla\u015f\u0131k 1.435,1 Milyon TL Ciro Elde Ettik\u201d<\/strong><\/h3>\n<p>\u015eirketin bug\u00fcnk\u00fc konumu ve gelecek hedefleri hakk\u0131nda da bilgi veren \u00dcnal, \u015f\u00f6yle konu\u015ftu: <em>\u201cAdana Hac\u0131 Sabanc\u0131 Organize Sanayi B\u00f6lgesi\u2019nde yakla\u015f\u0131k 22 bin 680 metrekare kapal\u0131 alan olmak \u00fczere toplamda yakla\u015f\u0131k 63 bin 680 metrekare alanda farkl\u0131 tip g\u00fc\u00e7 ve gerilimlerde ya\u011fl\u0131 ve kuru tip da\u011f\u0131t\u0131m transformat\u00f6r\u00fc, g\u00fc\u00e7 transformat\u00f6r\u00fc ve k\u00f6\u015fk \u00fcretimine devam ediyoruz. Adana&#8217;daki tesislerimizin yan\u0131 s\u0131ra Almanya, Ukrayna ve Amerika b\u00f6lgelerinde de da\u011f\u0131t\u0131m a\u011f\u0131na sahibiz. Yurt i\u00e7i sat\u0131\u015flar\u0131m\u0131z\u0131n yan\u0131 s\u0131ra kuruldu\u011fumuz g\u00fcnden bu yana 80\u2019den fazla \u00fclkeye ihracat ger\u00e7ekle\u015ftirdik, \u00fclkemize d\u00f6viz girdisi sa\u011flad\u0131k. 2023 y\u0131l\u0131nda bir \u00f6nceki y\u0131la g\u00f6re yakla\u015f\u0131k %45,2 art\u0131\u015f ile yakla\u015f\u0131k 3.143,7 milyon TL ciro elde ettik. 2024 y\u0131l\u0131n\u0131n ilk 6 ay\u0131nda ise ciromuz yakla\u015f\u0131k 1.435,1 milyon TL olarak ger\u00e7ekle\u015fti. Ayn\u0131 d\u00f6nemde sat\u0131\u015flar\u0131m\u0131z\u0131n yakla\u015f\u0131k %57&#8217;sini yurt i\u00e7i, %43&#8217;\u00fcn\u00fc ise yurt d\u0131\u015f\u0131 sat\u0131\u015flar\u0131m\u0131z olu\u015fturdu. Br\u00fct kar\u0131m\u0131z yakla\u015f\u0131k 619,1 milyon TL, br\u00fct kar marj\u0131m\u0131z ise yakla\u015f\u0131k %43,1 olarak ger\u00e7ekle\u015fti. \u00dcr\u00fcnlerimize olan talep, maliyet kontrol\u00fcm\u00fcz, Ar-Ge ile \u00fcr\u00fcn \u00e7e\u015fitlili\u011fini ve \u00fcretim kapasitemizi art\u0131rmam\u0131z ve d\u0131\u015f pazarlara y\u00f6nelmemiz br\u00fct kar marj\u0131m\u0131z\u0131 art\u0131rmada etkili oldu.<\/em><\/p>\n<p><em>Stratejik i\u015f hedeflerimizi, hem yurt i\u00e7i hem de yurt d\u0131\u015f\u0131nda marka bilinirli\u011fi ve penetrasyonunun art\u0131r\u0131lmas\u0131, yurt d\u0131\u015f\u0131 pazarlarda b\u00fcy\u00fcme, operasyonel m\u00fckemmellik ve m\u00fc\u015fteri memnuniyeti, \u00fcr\u00fcn portf\u00f6y\u00fcn\u00fcn geni\u015fletilmesi, \u00fcretim kapasitesinin art\u0131r\u0131lmas\u0131 ve s\u00fcrd\u00fcr\u00fclebilirlik olarak belirledik. Avrupa, Amerika ve Afrika ba\u015fta olmak \u00fczere yurt d\u0131\u015f\u0131 pazarlardaki pay\u0131m\u0131z\u0131 art\u0131rmay\u0131 hedefliyoruz. Operasyonel m\u00fckemmelli\u011fe odaklanarak m\u00fc\u015fteri ili\u015fkileri y\u00f6netiminden sat\u0131\u015f sonras\u0131 deste\u011fe kadar olan t\u00fcm s\u00fcre\u00e7lerde m\u00fc\u015fteri memnuniyetini art\u0131rmay\u0131 ve bununla ba\u011flant\u0131l\u0131 olarak pazar pay\u0131nda art\u0131\u015f sa\u011flamay\u0131 ama\u00e7l\u0131yoruz. Y\u00fcksek Gerilim anahtarlama \u00fcniteleri ve daha y\u00fcksek g\u00fc\u00e7te g\u00fc\u00e7 transformat\u00f6rleri gibi yeni \u00fcr\u00fcn kategorilerine yat\u0131r\u0131m yaparak \u00fcr\u00fcn portf\u00f6y\u00fcn\u00fc geni\u015fletmek de hedeflerimiz aras\u0131nda yer al\u0131yor.<\/em><\/p>\n<h3><strong>\u201c\u00dcretim Kapasitemizin En Az 3 Kat Artaca\u011f\u0131n\u0131 \u00d6ng\u00f6r\u00fcyoruz\u201d<\/strong><\/h3>\n<p><em>B\u00fcy\u00fcme hedeflerimiz do\u011frultusunda artan talebi kar\u015f\u0131lamak i\u00e7in yeni bir fabrika yat\u0131r\u0131m\u0131na da ba\u015flad\u0131k. Adana&#8217;da yakla\u015f\u0131k 115 bin 155 metrekare b\u00fcy\u00fckl\u00fc\u011fe sahip Yeni \u00dcretim Tesisi i\u00e7in \u00e7al\u0131\u015fmalara devam ediyoruz. Tek \u00e7at\u0131 alt\u0131nda Avrupa&#8217;n\u0131n en b\u00fcy\u00fck enerji ve teknoloji kamp\u00fcslerinden biri olmas\u0131 hedeflenen yeni tesisimizin yakla\u015f\u0131k 65 bin metrekaresini \u00fcretim tesisi, yakla\u015f\u0131k 20 bin metrekaresini ise \u00e7al\u0131\u015fan mutlulu\u011funa odaklanan sosyal alanlar olarak planlad\u0131k. Fabrikam\u0131z\u0131n in\u015faat i\u015flemlerinin ve makine kurulumlar\u0131n\u0131n 2025 y\u0131l\u0131 i\u00e7erisinde tamamlanmas\u0131n\u0131 ve 2026 y\u0131l\u0131n\u0131n sonlar\u0131nda ise fabrikam\u0131z\u0131n tam kapasite kullan\u0131ma haz\u0131r hale gelmesini \u00f6ng\u00f6r\u00fcyoruz. Yeni fabrikam\u0131z\u0131n devreye al\u0131nmas\u0131yla birlikte \u00fcretim kapasitemizin en az 3 kat artmas\u0131n\u0131 hedefliyoruz\u201d<\/em><\/p>\n<p>\u0130novasyona verdikleri \u00f6nem \u00e7er\u00e7evesinde 2017 y\u0131l\u0131nda Ar-Ge Merkezlerini kurduklar\u0131n\u0131 belirten \u00dcnal, <em>&#8220;Bug\u00fcne kadar 29 Ar-Ge projesini tamamlad\u0131k ve 11 Ar-Ge projesi i\u00e7in de \u00e7al\u0131\u015fmalar devam ediyor. Ar-Ge \u00e7al\u0131\u015fmalar\u0131nda katma de\u011feri y\u00fcksek \u00fcr\u00fcnlere odaklan\u0131yoruz. Bununla beraber T\u00dcRKAK taraf\u0131ndan akredite edilmi\u015f bir deney laboratuvar\u0131m\u0131z da bulunuyor. Akredite laboratuvar\u0131m\u0131zda ulusal, uluslararas\u0131 standartlar, i\u015fletme-i\u00e7i metotlar kullanarak \u00e7ok say\u0131da testi ger\u00e7ekle\u015ftirebiliyoruz\u201d<\/em> diye konu\u015ftu.<\/p>\n<p>S\u00fcrd\u00fcr\u00fclebilirli\u011fi \u00f6n plana ald\u0131klar\u0131n\u0131 ifade eden \u00dcnal, yenilenebilir enerji yat\u0131r\u0131mlar\u0131 yapmay\u0131, \u00e7evre dostu uygulamalar\u0131 benimsemeyi ve \u00e7al\u0131\u015fanlar ba\u015fta olmak \u00fczere t\u00fcm payda\u015flar\u0131n\u0131n memnuniyetini art\u0131rmay\u0131 ama\u00e7layan bir strateji uygulad\u0131klar\u0131n\u0131 belirtti. \u00dcnal,<em> \u201cFabrikalar\u0131m\u0131z\u0131n enerji ihtiyac\u0131n\u0131n yakla\u015f\u0131k %80\u2019ini 1,5 MW\u2019l\u0131k GES\u2019lerimiz ile kar\u015f\u0131l\u0131yoruz. Yat\u0131r\u0131m\u0131 devam eden Yeni \u00dcretim Tesisi\u2019nde de yakla\u015f\u0131k 8 MW kapasiteye sahip GES hayata ge\u00e7irmeyi hedefliyoruz. B\u00f6ylece t\u00fcm enerji ihtiyac\u0131m\u0131z\u0131 kendi \u00fcretti\u011fimiz yenilenebilir enerjiden kar\u015f\u0131lamay\u0131 planl\u0131yoruz. \u00c7evreye duyarl\u0131 ve s\u00fcrd\u00fcr\u00fclebilirlik kriterlerine uyumlu olarak hayata ge\u00e7irmeyi planlad\u0131\u011f\u0131m\u0131z Yeni \u00dcretim Tesisi yat\u0131r\u0131m\u0131m\u0131z\u0131n LEED (Leadership in Energy and Environmental Design) sertifikas\u0131na uyumlu olmas\u0131 i\u00e7in \u00e7al\u0131\u015fmalara ba\u015flad\u0131k. Bununla beraber kurumsal karbon ayak izi (ISO 14064-1) standard\u0131 \u00e7er\u00e7evesinde 2022 y\u0131l\u0131na ait karbon ayak izi raporlamas\u0131n\u0131 tamamlay\u0131p Almanya merkezli do\u011frulay\u0131c\u0131 kurulu\u015f (DAkkS) taraf\u0131ndan akrediteli olarak do\u011frulamas\u0131n\u0131 yapt\u0131rd\u0131k. 2030 y\u0131l\u0131na kadar emisyon miktar\u0131nda yakla\u015f\u0131k %30 azalt\u0131m hedefliyoruz. Kullan\u0131lan ambalaj malzemelerinin tamam\u0131n\u0131 geri d\u00f6n\u00fc\u015ft\u00fcr\u00fclebilir hale getirmeyi, su t\u00fcketimini 2023-2025 y\u0131llar\u0131 aras\u0131nda yakla\u015f\u0131k %15, 2025-2030 aras\u0131nda ise yakla\u015f\u0131k %20 azaltmay\u0131 planl\u0131yoruz\u201d<\/em> dedi.<\/p>","protected":false},"excerpt":{"rendered":"<p>Sorry, this entry is only available in Turkish. For the sake of viewer convenience, the content is shown below in the alternative language. You may click the link to switch the active language. \u00dclkemizin \u00f6nc\u00fc transformat\u00f6r markalar\u0131ndan Beta Enerji, \u015firket paylar\u0131n\u0131n halka arz\u0131 kapsam\u0131nda izahname onay\u0131 i\u00e7in Sermaye Piyasas\u0131 Kurulu\u2019na (SPK) ba\u015fvurdu. Elektrifikasyon sekt\u00f6r\u00fcnde ihtisasla\u015fm\u0131\u015f [&hellip;]<\/p>\n","protected":false},"author":1,"featured_media":192500,"comment_status":"open","ping_status":"open","sticky":false,"template":"","format":"standard","meta":[],"categories":[51,53],"tags":[113812,115394,19389,115395,84616],"views":24,"_links":{"self":[{"href":"https:\/\/www.enerjigazetesi.ist\/en\/wp-json\/wp\/v2\/posts\/192498"}],"collection":[{"href":"https:\/\/www.enerjigazetesi.ist\/en\/wp-json\/wp\/v2\/posts"}],"about":[{"href":"https:\/\/www.enerjigazetesi.ist\/en\/wp-json\/wp\/v2\/types\/post"}],"author":[{"embeddable":true,"href":"https:\/\/www.enerjigazetesi.ist\/en\/wp-json\/wp\/v2\/users\/1"}],"replies":[{"embeddable":true,"href":"https:\/\/www.enerjigazetesi.ist\/en\/wp-json\/wp\/v2\/comments?post=192498"}],"version-history":[{"count":0,"href":"https:\/\/www.enerjigazetesi.ist\/en\/wp-json\/wp\/v2\/posts\/192498\/revisions"}],"wp:featuredmedia":[{"embeddable":true,"href":"https:\/\/www.enerjigazetesi.ist\/en\/wp-json\/wp\/v2\/media\/192500"}],"wp:attachment":[{"href":"https:\/\/www.enerjigazetesi.ist\/en\/wp-json\/wp\/v2\/media?parent=192498"}],"wp:term":[{"taxonomy":"category","embeddable":true,"href":"https:\/\/www.enerjigazetesi.ist\/en\/wp-json\/wp\/v2\/categories?post=192498"},{"taxonomy":"post_tag","embeddable":true,"href":"https:\/\/www.enerjigazetesi.ist\/en\/wp-json\/wp\/v2\/tags?post=192498"}],"curies":[{"name":"wp","href":"https:\/\/api.w.org\/{rel}","templated":true}]}}